{"id":6370,"date":"2025-07-13T10:28:30","date_gmt":"2025-07-13T13:28:30","guid":{"rendered":"https:\/\/grandepremio.com\/es\/2025\/07\/13\/sauber-afirma-hulkenberg-quitado-peso-encima-podio-silverstone\/"},"modified":"2025-07-13T10:28:34","modified_gmt":"2025-07-13T13:28:34","slug":"sauber-afirma-hulkenberg-quitado-peso-encima-podio-silverstone","status":"publish","type":"post","link":"https:\/\/grandepremio.com\/es\/f1\/sauber-afirma-hulkenberg-quitado-peso-encima-podio-silverstone\/","title":{"rendered":"Sauber afirma que H\u00fclkenberg &#8220;se ha quitado un peso de encima&#8221; con el podio en Silverstone"},"content":{"rendered":"\n<p class=\"wp-block-paragraph\">Debieron pasar nada menos que 239 carreras para que <strong>Nico H\u00fclkenberg<\/strong> se subiera al podio la pasada semana en el <strong>GP de Gran Breta\u00f1a<\/strong> de la <strong>F\u00f3rmula 1<\/strong>, algo que fue muy celebrado por todo el paddock de la categor\u00eda y, obviamente, por el equipo <strong>Sauber<\/strong>, que cort\u00f3 una racha de doce a\u00f1os sin podios.<\/p>\n\n\n\n<p class=\"wp-block-paragraph\">\ud83d\udfe5&nbsp;<strong><em>\u00a1Todas las novedades te esperan en el canal de&nbsp;<\/em><\/strong><a href=\"https:\/\/www.youtube.com\/@GrandePremioES\"><em>YouTube<\/em><\/a><strong><em>&nbsp;de Grande Pr\u00eamio en Espa\u00f1ol!<\/em><\/strong>&nbsp;\ud83d\udfe8<\/p>\n\n\n\n<p class=\"wp-block-paragraph\"><strong>Jonathan Wheatley,<\/strong> el jefe del equipo de <strong>Hinwil<\/strong>, habl\u00f3 despu\u00e9s de semejante logro y no ocult\u00f3 sus emociones: <strong>\u201cCreo que estaba casi en estado de shock cuando lo vi bajo el podio y habl\u00e9 con \u00e9l. Es un piloto extraordinario y es incre\u00edble que no tuviera ning\u00fan podio en su carrera\u201d.<\/strong><br><br><strong>\u201cSinceramente, creo que la gente en boxes estaba un poco tensa. No quiero descartar el hecho de que todav\u00eda somos un equipo nuevo, todav\u00eda nos estamos conociendo, creando confianza. Ya he estado en esta situaci\u00f3n antes y creo que lleva un tiempo hasta que todos se sienten completamente seguros\u201d, <\/strong>coment\u00f3 Wheatley al respecto.<\/p>\n\n\n\n<figure class=\"wp-block-embed is-type-video is-provider-youtube wp-block-embed-youtube wp-embed-aspect-16-9 wp-has-aspect-ratio\"><div class=\"wp-block-embed__wrapper\">\n<iframe loading=\"lazy\" title=\"\u00bfQU\u00c9 SUCEDER\u00c1 EN RED BULL TRAS LA SALIDA DE HORNER?\" width=\"500\" height=\"281\" src=\"https:\/\/www.youtube.com\/embed\/L8WbPj6D-TI?feature=oembed\" frameborder=\"0\" allow=\"accelerometer; autoplay; clipboard-write; encrypted-media; gyroscope; picture-in-picture; web-share\" referrerpolicy=\"strict-origin-when-cross-origin\" allowfullscreen><\/iframe>\n<\/div><\/figure>\n\n\n\n<p class=\"wp-block-paragraph\">Por \u00faltimo, se\u00f1al\u00f3 que lo que H\u00fclkenberg ha conseguido es un hito: <strong>\u201cHa demostrado de lo que es capaz\u201d<\/strong>. Con los 15 puntos del piloto alem\u00e1n, el equipo suizo trep\u00f3 al sexto puesto en el <strong>Mundial de Constructores<\/strong>, con 41 puntos, a 18 de <strong>Williams<\/strong>, que se ubica quinto. En la carrera de <strong>Silverstone<\/strong>, la escuder\u00eda vio abandonar al otro piloto, <strong>Gabriel Bortoleto<\/strong>.<\/p>\n\n\n\n<p class=\"wp-block-paragraph\">\u23e9 <em><strong>\u00a1Seguinos en redes por <\/strong><\/em><a href=\"https:\/\/twitter.com\/grandepremioES\"><em><u>Twitter <\/u><\/em><\/a><em><strong>e <\/strong><\/em><a href=\"https:\/\/www.instagram.com\/grandepremioes\/\"><em><u>Instagram!<br><\/u><\/em><\/a>\u23e9 <em><strong>Adem\u00e1s, tenemos nuestro <\/strong><\/em><a href=\"https:\/\/whatsapp.com\/channel\/0029VaDZ5zb0gcfDxuwxBM05\"><em><u>canal de Whatsapp<\/u><\/em><\/a><em><strong> con toda la informaci\u00f3n al instante<\/strong><\/em> \ud83c\udfc1<br><br>La F\u00f3rmula 1 vuelve del 25 al 27 de julio con el Gran Premio de B\u00e9lgica, que se disputar\u00e1 en el circuito de Spa Francorchamps. Cobertura de GRANDE PREMIO en Espa\u00f1ol.<\/p>\n","protected":false},"excerpt":{"rendered":"<p>El jefe del equipo de Sauber, Jonathan Wheatley, volvi\u00f3 a hablar del debut de Nico H\u00fclkenberg en el podio y celebr\u00f3 el logro del piloto alem\u00e1n en la F\u00f3rmula 1, ocurrido hace una semana en el GP de Gran Breta\u00f1a. <\/p>\n","protected":false},"author":0,"featured_media":1010351272,"comment_status":"closed","ping_status":"closed","sticky":false,"template":"","format":"standard","meta":{"42wp_featured_image_caption":"","42wp_featured_image_credits":"","42wp_featured_video":"","42wp_featured_image_hidden":false,"42wp_authors_list":[],"footnotes":""},"categories":[5],"tags":[179,4071,507,5483,2173,1203,486,497,480,204],"42wp_author":[14237],"class_list":["post-6370","post","type-post","status-publish","format-standard","has-post-thumbnail","hentry","category-f1","tag-formula-1","tag-gabriel-bortoleto","tag-gp-de-gran-bretana","tag-hinwil","tag-jonathan-wheatley","tag-mundial-de-constructores","tag-nico-hulkenberg","tag-sauber","tag-silverstone","tag-williams","42wp_author-gabriel-garcia"],"_links":{"self":[{"href":"https:\/\/grandepremio.com\/es\/wp-json\/wp\/v2\/posts\/6370","targetHints":{"allow":["GET"]}}],"collection":[{"href":"https:\/\/grandepremio.com\/es\/wp-json\/wp\/v2\/posts"}],"about":[{"href":"https:\/\/grandepremio.com\/es\/wp-json\/wp\/v2\/types\/post"}],"replies":[{"embeddable":true,"href":"https:\/\/grandepremio.com\/es\/wp-json\/wp\/v2\/comments?post=6370"}],"version-history":[{"count":0,"href":"https:\/\/grandepremio.com\/es\/wp-json\/wp\/v2\/posts\/6370\/revisions"}],"wp:featuredmedia":[{"embeddable":true,"href":"https:\/\/grandepremio.com\/es\/wp-json\/wp\/v2\/media\/1010351272"}],"wp:attachment":[{"href":"https:\/\/grandepremio.com\/es\/wp-json\/wp\/v2\/media?parent=6370"}],"wp:term":[{"taxonomy":"category","embeddable":true,"href":"https:\/\/grandepremio.com\/es\/wp-json\/wp\/v2\/categories?post=6370"},{"taxonomy":"post_tag","embeddable":true,"href":"https:\/\/grandepremio.com\/es\/wp-json\/wp\/v2\/tags?post=6370"},{"taxonomy":"42wp_author","embeddable":true,"href":"https:\/\/grandepremio.com\/es\/wp-json\/wp\/v2\/42wp_author?post=6370"}],"curies":[{"name":"wp","href":"https:\/\/api.w.org\/{rel}","templated":true}]}}