{"id":6383,"date":"2025-07-12T10:02:04","date_gmt":"2025-07-12T13:02:04","guid":{"rendered":"https:\/\/grandepremio.com\/es\/2025\/07\/12\/ogden-logra-pole-gp-alemania-moto3-perrone\/"},"modified":"2025-07-12T10:02:08","modified_gmt":"2025-07-12T13:02:08","slug":"ogden-logra-pole-gp-alemania-moto3-perrone","status":"publish","type":"post","link":"https:\/\/grandepremio.com\/es\/motogp\/ogden-logra-pole-gp-alemania-moto3-perrone\/","title":{"rendered":"Ogden logra la pole position del GP de Alemania de Moto3; Perrone finaliza 15\u00b0"},"content":{"rendered":"\n<p class=\"wp-block-paragraph\">Un clima muy diferente vio este s\u00e1bado en el<strong> GP de Alemania<\/strong> de <strong>Moto3 <\/strong>en <strong>Sachsenring<\/strong>, ya que se disput\u00f3 la clasificaci\u00f3n con una intensa lluvia por momentos, y una pista mojada y complicada, que hab\u00eda dejado a <strong>Maverick Vi\u00f1ales<\/strong> lesionado despu\u00e9s de la tanda de <strong>MotoGP<\/strong>.<\/p>\n\n\n\n<p class=\"wp-block-paragraph\"><strong>Scott Ogden<\/strong> se qued\u00f3 con la pole con un tiempo de 1:35.001, luego de que una bandera amarilla frustrara los intentos veloces de los pilotos por una ca\u00edda de <strong>\u00c1lvaro Carpe<\/strong>. <strong>David Almansa<\/strong> y <strong>Guido Pini<\/strong> completaron la primera fila de la grilla para la carrera de ma\u00f1ana.<\/p>\n\n\n\n<p class=\"wp-block-paragraph\"><strong>David Mu\u00f1oz<\/strong>, \u00c1lvaro Carpe, Adri\u00e1n Fern\u00e1ndez, <strong>M\u00e1ximo Quiles<\/strong>, Cormac Buchanan, Eddie O&#8217;Shea y \u00c1ngel Piqueras completaron el top ten de la carrera alemana de Moto3. Por su parte, Jos\u00e9 Antonio Rueda acab\u00f3 12\u00b0 y <strong>Valent\u00edn Perrone<\/strong> pas\u00f3 de la Q1 a la Q2 y largar\u00e1 15\u00b0 con la KTM del Tech3.<\/p>\n\n\n\n<p class=\"wp-block-paragraph\">\u23e9 <em><strong>\u00a1Seguinos en redes por <\/strong><\/em><a href=\"https:\/\/twitter.com\/grandepremioES\"><em><u>Twitter <\/u><\/em><\/a><em><strong>e <\/strong><\/em><a href=\"https:\/\/www.instagram.com\/grandepremioes\/\"><em><u>Instagram!<br><\/u><\/em><\/a>\u23e9 <em><strong>Adem\u00e1s, tenemos nuestro <\/strong><\/em><a href=\"https:\/\/whatsapp.com\/channel\/0029VaDZ5zb0gcfDxuwxBM05\"><em><u>canal de Whatsapp<\/u><\/em><\/a><em><strong> con toda la informaci\u00f3n al instante<\/strong><\/em> \ud83c\udfc1<\/p>\n\n\n\n<p class=\"wp-block-paragraph\">Moto3 volver\u00e1 a la acci\u00f3n ma\u00f1ana, desde las 6:00 hora de Buenos Aires y de Brasilia, con la carrera del Gran Premio de Alemania, a 23 vueltas. Cobertura de GRANDE PREMIO en Espa\u00f1ol.<\/p>\n\n\n\n<figure class=\"wp-block-image size-full\"><img decoding=\"async\" src=\"https:\/\/grandepremio.com\/es\/wp-content\/uploads\/2025\/07\/ogden.webp\" alt=\"\" class=\"wp-image-351009\"\/><figcaption class=\"wp-element-caption\">Scott Ogden logr\u00f3 su primera pole en Moto3. (Foto: Reproducci\u00f3n)<\/figcaption><\/figure>\n\n\n\n<p class=\"wp-block-paragraph\"><strong>As\u00ed se desarroll\u00f3 la clasificaci\u00f3n de Moto3:<\/strong><\/p>\n\n\n\n<p class=\"wp-block-paragraph\">Desde primera hora del d\u00eda, la lluvia ha ca\u00eddo sobre Sachsenring, dificultando significativamente el trabajo de los pilotos del <strong>Mundial de Motociclismo<\/strong>. Al inicio de la clasificaci\u00f3n de Moto3, las temperaturas eran de 14 grados en el ambiente y apenas 17 en el asfalto, con vientos de 9 km\/h (5,6 mph) y una humedad relativa del 94 %.<\/p>\n\n\n\n<p class=\"wp-block-paragraph\">Ya en la <strong>Q1<\/strong>, los pilotos salieron r\u00e1pido a la pista para hacer sus mejores tiempos y fue <strong>Cormac Buchanan<\/strong> el m\u00e1s veloz, con 1:35.514 y lo acompa\u00f1aron a la Q2 Valent\u00edn Perrone, Eddie O&#8217;Shea y Noah Dettwiler. Otros pilotos como Riccardo Rossi, Stefano Nepa y <strong>Dennis Foggia<\/strong> no pudieron avanzar y decepcionaron, dado que tienen m\u00e1s experiencia que la mayor\u00eda de la grilla. Lenoxx Phommara provoc\u00f3 la bandera amarilla al caer en la curva 8.<\/p>\n\n\n\n<p class=\"wp-block-paragraph\">A la hora de la <strong>Q2<\/strong>, se repiti\u00f3 la habitual escena de todos los pilotos saliendo al circuito apenas se dio la luz verde. Sin embargo, las condiciones eran mucho peores que en la sesi\u00f3n anterior, y se cay\u00f3 Guido Pini en el sector tres, termin\u00f3 en la leca y provoc\u00f3 la bandera roja, porque la moto da\u00f1\u00f3 la barrera de aire de contenci\u00f3n. Esta situaci\u00f3n caus\u00f3 una demora en todo el cronograma del evento alem\u00e1n.<\/p>\n\n\n\n<figure class=\"wp-block-image size-large\"><img decoding=\"async\" src=\"https:\/\/grandepremio.com\/cdn-cgi\/image\/width=893,height=558,fit=contain,gravity=0.5x0.5,quality=75,format=webp\/es\/wp-content\/uploads\/2025\/07\/ruedas-1024x683.jpg\" alt=\"\" class=\"wp-image-351010\"\/><figcaption class=\"wp-element-caption\">Jos\u00e9 Antonio Rueda clasific\u00f3 12\u00b0 para el GP de Alemania de Moto3. (Foto: Reproducci\u00f3n)<\/figcaption><\/figure>\n\n\n\n<p class=\"wp-block-paragraph\">Unos minutos m\u00e1s tarde, la tanda se reanud\u00f3 y <strong>Adri\u00e1n Fern\u00e1ndez<\/strong> estableci\u00f3 el tiempo m\u00e1s r\u00e1pido en 1:35.664, seguido por David Mu\u00f1oz y \u00c1lvaro Carpe, pero el espa\u00f1ol se cay\u00f3 en la curva ocho, provocando una bandera amarilla. Despu\u00e9s de esto, Ogden se hab\u00eda quedado con el tiempo veloz en 1:35.001.<\/p>\n\n\n\n<p class=\"wp-block-paragraph\">Carpe se volvi\u00f3 a caer y una nueva bandera amarilla impidi\u00f3 que todos los pilotos pudieran mejorar. Por esto, Ogden logr\u00f3 la pole por apenas 0,042s sobre David Almansa, en tanto que Pini qued\u00f3 tercero, a 0.134s. Perrone tampoco pudo bajar su tiempo y finaliz\u00f3 el s\u00e1bado en 15\u00b0 posici\u00f3n, a un segundo del brit\u00e1nico.<\/p>\n\n\n\n<p class=\"wp-block-paragraph\">Al cabo de la jornada, Valent\u00edn expres\u00f3:<strong> &#8220;Contento con las sensaciones, menos con el resultado. Hoy hemos mejorado, nos sentimos m\u00e1s seguros, aunque tenemos algunas cosas que mejorar, tanto en m\u00ed como en la moto. \u00a1Disfrut\u00e9 mucho de la pista hoy! Creo que la carrera ma\u00f1ana ser\u00e1 en seco, as\u00ed que sabemos que tenemos que empezar con fuerza para intentar ganar el m\u00e1ximo de posiciones posible, y luego veremos c\u00f3mo va. \u00a1Tengo muchas ganas!&#8221;.<\/strong><\/p>\n\n\n\n<h2 class=\"wp-block-heading\" id=\"h-moto3-2025-gp-da-alemanha-sachsenring-grid-de-largada\"><strong>Moto3 2025, GP de Alemania, Clasificaci\u00f3n:<\/strong><\/h2>\n\n\n\n<figure class=\"wp-block-table\"><table class=\"has-fixed-layout\"><tbody><tr><td>POS<\/td><td>Piloto<\/td><td>Equipo<\/td><td>Tiempo<\/td><td>Dif<\/td><\/tr><tr><td>1<\/td><td>S OGDEN<\/td><td>CIP Green Power KTM<\/td><td>1:35.001<\/td><td>&nbsp;<\/td><\/tr><tr><td>2<\/td><td>D ALMANSA<\/td><td>Leopard Racing Honda<\/td><td>1:35.043<\/td><td>+0.042<\/td><\/tr><tr><td>3<\/td><td>G PINI<\/td><td>Liqui Moly Intact<\/td><td>1:35.135<\/td><td>+0.134<\/td><\/tr><tr><td>4<\/td><td>D MU\u00d1OZ<\/td><td>Liqui Moly Intact<\/td><td>1:35.155<\/td><td>+0.154<\/td><\/tr><tr><td>5<\/td><td>A CARPE<\/td><td>Red Bull KTM Ajo<\/td><td>1:35.252<\/td><td>+0.251<\/td><\/tr><tr><td>6<\/td><td>A FERN\u00c1NDEZ<\/td><td>Leopard Racing Honda<\/td><td>1:35.348<\/td><td>+0.347<\/td><\/tr><tr><td>7<\/td><td>M QUILES<\/td><td>CFMoto Aspar Team<\/td><td>1:35.356<\/td><td>+0.355<\/td><\/tr><tr><td>8<\/td><td>C BUCHANAN<\/td><td>Bo\u00e9 Denssi KTM<\/td><td>1:35.372<\/td><td>+0.371<\/td><\/tr><tr><td>9<\/td><td>E O\u2019SHEA<\/td><td>Mlav Honda<\/td><td>1:35.539<\/td><td>+0.538<\/td><\/tr><tr><td>10<\/td><td>A PIQUERAS<\/td><td>MT Helmets \u2013 MSi KTM<\/td><td>1:35.604<\/td><td>+0.603<\/td><\/tr><tr><td>11<\/td><td>M URIARTE<\/td><td>Level Up MTA KTM<\/td><td>1:35.628<\/td><td>+0.627<\/td><\/tr><tr><td>12<\/td><td>JA RUEDA<\/td><td>Red Bull KTM Ajo<\/td><td>1:35.631<\/td><td>+0.630<\/td><\/tr><tr><td>13<\/td><td>J KELSO<\/td><td>Level Up MTA KTM<\/td><td>1:35.873<\/td><td>+0.872<\/td><\/tr><tr><td>14<\/td><td>N DETTWILER<\/td><td>CIP Green Power KTM<\/td><td>1:35.978<\/td><td>+0.977<\/td><\/tr><tr><td>15<\/td><td>V PERRONE<\/td><td>Tech3 KTM<\/td><td>1:36.006<\/td><td>+1.005<\/td><\/tr><tr><td>16<\/td><td>R YAMANAKA<\/td><td>MT Helmets \u2013 MSi KTM<\/td><td>1:36.076<\/td><td>+1.075<\/td><\/tr><tr><td>17<\/td><td>T FURUSATO<\/td><td>Honda Team Asia<\/td><td>1:36.351<\/td><td>+1.350<\/td><\/tr><tr><td>18<\/td><td>J ROULSTONE<\/td><td>Tech3 KTM<\/td><td>1:36.502<\/td><td>+1.350<\/td><\/tr><tr><td>19<\/td><td>N CARRARO<\/td><td>Rivacold Snipers Honda<\/td><td>1:36.270<\/td><td>+1.269<\/td><\/tr><tr><td>20<\/td><td>L ABRUZZO<\/td><td>Bo\u00e9 Denssi KTM<\/td><td>1:36.779<\/td><td>+1.778<\/td><\/tr><tr><td>21<\/td><td>T BUASRI<\/td><td>Honda Team Asia<\/td><td>1:36.758<\/td><td>+1.757<\/td><\/tr><tr><td>22<\/td><td>R ROSSI<\/td><td>Rivacold Snipers Honda<\/td><td>1:36.767<\/td><td>+1.766<\/td><\/tr><tr><td>23<\/td><td>S NEPA<\/td><td>Sic58 Squadra Corse Honda<\/td><td>1:38.047<\/td><td>+3.046<\/td><\/tr><tr><td>24<\/td><td>D FOGGIA<\/td><td>CFMoto Aspar Team<\/td><td>1:39.155<\/td><td>+4.154<\/td><\/tr><tr><td>25<\/td><td>L PHOMMARA<\/td><td>Sic58 Squadra Corse Honda<\/td><td>1:42.064<\/td><td>+7.063<\/td><\/tr><\/tbody><\/table><\/figure>\n","protected":false},"excerpt":{"rendered":"<p>Scott Ogden fue el m\u00e1s veloz en una clasificaci\u00f3n pasada por agua en el circuito de Sachsenring, que vio un clima cambiante en relaci\u00f3n a la jornada del viernes en Moto3. Valent\u00edn Perrone pas\u00f3 a la Q2 y termin\u00f3 15\u00b0. <\/p>\n","protected":false},"author":0,"featured_media":1010351007,"comment_status":"closed","ping_status":"closed","sticky":false,"template":"","format":"standard","meta":{"42wp_featured_image_caption":"","42wp_featured_image_credits":"","42wp_featured_video":"","42wp_featured_image_hidden":false,"42wp_authors_list":[],"footnotes":""},"categories":[8],"tags":[3361,12069,12180,12070,12074,12079,1424,12072,1391,11777,1366,1293,1764,1430,12067,10848],"42wp_author":[14237],"class_list":["post-6383","post","type-post","status-publish","format-standard","has-post-thumbnail","hentry","category-motogp","tag-adrian-fernandez","tag-alvaro-carpe","tag-cormac-buchanan","tag-david-almansa","tag-david-munoz","tag-dennis-foggia","tag-gp-de-alemania","tag-guido-pini","tag-maverick-vinales","tag-maximo-quiles","tag-moto3","tag-motogp","tag-mundial-de-motociclismo","tag-sachsenring","tag-scott-ogden","tag-valentin-perrone","42wp_author-gabriel-garcia"],"_links":{"self":[{"href":"https:\/\/grandepremio.com\/es\/wp-json\/wp\/v2\/posts\/6383","targetHints":{"allow":["GET"]}}],"collection":[{"href":"https:\/\/grandepremio.com\/es\/wp-json\/wp\/v2\/posts"}],"about":[{"href":"https:\/\/grandepremio.com\/es\/wp-json\/wp\/v2\/types\/post"}],"replies":[{"embeddable":true,"href":"https:\/\/grandepremio.com\/es\/wp-json\/wp\/v2\/comments?post=6383"}],"version-history":[{"count":0,"href":"https:\/\/grandepremio.com\/es\/wp-json\/wp\/v2\/posts\/6383\/revisions"}],"wp:featuredmedia":[{"embeddable":true,"href":"https:\/\/grandepremio.com\/es\/wp-json\/wp\/v2\/media\/1010351007"}],"wp:attachment":[{"href":"https:\/\/grandepremio.com\/es\/wp-json\/wp\/v2\/media?parent=6383"}],"wp:term":[{"taxonomy":"category","embeddable":true,"href":"https:\/\/grandepremio.com\/es\/wp-json\/wp\/v2\/categories?post=6383"},{"taxonomy":"post_tag","embeddable":true,"href":"https:\/\/grandepremio.com\/es\/wp-json\/wp\/v2\/tags?post=6383"},{"taxonomy":"42wp_author","embeddable":true,"href":"https:\/\/grandepremio.com\/es\/wp-json\/wp\/v2\/42wp_author?post=6383"}],"curies":[{"name":"wp","href":"https:\/\/api.w.org\/{rel}","templated":true}]}}