{"id":6392,"date":"2025-07-11T10:32:35","date_gmt":"2025-07-11T13:32:35","guid":{"rendered":"https:\/\/grandepremio.com\/es\/2025\/07\/11\/cadillac-rechaza-fichar-ricciardo-f1-2026\/"},"modified":"2025-07-11T10:32:38","modified_gmt":"2025-07-11T13:32:38","slug":"cadillac-rechaza-fichar-ricciardo-f1-2026","status":"publish","type":"post","link":"https:\/\/grandepremio.com\/es\/f1\/cadillac-rechaza-fichar-ricciardo-f1-2026\/","title":{"rendered":"Cadillac rechaza la posibilidad de fichar a Ricciardo: \u00abNo est\u00e1 interesado en la F1\u00bb"},"content":{"rendered":"\n<p class=\"wp-block-paragraph\"><strong>Graeme Lowdon<\/strong>, el jefe de equipo de <strong>Cadillac<\/strong>, ya descart\u00f3 a <strong>Daniel Ricciardo<\/strong> para sus asientos disponibles para el a\u00f1o que viene en la <strong>F\u00f3rmula 1<\/strong> y as\u00ed se lo dijo al podcast <em>High Performance<\/em> en una reciente entrevista.<\/p>\n\n\n\n<p class=\"wp-block-paragraph\">\ud83d\udfe5&nbsp;<strong><em>\u00a1Todas las novedades te esperan en el canal de&nbsp;<\/em><\/strong><a href=\"https:\/\/www.youtube.com\/@GrandePremioES\"><em>YouTube<\/em><\/a><strong><em>&nbsp;de Grande Pr\u00eamio en Espa\u00f1ol!<\/em><\/strong>&nbsp;\ud83d\udfe8<\/p>\n\n\n\n<p class=\"wp-block-paragraph\">Hay que mencionar que Ricciardo fue despedido en la segunda mitad del a\u00f1o pasado por el equipo <strong>RB<\/strong> y no ha vuelto a competir en ninguna otra categor\u00eda. Lowdon mencion\u00f3 en la entrevista concedida que a Daniel ya no le interesaba volver a la F1 luego de haber logrado 8 victorias, siete de ellas con <strong>Red Bull<\/strong> y una con <strong>McLaren<\/strong>, en 258 carreras disputadas.<br><br><strong>\u201cP\u00fablicamente, ha dicho que ya no le interesa la F\u00f3rmula 1. Si necesitas convencer a alguien, es la persona equivocada. Nunca hay que convencer a un piloto para que se suba al coche. No tengo ning\u00fan problema, cada uno piensa lo que quiere\u201d<\/strong>, declar\u00f3 Graeme en el podcast.<\/p>\n\n\n\n<figure class=\"wp-block-embed is-type-video is-provider-youtube wp-block-embed-youtube wp-embed-aspect-16-9 wp-has-aspect-ratio\"><div class=\"wp-block-embed__wrapper\">\n<iframe loading=\"lazy\" title=\"\u00bfQU\u00c9 SUCEDER\u00c1 EN RED BULL TRAS LA SALIDA DE HORNER?\" width=\"500\" height=\"281\" src=\"https:\/\/www.youtube.com\/embed\/L8WbPj6D-TI?feature=oembed\" frameborder=\"0\" allow=\"accelerometer; autoplay; clipboard-write; encrypted-media; gyroscope; picture-in-picture; web-share\" referrerpolicy=\"strict-origin-when-cross-origin\" allowfullscreen><\/iframe>\n<\/div><\/figure>\n\n\n\n<p class=\"wp-block-paragraph\"><strong>\u201cA\u00fan no hay nada decidido, pero sabemos qui\u00e9n est\u00e1 disponible en el mercado, tenemos una idea clara de lo que necesitamos, aunque todav\u00eda estamos lejos de llegar a ese punto\u201d<\/strong>, explic\u00f3 el jefe de Cadillac en una reciente entrevista al portal <em>The Race<\/em>.<\/p>\n\n\n\n<p class=\"wp-block-paragraph\">Se han mencionado a candidatos tan diversos como<strong> Sergio P\u00e9rez<\/strong>, <strong>Valtteri Bottas<\/strong>, Guanyu Zhou y Mick Schumacher, todos ellos de paso reciente por la F1, aunque tampoco se han descartado totalmente sorpresas como <strong>Colton Herta <\/strong>o<strong> Kyle Kirkwood<\/strong>, pilotos de la <strong>IndyCar<\/strong> de <strong>Andretti<\/strong>, grupo al que pertenece la estructura de Cadillac.<\/p>\n\n\n\n<p class=\"wp-block-paragraph\">\u23e9 <em><strong>\u00a1Seguinos en redes por <\/strong><\/em><a href=\"https:\/\/twitter.com\/grandepremioES\"><em><u>Twitter <\/u><\/em><\/a><em><strong>e <\/strong><\/em><a href=\"https:\/\/www.instagram.com\/grandepremioes\/\"><em><u>Instagram!<br><\/u><\/em><\/a>\u23e9 <em><strong>Adem\u00e1s, tenemos nuestro <\/strong><\/em><a href=\"https:\/\/whatsapp.com\/channel\/0029VaDZ5zb0gcfDxuwxBM05\"><em><u>canal de Whatsapp<\/u><\/em><\/a><em><strong> con toda la informaci\u00f3n al instante<\/strong><\/em> \ud83c\udfc1<br><br>La F\u00f3rmula 1 vuelve del 25 al 27 de julio con el Gran Premio de B\u00e9lgica, que se disputar\u00e1 en el circuito de Spa Francorchamps. Cobertura de GRANDE PREMIO en Espa\u00f1ol.<\/p>\n","protected":false},"excerpt":{"rendered":"<p>El jefe del equipo Cadillac, Graeme Lowdon, afirm\u00f3 que Daniel Ricciardo no es candidato para uno de los puestos titulares del equipo en 2026. El australiano est\u00e1 fuera de la grilla de la F\u00f3rmula 1 desde que fue despedido de RB.<\/p>\n","protected":false},"author":0,"featured_media":1010350797,"comment_status":"closed","ping_status":"closed","sticky":false,"template":"","format":"standard","meta":{"42wp_featured_image_caption":"","42wp_featured_image_credits":"","42wp_featured_video":"","42wp_featured_image_hidden":false,"42wp_authors_list":[],"footnotes":""},"categories":[5],"tags":[597,1560,736,365,179,11211,310,2297,269,9881,206,294,252],"42wp_author":[14237],"class_list":["post-6392","post","type-post","status-publish","format-standard","has-post-thumbnail","hentry","category-f1","tag-andretti","tag-cadillac","tag-colton-herta","tag-daniel-ricciardo","tag-formula-1","tag-graeme-lowdon","tag-indycar","tag-kyle-kirkwood","tag-mclaren","tag-rb","tag-red-bull","tag-sergio-perez","tag-valtteri-bottas","42wp_author-gabriel-garcia"],"_links":{"self":[{"href":"https:\/\/grandepremio.com\/es\/wp-json\/wp\/v2\/posts\/6392","targetHints":{"allow":["GET"]}}],"collection":[{"href":"https:\/\/grandepremio.com\/es\/wp-json\/wp\/v2\/posts"}],"about":[{"href":"https:\/\/grandepremio.com\/es\/wp-json\/wp\/v2\/types\/post"}],"replies":[{"embeddable":true,"href":"https:\/\/grandepremio.com\/es\/wp-json\/wp\/v2\/comments?post=6392"}],"version-history":[{"count":0,"href":"https:\/\/grandepremio.com\/es\/wp-json\/wp\/v2\/posts\/6392\/revisions"}],"wp:featuredmedia":[{"embeddable":true,"href":"https:\/\/grandepremio.com\/es\/wp-json\/wp\/v2\/media\/1010350797"}],"wp:attachment":[{"href":"https:\/\/grandepremio.com\/es\/wp-json\/wp\/v2\/media?parent=6392"}],"wp:term":[{"taxonomy":"category","embeddable":true,"href":"https:\/\/grandepremio.com\/es\/wp-json\/wp\/v2\/categories?post=6392"},{"taxonomy":"post_tag","embeddable":true,"href":"https:\/\/grandepremio.com\/es\/wp-json\/wp\/v2\/tags?post=6392"},{"taxonomy":"42wp_author","embeddable":true,"href":"https:\/\/grandepremio.com\/es\/wp-json\/wp\/v2\/42wp_author?post=6392"}],"curies":[{"name":"wp","href":"https:\/\/api.w.org\/{rel}","templated":true}]}}