{"id":6403,"date":"2025-07-10T12:17:14","date_gmt":"2025-07-10T15:17:14","guid":{"rendered":"https:\/\/grandepremio.com\/es\/2025\/07\/10\/bagnaia-ve-marquez-superfuerte-busca-racha-alemania\/"},"modified":"2025-07-10T12:17:17","modified_gmt":"2025-07-10T15:17:17","slug":"bagnaia-ve-marquez-superfuerte-busca-racha-alemania","status":"publish","type":"post","link":"https:\/\/grandepremio.com\/es\/motogp\/bagnaia-ve-marquez-superfuerte-busca-racha-alemania\/","title":{"rendered":"Bagnaia ve a Marc M\u00e1rquez &#8220;superfuerte&#8221;, pero busca una racha positiva en Alemania"},"content":{"rendered":"\n<p class=\"wp-block-paragraph\">La previa del <strong>GP de Alemania<\/strong> de <strong>MotoGP <\/strong>tuvo un denominador com\u00fan y fue colocar a <strong>Marc M\u00e1rquez <\/strong>como candidato a la victoria, luego de su dominio en <strong>Sachsenring<\/strong> a lo largo de los a\u00f1os, sobre todo teniendo en cuenta la gran ventaja en el campeonato actual que lleva a <strong>\u00c1lex M\u00e1rquez<\/strong>, que es su escolta, y a <strong>Francesco Bagnaia<\/strong>, que se ubica tercero.<\/p>\n\n\n\n<p class=\"wp-block-paragraph\">\ud83d\udfe5&nbsp;<strong><em>\u00a1Todas las novedades te esperan en el canal de&nbsp;<\/em><\/strong><a href=\"https:\/\/www.youtube.com\/@GrandePremioES\"><em>YouTube<\/em><\/a><strong><em>&nbsp;de Grande Pr\u00eamio en Espa\u00f1ol!<\/em><\/strong>&nbsp;\ud83d\udfe8<\/p>\n\n\n\n<p class=\"wp-block-paragraph\">El piloto italiano dijo este jueves en conferencia de prensa al sitio oficial del <strong>Mundial de Motociclismo<\/strong> que tuvo su <em>\u201cmejor fin de semana\u201d <\/em>en el <strong>GP de Pa\u00edses Bajos<\/strong> y dijo que est\u00e1 ilusionado con mantener el nivel exhibido: <strong>\u201cCreo que solo tenemos que volver a empezar donde lo dejamos en Assen. Es cierto que en la carrera las cosas no salieron como esperaba, pero estuvimos all\u00ed de nuevo por segunda semana consecutiva luchando por el liderato y esto es un gran paso\u201d.<\/strong><br><br><strong>\u201cTeniendo en cuenta los aspectos positivos, hemos tenido el mejor fin de semana hasta ahora en Assen. As\u00ed que solo tenemos que volver a empezar desde ah\u00ed y trabajar bien con el equipo, como hicimos all\u00ed, e intentar estar m\u00e1s cerca. Es cierto que Marc es muy fuerte en esta pista. As\u00ed que vamos a intentar seguir su pilotaje, analizar todo durante el fin de semana y estar m\u00e1s cerca\u201d,<\/strong> a\u00f1adi\u00f3.<\/p>\n\n\n\n<figure class=\"wp-block-embed is-type-video is-provider-youtube wp-block-embed-youtube wp-embed-aspect-16-9 wp-has-aspect-ratio\"><div class=\"wp-block-embed__wrapper\">\n<iframe loading=\"lazy\" title=\"\u00bfQU\u00c9 SUCEDER\u00c1 EN RED BULL TRAS LA SALIDA DE HORNER?\" width=\"500\" height=\"281\" src=\"https:\/\/www.youtube.com\/embed\/L8WbPj6D-TI?feature=oembed\" frameborder=\"0\" allow=\"accelerometer; autoplay; clipboard-write; encrypted-media; gyroscope; picture-in-picture; web-share\" referrerpolicy=\"strict-origin-when-cross-origin\" allowfullscreen><\/iframe>\n<\/div><\/figure>\n\n\n\n<p class=\"wp-block-paragraph\">Bagnaia ha estado sufriendo con la parte delantera de la moto <strong>Ducati <\/strong>en 2025 y se\u00f1al\u00f3 que ser\u00e1 complicado batir a M\u00e1rquez, que busca su novena victoria en suelo alem\u00e1n:<strong> \u201cMi sensaci\u00f3n esta temporada es diferente y tenemos que adaptarnos a ello. Pero trabajamos mejor, con m\u00e1s vueltas durante las sesiones y analizando m\u00e1s detalles. No cambiamos mucho la moto durante el fin de semana y eso fue muy \u00fatil. As\u00ed que tenemos que empezar con eso y copiar la misma estrategia\u201d.<\/strong><br><br>\u23e9 <em><strong>\u00a1Seguinos en redes por <\/strong><\/em><a href=\"https:\/\/twitter.com\/grandepremioES\"><em><u>Twitter <\/u><\/em><\/a><em><strong>e <\/strong><\/em><a href=\"https:\/\/www.instagram.com\/grandepremioes\/\"><em><u>Instagram!<br><\/u><\/em><\/a>\u23e9 <em><strong>Adem\u00e1s, tenemos nuestro <\/strong><\/em><a href=\"https:\/\/whatsapp.com\/channel\/0029VaDZ5zb0gcfDxuwxBM05\"><em><u>canal de Whatsapp<\/u><\/em><\/a><em><strong> con toda la informaci\u00f3n al instante<\/strong><\/em> \ud83c\udfc1<br><br>MotoGP vuelve a acelerar entre el 11 y el 13 de julio con el GP de Alemania, directo desde Sachsenring, und\u00e9cima prueba de la temporada 2025. GRANDE PR\u00caMIO ofrece una cobertura completa del evento.<\/p>\n","protected":false},"excerpt":{"rendered":"<p>Francesco Bagnaia afirm\u00f3 en la previa del Gran Premio de Alemania que su fin de semana en Assen fue \u201cel mejor\u201d de la temporada 2025 de MotoGP y que espera mantener el nivel desde ma\u00f1ana en la pista de Sachsenring.<\/p>\n","protected":false},"author":0,"featured_media":1010350629,"comment_status":"closed","ping_status":"closed","sticky":false,"template":"","format":"standard","meta":{"42wp_featured_image_caption":"","42wp_featured_image_credits":"","42wp_featured_video":"","42wp_featured_image_hidden":false,"42wp_authors_list":[],"footnotes":""},"categories":[8],"tags":[2929,1340,1376,1424,1574,1392,1293,1764,1430],"42wp_author":[14237],"class_list":["post-6403","post","type-post","status-publish","format-standard","has-post-thumbnail","hentry","category-motogp","tag-alex-marquez-3","tag-ducati","tag-francesco-bagnaia","tag-gp-de-alemania","tag-gp-de-paises-bajos","tag-marc-marquez-2","tag-motogp","tag-mundial-de-motociclismo","tag-sachsenring","42wp_author-gabriel-garcia"],"_links":{"self":[{"href":"https:\/\/grandepremio.com\/es\/wp-json\/wp\/v2\/posts\/6403","targetHints":{"allow":["GET"]}}],"collection":[{"href":"https:\/\/grandepremio.com\/es\/wp-json\/wp\/v2\/posts"}],"about":[{"href":"https:\/\/grandepremio.com\/es\/wp-json\/wp\/v2\/types\/post"}],"replies":[{"embeddable":true,"href":"https:\/\/grandepremio.com\/es\/wp-json\/wp\/v2\/comments?post=6403"}],"version-history":[{"count":0,"href":"https:\/\/grandepremio.com\/es\/wp-json\/wp\/v2\/posts\/6403\/revisions"}],"wp:featuredmedia":[{"embeddable":true,"href":"https:\/\/grandepremio.com\/es\/wp-json\/wp\/v2\/media\/1010350629"}],"wp:attachment":[{"href":"https:\/\/grandepremio.com\/es\/wp-json\/wp\/v2\/media?parent=6403"}],"wp:term":[{"taxonomy":"category","embeddable":true,"href":"https:\/\/grandepremio.com\/es\/wp-json\/wp\/v2\/categories?post=6403"},{"taxonomy":"post_tag","embeddable":true,"href":"https:\/\/grandepremio.com\/es\/wp-json\/wp\/v2\/tags?post=6403"},{"taxonomy":"42wp_author","embeddable":true,"href":"https:\/\/grandepremio.com\/es\/wp-json\/wp\/v2\/42wp_author?post=6403"}],"curies":[{"name":"wp","href":"https:\/\/api.w.org\/{rel}","templated":true}]}}