{"id":6429,"date":"2025-07-09T08:37:13","date_gmt":"2025-07-09T11:37:13","guid":{"rendered":"https:\/\/grandepremio.com\/es\/2025\/07\/09\/racing-bulls-ascenso-alan-permane-nuevo-jefe-de-equipo-f1-2025\/"},"modified":"2025-07-09T16:20:55","modified_gmt":"2025-07-09T19:20:55","slug":"racing-bulls-ascenso-alan-permane-nuevo-jefe-de-equipo-f1-2025","status":"publish","type":"post","link":"https:\/\/grandepremio.com\/es\/f1\/racing-bulls-ascenso-alan-permane-nuevo-jefe-de-equipo-f1-2025\/","title":{"rendered":"Red Bull concluye su reestructuraci\u00f3n y coloca a Permane al frente de Racing Bulls"},"content":{"rendered":"\n<p class=\"wp-block-paragraph\"><strong>Red Bull<\/strong> complet\u00f3 la reestructuraci\u00f3n de los equipos de <strong>F\u00f3rmula 1<\/strong> con el nombramiento de un nuevo jefe para Racing Bulls. <a href=\"https:\/\/grandepremio.com\/es\/f1\/red-bull-despido-efecto-inmediato-christian-horner-f1-2025\/\">Tras el despido de Christian Horner<\/a> y <a href=\"https:\/\/grandepremio.com\/es\/f1\/red-bull-promocion-laurent-mekies-reemplazo-horner-jefe-de-equipo-f1-2025\/\">la promoci\u00f3n de Laurent Mekies como jefe de equipo en la escuder\u00eda de Milton Keynes<\/a>, la empresa austriaca nombr\u00f3 a <strong>Alan Permane<\/strong> para dirigir la escuder\u00eda defendida por <strong>Liam Lawson<\/strong> e <strong>Isack Hadjar<\/strong>.<\/p>\n\n\n\n<p class=\"wp-block-paragraph\">\ud83d\udfe5&nbsp;<strong><em>\u00a1Todas las novedades te esperan en el canal de&nbsp;<\/em><\/strong><a href=\"https:\/\/www.youtube.com\/@GrandePremioES\"><em>YouTube<\/em><\/a><strong><em>&nbsp;de Grande Pr\u00eamio en Espa\u00f1ol!<\/em><\/strong>&nbsp;\ud83d\udfe8<\/p>\n\n\n\n<p class=\"wp-block-paragraph\">Despu\u00e9s de m\u00e1s de 20 a\u00f1os al frente del equipo, <strong>Horner <\/strong>no resisti\u00f3 la presi\u00f3n, los resultados desfavorables de las \u00faltimas temporadas y la falta de apoyo, por lo que perdi\u00f3 el comando del equipo. La soluci\u00f3n, entonces, fue ascender a <strong>Mekies <\/strong>al equipo principal, lo que result\u00f3 en la reestructuraci\u00f3n de <strong>Racing Bulls<\/strong>.<\/p>\n\n\n\n<p class=\"wp-block-paragraph\">Para dirigir el equipo menor, la marca de bebidas energ\u00e9ticas eligi\u00f3 a un veterano del paddock. <strong>Permane <\/strong>pas\u00f3 24 a\u00f1os trabajando en <strong>Enstone<\/strong>, en diferentes etapas del equipo: como <strong>Benetton, Renault<\/strong> o <strong>Alpine<\/strong>. Su \u00faltimo cargo en el equipo fue el de director deportivo, pero fue despedido en julio de 2023. A principios del a\u00f1o pasado, <strong>Alan <\/strong>comenz\u00f3 a trabajar en <strong>Racing Bulls<\/strong>, desempe\u00f1ando el cargo de director deportivo.<\/p>\n\n\n\n<p class=\"wp-block-paragraph\">\u23e9&nbsp;<em><strong>\u00a1Seguinos en redes por&nbsp;<\/strong><\/em><a href=\"https:\/\/twitter.com\/grandepremioES\"><em><u>Twitter&nbsp;<\/u><\/em><\/a><em><strong>e&nbsp;<\/strong><\/em><a href=\"https:\/\/www.instagram.com\/grandepremioes\/\"><em><u>Instagram!<br><\/u><\/em><\/a>\u23e9&nbsp;<em><strong>Adem\u00e1s, tenemos nuestro&nbsp;<\/strong><\/em><a href=\"https:\/\/whatsapp.com\/channel\/0029VaDZ5zb0gcfDxuwxBM05\"><em><u>canal de Whatsapp<\/u><\/em><\/a><em><strong>&nbsp;con toda la informaci\u00f3n al instante<\/strong><\/em>&nbsp;\ud83c\udfc1<\/p>\n\n\n\n<figure class=\"wp-block-image size-full\"><img decoding=\"async\" src=\"https:\/\/grandepremio.com\/es\/wp-content\/uploads\/..\/gp_br_uploads\/2025\/07\/SI202502260235.jpg\" alt=\"\" class=\"wp-image-350401\"\/><figcaption class=\"wp-element-caption\">Alan Permane reemplazar\u00e1 a Laurent Mekies y ser\u00e1 el nuevo jefe de equipo de Racing Bulls (Foto: Red Bull Content Pool)<\/figcaption><\/figure>\n\n\n\n<p class=\"wp-block-paragraph\">\u00abMe siento muy honrado de asumir el cargo de jefe de equipo y me gustar\u00eda agradecer a <strong>Oliver <\/strong>y <strong>Helmut <\/strong>[<strong>Marko<\/strong>] por la confianza que depositaron en m\u00ed\u00bb, declar\u00f3 <strong>Permane<\/strong>. \u00abEstoy deseando trabajar con <strong>Peter <\/strong>[<strong>Bayer<\/strong>, director ejecutivo de <strong>Racing Bulls<\/strong>] para continuar el buen trabajo que \u00e9l y <strong>Laurent <\/strong>realizaron al frente de este equipo. Este es un nuevo desaf\u00edo para m\u00ed, pero s\u00e9 que puedo contar con el apoyo de todos\u00bb, declar\u00f3.<\/p>\n\n\n\n<p class=\"wp-block-paragraph\">La&nbsp;<strong>F\u00f3rmula 1<\/strong>&nbsp;regresa del 25 al 27 de julio en&nbsp;<strong>Spa-Francorchamps<\/strong>, escenario del&nbsp;<strong>Gran Premio de B\u00e9lgica<\/strong>, decimotercera fecha de la&nbsp;<strong>temporada 2025<\/strong>.<\/p>\n\n\n\n<figure class=\"wp-block-embed is-type-video is-provider-youtube wp-block-embed-youtube wp-embed-aspect-16-9 wp-has-aspect-ratio\"><div class=\"wp-block-embed__wrapper\">\n<iframe loading=\"lazy\" title=\"\u00bfQU\u00c9 SUCEDER\u00c1 EN RED BULL TRAS LA SALIDA DE HORNER?\" width=\"500\" height=\"281\" src=\"https:\/\/www.youtube.com\/embed\/L8WbPj6D-TI?feature=oembed\" frameborder=\"0\" allow=\"accelerometer; autoplay; clipboard-write; encrypted-media; gyroscope; picture-in-picture; web-share\" referrerpolicy=\"strict-origin-when-cross-origin\" allowfullscreen><\/iframe>\n<\/div><\/figure>\n","protected":false},"excerpt":{"rendered":"<p>Tras la salida de Christian Horner y el ascenso de Laurent Mekies a Red Bull, la marca de bebidas energ\u00e9ticas eligi\u00f3 a Alan Permane para dirigir Racing Bulls en la F1. El ingeniero brit\u00e1nico dej\u00f3 Alpine en julio del a\u00f1o pasado y ocupaba el cargo de director deportivo del equipo junior.<\/p>\n","protected":false},"author":0,"featured_media":1010310337,"comment_status":"closed","ping_status":"closed","sticky":false,"template":"","format":"standard","meta":{"42wp_featured_image_caption":"","42wp_featured_image_credits":"","42wp_featured_video":"","42wp_featured_image_hidden":false,"42wp_authors_list":[],"footnotes":""},"categories":[5],"tags":[1514,1336,181,1710,179,8059,1488,2300,1753,279,9812,206,9647],"42wp_author":[14239],"class_list":["post-6429","post","type-post","status-publish","format-standard","has-post-thumbnail","hentry","category-f1","tag-alan-permane","tag-christian-horner","tag-f1","tag-f1-2025","tag-formula-1","tag-formula-1-2025","tag-grande-premio","tag-isack-hadjar","tag-laurent-mekies","tag-liam-lawson","tag-racing-bulls","tag-red-bull","tag-temporada-2025-f1","42wp_author-jp-otrosky"],"_links":{"self":[{"href":"https:\/\/grandepremio.com\/es\/wp-json\/wp\/v2\/posts\/6429","targetHints":{"allow":["GET"]}}],"collection":[{"href":"https:\/\/grandepremio.com\/es\/wp-json\/wp\/v2\/posts"}],"about":[{"href":"https:\/\/grandepremio.com\/es\/wp-json\/wp\/v2\/types\/post"}],"replies":[{"embeddable":true,"href":"https:\/\/grandepremio.com\/es\/wp-json\/wp\/v2\/comments?post=6429"}],"version-history":[{"count":0,"href":"https:\/\/grandepremio.com\/es\/wp-json\/wp\/v2\/posts\/6429\/revisions"}],"wp:featuredmedia":[{"embeddable":true,"href":"https:\/\/grandepremio.com\/es\/wp-json\/wp\/v2\/media\/1010310337"}],"wp:attachment":[{"href":"https:\/\/grandepremio.com\/es\/wp-json\/wp\/v2\/media?parent=6429"}],"wp:term":[{"taxonomy":"category","embeddable":true,"href":"https:\/\/grandepremio.com\/es\/wp-json\/wp\/v2\/categories?post=6429"},{"taxonomy":"post_tag","embeddable":true,"href":"https:\/\/grandepremio.com\/es\/wp-json\/wp\/v2\/tags?post=6429"},{"taxonomy":"42wp_author","embeddable":true,"href":"https:\/\/grandepremio.com\/es\/wp-json\/wp\/v2\/42wp_author?post=6429"}],"curies":[{"name":"wp","href":"https:\/\/api.w.org\/{rel}","templated":true}]}}