{"id":6441,"date":"2025-07-08T10:05:22","date_gmt":"2025-07-08T13:05:22","guid":{"rendered":"https:\/\/grandepremio.com\/es\/2025\/07\/08\/tech3-herve-poncharal-continuidad-alianza-ktm-motogp-2025\/"},"modified":"2025-07-08T10:05:25","modified_gmt":"2025-07-08T13:05:25","slug":"tech3-herve-poncharal-continuidad-alianza-ktm-motogp-2025","status":"publish","type":"post","link":"https:\/\/grandepremio.com\/es\/motogp\/tech3-herve-poncharal-continuidad-alianza-ktm-motogp-2025\/","title":{"rendered":"Tech3 desmiente negociaci\u00f3n con Honda y busca mantener la alianza con KTM en MotoGP"},"content":{"rendered":"\n<p class=\"wp-block-paragraph\"><strong>Herv\u00e9 Poncharal<\/strong>, jefe de equipo y fundador de <strong>Tech3<\/strong>, destac\u00f3 que su prioridad es mantener el v\u00ednculo con KTM para la temporada 2026 de MotoGP, incluso ante los rumores sobre un posible cambio a <strong>Honda<\/strong>. En una entrevista concedida a la web italiana <em>GPOne<\/em>, el dirigente franc\u00e9s neg\u00f3 cualquier acuerdo ya firmado con el fabricante japon\u00e9s de la categor\u00eda reina del <strong>Mundial de Motociclismo<\/strong>.<\/p>\n\n\n\n<p class=\"wp-block-paragraph\">\ud83d\udfe5&nbsp;<strong><em>\u00a1Todas las novedades te esperan en el canal de&nbsp;<\/em><\/strong><a href=\"https:\/\/www.youtube.com\/@GrandePremioES\"><em>YouTube<\/em><\/a><strong><em>&nbsp;de Grande Pr\u00eamio en Espa\u00f1ol!<\/em><\/strong>&nbsp;\ud83d\udfe8<\/p>\n\n\n\n<p class=\"wp-block-paragraph\">\u00abTengo un contrato de cinco a\u00f1os con <strong>KTM<\/strong>, de 2022 a 2026, por lo que estoy en total desacuerdo con cualquiera que diga que <strong>Tech3 <\/strong>haya firmado con <strong>Honda <\/strong>para 2026\u00bb, enfatiz\u00f3 <strong>Poncharal<\/strong>.<\/p>\n\n\n\n<p class=\"wp-block-paragraph\">Los rumores sobre la posible ruptura del v\u00ednculo entre <strong>Tech3 <\/strong>y <strong>KTM <\/strong>surgieron en medio de las incertidumbres financieras de la marca austriaca, que salieron a la luz el a\u00f1o pasado. Las especulaciones cobraron fuerza sobre todo antes del <strong>GP de Arag\u00f3n<\/strong> de este a\u00f1o, cuando se baraj\u00f3 la posibilidad de que el equipo franc\u00e9s emigrara a <strong>Honda <\/strong>en 2025, una hip\u00f3tesis negada previamente por el directivo.<\/p>\n\n\n\n<p class=\"wp-block-paragraph\">Aun as\u00ed, el jefe del <strong>Tech3 <\/strong>reiter\u00f3 que sigue dialogando con <strong>Dorna <\/strong>y que est\u00e1 a la espera de los pr\u00f3ximos pasos de <strong>KTM<\/strong>. En la pista, <strong>Maverick Vi\u00f1ales<\/strong> se adapt\u00f3 bien a la <strong>RC16<\/strong>, mientras que <strong>Enea Bastianini<\/strong> tuvo problemas con la moto de la marca austriaca.<\/p>\n\n\n\n<p class=\"wp-block-paragraph\">\u23e9&nbsp;<em><strong>\u00a1Seguinos en redes por&nbsp;<\/strong><\/em><a href=\"https:\/\/twitter.com\/grandepremioES\"><em><u>Twitter&nbsp;<\/u><\/em><\/a><em><strong>e&nbsp;<\/strong><\/em><a href=\"https:\/\/www.instagram.com\/grandepremioes\/\"><em><u>Instagram!<br><\/u><\/em><\/a>\u23e9&nbsp;<em><strong>Adem\u00e1s, tenemos nuestro&nbsp;<\/strong><\/em><a href=\"https:\/\/whatsapp.com\/channel\/0029VaDZ5zb0gcfDxuwxBM05\"><em><u>canal de Whatsapp<\/u><\/em><\/a><em><strong>&nbsp;con toda la informaci\u00f3n al instante<\/strong><\/em>&nbsp;\ud83c\udfc1<\/p>\n\n\n\n<figure class=\"wp-block-image size-full\"><img decoding=\"async\" src=\"https:\/\/grandepremio.com\/es\/wp-content\/uploads\/..\/gp_br_uploads\/2025\/06\/SI202506270628-scaled.jpg\" alt=\"\" class=\"wp-image-347476\"\/><figcaption class=\"wp-element-caption\">Enea Bastianini (Foto: Red Bull Content Pool)<\/figcaption><\/figure>\n\n\n\n<p class=\"wp-block-paragraph\">&#8220;Tuve una larga conversaci\u00f3n con <strong>Carmelo Ezpeleta<\/strong> [CEO de <strong>Dorna<\/strong>] en <strong>Mugello<\/strong>. Llegamos a la conclusi\u00f3n de que tenemos que esperar y ver cu\u00e1les ser\u00e1n los planes finales de <strong>KTM <\/strong>para 2026 y m\u00e1s all\u00e1&#8221;, dijo.<\/p>\n\n\n\n<p class=\"wp-block-paragraph\">A pesar de la incertidumbre, <strong>Poncharal <\/strong>subray\u00f3 que su deseo es continuar con los austriacos. &#8220;Si tenemos la oportunidad de continuar con <strong>KTM <\/strong>en 2026, siempre que sea una propuesta aceptable, esa es nuestra prioridad. Esa es tambi\u00e9n la posici\u00f3n de <strong>Carmelo<\/strong>&#8220;, a\u00f1adi\u00f3.<\/p>\n\n\n\n<p class=\"wp-block-paragraph\"><strong>Tech3 <\/strong>debut\u00f3 en <strong>MotoGP <\/strong>como equipo sat\u00e9lite de <strong>KTM <\/strong>en 2019, tras una larga etapa con <strong>Yamaha<\/strong>, y firm\u00f3 un contrato con el fabricante austriaco en 2022 que se extiende hasta finales de 2026. Seg\u00fan <strong>Poncharal<\/strong>, tambi\u00e9n se espera que <strong>KTM <\/strong>firme un nuevo compromiso a largo plazo, v\u00e1lido de 2027 a 2031.<\/p>\n\n\n\n<p class=\"wp-block-paragraph\"><strong>MotoGP<\/strong>&nbsp;volver\u00e1 a la acci\u00f3n entre el 11 y el 13 de julio, con el&nbsp;<strong>GP de Alemania<\/strong>, en&nbsp;<strong>Sachsenring<\/strong>, la und\u00e9cima ronda de la&nbsp;<strong>temporada 2025<\/strong>.<\/p>\n\n\n\n<figure class=\"wp-block-embed is-type-video is-provider-youtube wp-block-embed-youtube wp-embed-aspect-16-9 wp-has-aspect-ratio\"><div class=\"wp-block-embed__wrapper\">\n<iframe loading=\"lazy\" title=\"NORRIS Y H\u00dcLKENBERG FESTEJAN Y COLAPINTO SUFRE EN INGLATERRA\" width=\"500\" height=\"281\" src=\"https:\/\/www.youtube.com\/embed\/Lc2NjB6Uwb4?feature=oembed\" frameborder=\"0\" allow=\"accelerometer; autoplay; clipboard-write; encrypted-media; gyroscope; picture-in-picture; web-share\" referrerpolicy=\"strict-origin-when-cross-origin\" allowfullscreen><\/iframe>\n<\/div><\/figure>\n","protected":false},"excerpt":{"rendered":"<p>Herv\u00e9 Poncharal, jefe de equipo y fundador de Tech3, desvel\u00f3 una conversaci\u00f3n con el CEO de Dorna, Carmelo Ezpeleta, sobre la situaci\u00f3n que envuelve a KTM, pero recalc\u00f3 su deseo de continuar la asociaci\u00f3n con los austriacos.<\/p>\n","protected":false},"author":0,"featured_media":1010350290,"comment_status":"closed","ping_status":"closed","sticky":false,"template":"","format":"standard","meta":{"42wp_featured_image_caption":"","42wp_featured_image_credits":"","42wp_featured_video":"","42wp_featured_image_hidden":false,"42wp_authors_list":[],"footnotes":""},"categories":[8],"tags":[2058,1488,7244,221,1391,1293,9621,1528,9622],"42wp_author":[14239],"class_list":["post-6441","post","type-post","status-publish","format-standard","has-post-thumbnail","hentry","category-motogp","tag-enea-bastianini","tag-grande-premio","tag-herve-poncharal","tag-honda","tag-maverick-vinales","tag-motogp","tag-motogp-2025","tag-tech3","tag-temporada-2025-motogp","42wp_author-jp-otrosky"],"_links":{"self":[{"href":"https:\/\/grandepremio.com\/es\/wp-json\/wp\/v2\/posts\/6441","targetHints":{"allow":["GET"]}}],"collection":[{"href":"https:\/\/grandepremio.com\/es\/wp-json\/wp\/v2\/posts"}],"about":[{"href":"https:\/\/grandepremio.com\/es\/wp-json\/wp\/v2\/types\/post"}],"replies":[{"embeddable":true,"href":"https:\/\/grandepremio.com\/es\/wp-json\/wp\/v2\/comments?post=6441"}],"version-history":[{"count":0,"href":"https:\/\/grandepremio.com\/es\/wp-json\/wp\/v2\/posts\/6441\/revisions"}],"wp:featuredmedia":[{"embeddable":true,"href":"https:\/\/grandepremio.com\/es\/wp-json\/wp\/v2\/media\/1010350290"}],"wp:attachment":[{"href":"https:\/\/grandepremio.com\/es\/wp-json\/wp\/v2\/media?parent=6441"}],"wp:term":[{"taxonomy":"category","embeddable":true,"href":"https:\/\/grandepremio.com\/es\/wp-json\/wp\/v2\/categories?post=6441"},{"taxonomy":"post_tag","embeddable":true,"href":"https:\/\/grandepremio.com\/es\/wp-json\/wp\/v2\/tags?post=6441"},{"taxonomy":"42wp_author","embeddable":true,"href":"https:\/\/grandepremio.com\/es\/wp-json\/wp\/v2\/42wp_author?post=6441"}],"curies":[{"name":"wp","href":"https:\/\/api.w.org\/{rel}","templated":true}]}}