{"id":6460,"date":"2025-07-07T11:18:11","date_gmt":"2025-07-07T14:18:11","guid":{"rendered":"https:\/\/grandepremio.com\/es\/2025\/07\/07\/padre-verstappen-discute-horner-silverstone-aumenta-tension-red-bull\/"},"modified":"2025-07-07T11:18:15","modified_gmt":"2025-07-07T14:18:15","slug":"padre-verstappen-discute-horner-silverstone-aumenta-tension-red-bull","status":"publish","type":"post","link":"https:\/\/grandepremio.com\/es\/f1\/padre-verstappen-discute-horner-silverstone-aumenta-tension-red-bull\/","title":{"rendered":"Padre de Verstappen discute con Horner en Silverstone y aumenta tensi\u00f3n en Red Bull"},"content":{"rendered":"\n<p class=\"wp-block-paragraph\">El clima en <strong>Red Bull<\/strong> sigue siendo turbulento y con un futuro incierto que involucra a <strong>Max Verstappen<\/strong> e incluso a <strong>Christian Horner<\/strong>, el jefe del equipo, quien ha estado perdiendo fuerza entre bastidores. El fin de semana pasado, durante el <strong>GP de Gran Breta\u00f1a<\/strong> en <strong>Silverstone<\/strong>, la tensi\u00f3n aument\u00f3 y, seg\u00fan el sitio web alem\u00e1n <em>F1 Insider<\/em>, Horner y el padre del cuatro veces campe\u00f3n del mundo, <strong>Jos Verstappen<\/strong>, discutieron en el paddock.<\/p>\n\n\n\n<p class=\"wp-block-paragraph\">La conversaci\u00f3n tuvo lugar el domingo por la noche, despu\u00e9s de la carrera, en la que el neerland\u00e9s consigui\u00f3 la pole position, pero termin\u00f3 en quinto lugar. Seg\u00fan el sitio web alem\u00e1n, la discusi\u00f3n entre ambos fue \u00abinaudible, pero acompa\u00f1ada de un tono de voz no necesariamente amistoso\u00bb, lo que aviv\u00f3 a\u00fan m\u00e1s la noticia del distanciamiento de Horner del equipo de Max dentro del equipo austr\u00edaco.<\/p>\n\n\n\n<p class=\"wp-block-paragraph\">\ud83d\udfe5&nbsp;<strong><em>\u00a1Todas las novedades te esperan en el canal de&nbsp;<\/em><\/strong><a href=\"https:\/\/www.youtube.com\/@GrandePremioES\"><em>YouTube<\/em><\/a><strong><em>&nbsp;de Grande Pr\u00eamio en Espa\u00f1ol!<\/em><\/strong>&nbsp;\ud83d\udfe8<\/p>\n\n\n\n<figure class=\"wp-block-embed is-type-rich is-provider-gestor-del-servicio wp-block-embed-gestor-del-servicio wp-embed-aspect-16-9 wp-has-aspect-ratio\"><div class=\"wp-block-embed__wrapper\">\nhttps:\/\/youtube.com\/watch?v=Lc2NjB6Uwb4%3Ffeature%3Doembed\n<\/div><\/figure>\n\n\n\n<p class=\"wp-block-paragraph\">La situaci\u00f3n en torno al futuro de Verstappen cobr\u00f3 a\u00fan m\u00e1s fuerza tras la publicaci\u00f3n en el sitio web de la revista alemana <em>Auto Motor und Sport<\/em> de un informe que afirma que la permanencia del tetracampe\u00f3n, quien est\u00e1 en conversaciones con <strong>Mercedes<\/strong>, est\u00e1 condicionada a la reducci\u00f3n de poder en manos de Horner. Este ser\u00eda el principal plan de ataque de la familia Verstappen, aunque Max podr\u00eda activar cl\u00e1usulas de salida debido al rendimiento del equipo.<\/p>\n\n\n\n<p class=\"wp-block-paragraph\">La demanda, seg\u00fan la publicaci\u00f3n, implicar\u00eda una nueva divisi\u00f3n de poderes en sectores como ingenier\u00eda, motores y marketing, \u00e1reas que actualmente est\u00e1n bajo el control casi absoluto de Horner. El modelo solicitado ser\u00eda similar al de <strong>McLaren<\/strong>, que distribu\u00eda las funciones estrat\u00e9gicas entre diferentes l\u00edderes ejecutivos.<\/p>\n\n\n\n<p class=\"wp-block-paragraph\">En declaraciones a <strong>GRANDE PR\u00caMIO<\/strong>, el directivo defendi\u00f3 el m\u00e9todo de trabajo actual al frente de Red Bull, afirmando que el esquema que centraliza el poder en sus manos \u00abfunciona incre\u00edblemente bien\u00bb en la F1.<\/p>\n\n\n\n<p class=\"wp-block-paragraph\">\u00abCreo que la estructura de cada equipo es diferente. El rol de director en diferentes equipos, aunque el t\u00edtulo tenga el mismo nombre, la definici\u00f3n del rol es muy diferente\u00bb, comenz\u00f3 Horner.<\/p>\n\n\n\n<figure class=\"wp-block-image size-large\"><img decoding=\"async\" src=\"https:\/\/grandepremio.com\/es\/wp-content\/uploads\/2025\/07\/SI202506280891-1024x683.jpg\" alt=\"\" class=\"wp-image-348565\"\/><figcaption class=\"wp-element-caption\">Christian Horner defendi\u00f3 su metodolog\u00eda de trabajo en Red Bull. (Foto: Getty Images \/ Red Bull Content Pool)<\/figcaption><\/figure>\n\n\n\n<p class=\"wp-block-paragraph\">\u23e9\u00a0<strong><em>\u00a1Seguinos en redes por\u00a0<\/em><\/strong><a href=\"https:\/\/twitter.com\/grandepremioES\"><em>Twitter\u00a0<\/em><\/a><strong><em>e\u00a0<\/em><\/strong><a href=\"https:\/\/www.instagram.com\/grandepremioes\/\"><em>Instagram!<\/em><\/a><br>\u23e9\u00a0<strong><em>Adem\u00e1s, tenemos nuestro\u00a0<\/em><\/strong><a href=\"https:\/\/whatsapp.com\/channel\/0029VaDZ5zb0gcfDxuwxBM05\"><em>canal de Whatsapp<\/em><\/a><strong><em>\u00a0con toda la informaci\u00f3n al instante<\/em><\/strong>\u00a0\ud83c\udfc1<\/p>\n\n\n\n<p class=\"wp-block-paragraph\">\u00abMcLaren tiene actividades de <strong>IndyCar<\/strong>, de autos deportivos y una amplia gama de actividades. En Red Bull, tengo una estructura clara que me reporta, similar a la que probablemente tienen <strong>Andy<\/strong> [<strong>Cowell<\/strong>, jefe de <strong>Aston Martin<\/strong>] o <strong>Toto Wolff<\/strong> [jefe de Mercedes], donde las competencias principales me reportan. <strong>Pierre Wach\u00e9<\/strong> probablemente desempe\u00f1a el 80% del rol que quiz\u00e1s desempe\u00f1a <strong>Andrea [Stella]<\/strong> en McLaren\u00bb, compar\u00f3.<\/p>\n\n\n\n<p class=\"wp-block-paragraph\">\u00abSimplemente es un rol diferente, funciones diferentes, una estructura diferente. Es una estructura que nos ha funcionado incre\u00edblemente bien tanto dentro como fuera de la pista\u00bb, asegur\u00f3, se\u00f1alando tambi\u00e9n que Red Bull tiene \u00abuna alta direcci\u00f3n muy unida\u00bb y \u00abuna estructura muy s\u00f3lida\u00bb.<\/p>\n\n\n\n<p class=\"wp-block-paragraph\">\u00abContamos con una s\u00f3lida base. No creemos, y yo desde luego no creo, que sea necesario cambiarla ni ajustarla. Claro que una organizaci\u00f3n siempre est\u00e1 ajustando y mejorando, pero nuestra estructura, su posicionamiento, es muy claro\u00bb, concluy\u00f3.<\/p>\n\n\n\n<p class=\"wp-block-paragraph\">La&nbsp;<strong>F\u00f3rmula 1<\/strong>&nbsp;regresa del 25 al 27 de julio en&nbsp;<strong>Spa-Francorchamps<\/strong>, escenario del&nbsp;<strong>Gran Premio de B\u00e9lgica<\/strong>, 13\u00aa fecha de la&nbsp;<strong>temporada 2025<\/strong>.<\/p>\n","protected":false},"excerpt":{"rendered":"<p>Seg\u00fan el portal alem\u00e1n F1 Insider, Jos Verstappen y Christian Horner, jefe del equipo, discutieron en el paddock despu\u00e9s del GP de Gran Breta\u00f1a.<\/p>\n","protected":false},"author":0,"featured_media":1010350133,"comment_status":"closed","ping_status":"closed","sticky":false,"template":"","format":"standard","meta":{"42wp_featured_image_caption":"","42wp_featured_image_credits":"","42wp_featured_video":"","42wp_featured_image_hidden":false,"42wp_authors_list":[],"footnotes":""},"categories":[5],"tags":[1336,1710,179,507,823,249,206,480],"42wp_author":[14240],"class_list":["post-6460","post","type-post","status-publish","format-standard","has-post-thumbnail","hentry","category-f1","tag-christian-horner","tag-f1-2025","tag-formula-1","tag-gp-de-gran-bretana","tag-jos-verstappen","tag-max-verstappen","tag-red-bull","tag-silverstone","42wp_author-ignacio-bogado"],"_links":{"self":[{"href":"https:\/\/grandepremio.com\/es\/wp-json\/wp\/v2\/posts\/6460","targetHints":{"allow":["GET"]}}],"collection":[{"href":"https:\/\/grandepremio.com\/es\/wp-json\/wp\/v2\/posts"}],"about":[{"href":"https:\/\/grandepremio.com\/es\/wp-json\/wp\/v2\/types\/post"}],"replies":[{"embeddable":true,"href":"https:\/\/grandepremio.com\/es\/wp-json\/wp\/v2\/comments?post=6460"}],"version-history":[{"count":0,"href":"https:\/\/grandepremio.com\/es\/wp-json\/wp\/v2\/posts\/6460\/revisions"}],"wp:featuredmedia":[{"embeddable":true,"href":"https:\/\/grandepremio.com\/es\/wp-json\/wp\/v2\/media\/1010350133"}],"wp:attachment":[{"href":"https:\/\/grandepremio.com\/es\/wp-json\/wp\/v2\/media?parent=6460"}],"wp:term":[{"taxonomy":"category","embeddable":true,"href":"https:\/\/grandepremio.com\/es\/wp-json\/wp\/v2\/categories?post=6460"},{"taxonomy":"post_tag","embeddable":true,"href":"https:\/\/grandepremio.com\/es\/wp-json\/wp\/v2\/tags?post=6460"},{"taxonomy":"42wp_author","embeddable":true,"href":"https:\/\/grandepremio.com\/es\/wp-json\/wp\/v2\/42wp_author?post=6460"}],"curies":[{"name":"wp","href":"https:\/\/api.w.org\/{rel}","templated":true}]}}