{"id":6461,"date":"2025-07-07T11:13:00","date_gmt":"2025-07-07T14:13:00","guid":{"rendered":"https:\/\/grandepremio.com\/es\/2025\/07\/07\/ferrari-negocia-renovacion-vasseur-formula-1-2025\/"},"modified":"2025-07-07T11:13:04","modified_gmt":"2025-07-07T14:13:04","slug":"ferrari-negocia-renovacion-vasseur-formula-1-2025","status":"publish","type":"post","link":"https:\/\/grandepremio.com\/es\/f1\/ferrari-negocia-renovacion-vasseur-formula-1-2025\/","title":{"rendered":"CEO de Ferrari negocia renovaci\u00f3n de Vasseur, pero descarta plazos: &#8220;Hay tiempo&#8221;"},"content":{"rendered":"\n<p class=\"wp-block-paragraph\"><strong>Ferrari<\/strong> confirm\u00f3 el pasado fin de semana que est\u00e1 negociando la renovaci\u00f3n del contrato del actual jefe del equipo en la <strong>F\u00f3rmula 1, Fr\u00e9d\u00e9ric Vasseur,<\/strong> pero se mantuvo herm\u00e9tico sobre cu\u00e1ndo definir\u00e1 la continuidad del franc\u00e9s. El CEO de la compa\u00f1\u00eda<strong>, Benedetto Vigna, <\/strong>afirm\u00f3 que a\u00fan queda tiempo, pero que las conversaciones iniciales han dejado a la directiva italiana con una sensaci\u00f3n de confianza.<\/p>\n\n\n\n<p class=\"wp-block-paragraph\">El futuro de Vasseur salt\u00f3 a los titulares durante la semana del <strong>Gran Premio de Canad\u00e1.<\/strong> En aquel momento, La Gazzetta dello Sport public\u00f3 que el m\u00e1nager hab\u00eda recibido un ultim\u00e1tum y que tendr\u00eda las tres pr\u00f3ximas carreras del calendario -Canad\u00e1, Austria y Gran Breta\u00f1a- para justificar una renovaci\u00f3n. Tambi\u00e9n se hablaba de<strong> Antonello Coletta<\/strong>, responsable del programa en el<strong> WEC<\/strong> de Ferrari, como probable sustituto.<\/p>\n\n\n\n<figure class=\"wp-block-embed is-type-video is-provider-youtube wp-block-embed-youtube wp-embed-aspect-16-9 wp-has-aspect-ratio\"><div class=\"wp-block-embed__wrapper\">\n<iframe loading=\"lazy\" title=\"NORRIS Y H\u00dcLKENBERG FESTEJAN Y COLAPINTO SUFRE EN INGLATERRA\" width=\"500\" height=\"281\" src=\"https:\/\/www.youtube.com\/embed\/Lc2NjB6Uwb4?feature=oembed\" frameborder=\"0\" allow=\"accelerometer; autoplay; clipboard-write; encrypted-media; gyroscope; picture-in-picture; web-share\" referrerpolicy=\"strict-origin-when-cross-origin\" allowfullscreen><\/iframe>\n<\/div><\/figure>\n\n\n\n<p class=\"wp-block-paragraph\">Vasseur, por su parte, recibi\u00f3 el apoyo incluso de sus rivales directos en el campeonato, <strong>Christian Horner, Zak Brown y Toto Wolff<\/strong>, as\u00ed como tambi\u00e9n de<strong> Lewis Hamilton,<\/strong> que se\u00f1al\u00f3 lo decisiva que fue la presencia del franc\u00e9s en su fichaje por Ferrari.<\/p>\n\n\n\n<p class=\"wp-block-paragraph\">Tambi\u00e9n hubo una carrera contrarreloj con las actualizaciones. En Austria, el tan esperado nuevo suelo se mont\u00f3 por fin en la <strong>SF-25<\/strong>, y Ferrari logr\u00f3 una gran clasificaci\u00f3n con <strong>Charles Leclerc<\/strong> y Hamilton que se tradujo en un podio para el monegasco. De todos modos, el d\u00fao no pudo repetir la haza\u00f1a en Inglaterra.<\/p>\n\n\n\n<p class=\"wp-block-paragraph\"><strong><em>\u00a1Todas las novedades te esperan en el canal de\u00a0<a href=\"https:\/\/www.youtube.com\/@GrandePremioES\" target=\"_blank\" rel=\"noreferrer noopener\">YouTube<\/a>\u00a0de Grande Pr\u00eamio en Espa\u00f1ol!<\/em><\/strong><\/p>\n\n\n\n<figure class=\"wp-block-image size-full\"><img decoding=\"async\" src=\"https:\/\/grandepremio.com\/es\/wp-content\/uploads\/2025\/01\/benedetto-vigna.webp\" alt=\"\" class=\"wp-image-311142\"\/><figcaption class=\"wp-element-caption\">Benedetto Vigna, CEO de Ferrari,habl\u00f3 sobre la continuidad de Fr\u00e9d\u00e9ric Vasseur al frente del equipo. (Foto: Bloomberg)<\/figcaption><\/figure>\n\n\n\n<p class=\"wp-block-paragraph\"><strong><em>\u00a1Seguinos en redes por\u00a0<a href=\"https:\/\/twitter.com\/grandepremioES\" target=\"_blank\" rel=\"noreferrer noopener\">Twitter\u00a0<\/a>e\u00a0<a href=\"https:\/\/www.instagram.com\/grandepremioes\/\" target=\"_blank\" rel=\"noreferrer noopener\">Instagram!<\/a><\/em><\/strong><br><strong><em>Adem\u00e1s, tenemos nuestro\u00a0<a href=\"https:\/\/whatsapp.com\/channel\/0029VaDZ5zb0gcfDxuwxBM05\" target=\"_blank\" rel=\"noreferrer noopener\">canal de Whatsapp<\/a>\u00a0con toda la informaci\u00f3n al instante<\/em><\/strong><\/p>\n\n\n\n<p class=\"wp-block-paragraph\">Presente en Silverstone, Vigna habl\u00f3 con la cadena Sky Sports sobre el rendimiento de Ferrari justo despu\u00e9s de la clasificaci\u00f3n. &#8220;Los autos empiezan a ser m\u00e1s competitivos. Los equipos crecen afrontando dificultades, como he dicho. La uni\u00f3n hace la fuerza, es verdad. Es fundamental&#8221;, comenz\u00f3.<\/p>\n\n\n\n<p class=\"wp-block-paragraph\">&#8220;En Ferrari, eso est\u00e1 presente en todo lo que hacemos. Y yo tambi\u00e9n lo veo aqu\u00ed. Lo he respirado con placer en estas 48 horas&#8221;, subray\u00f3.<\/p>\n\n\n\n<p class=\"wp-block-paragraph\">Vigna no rehuy\u00f3 la pregunta sobre el futuro de Vasseur. \u00abFred es el jefe del equipo\u00bb, subray\u00f3, neg\u00e1ndose a dar un plazo para la decisi\u00f3n final. &#8220;Estamos en julio, tenemos tiempo. Lo estamos hablando, hay confianza. Hemos comido juntos y nos volveremos a ver&#8221;, concluy\u00f3.<\/p>\n\n\n\n<p class=\"wp-block-paragraph\"><strong>La F\u00f3rmula 1 regresa del 25 al 27 de julio en Spa-Francorchamps, que acoge el Gran Premio de B\u00e9lgica.<\/strong><\/p>\n\n\n\n<p class=\"wp-block-paragraph\"><\/p>\n","protected":false},"excerpt":{"rendered":"<p>Benedetto Vigna, CEO de Ferrari, expres\u00f3 confianza en la renovaci\u00f3n del contrato de Fr\u00e9d\u00e9ric Vasseur como jefe del equipo de F\u00f3rmula 1, aunque no dio detalles de cu\u00e1ndo se definir\u00e1 su situaci\u00f3n.<\/p>\n","protected":false},"author":0,"featured_media":1010346213,"comment_status":"closed","ping_status":"closed","sticky":false,"template":"","format":"standard","meta":{"42wp_featured_image_caption":"","42wp_featured_image_credits":"","42wp_featured_video":"","42wp_featured_image_hidden":false,"42wp_authors_list":[],"footnotes":""},"categories":[5],"tags":[4184,181,1710,185,179,1892],"42wp_author":[14223],"class_list":["post-6461","post","type-post","status-publish","format-standard","has-post-thumbnail","hentry","category-f1","tag-benedetto-vigna","tag-f1","tag-f1-2025","tag-ferrari","tag-formula-1","tag-frederic-vasseur-3","42wp_author-esteban-nieto"],"_links":{"self":[{"href":"https:\/\/grandepremio.com\/es\/wp-json\/wp\/v2\/posts\/6461","targetHints":{"allow":["GET"]}}],"collection":[{"href":"https:\/\/grandepremio.com\/es\/wp-json\/wp\/v2\/posts"}],"about":[{"href":"https:\/\/grandepremio.com\/es\/wp-json\/wp\/v2\/types\/post"}],"replies":[{"embeddable":true,"href":"https:\/\/grandepremio.com\/es\/wp-json\/wp\/v2\/comments?post=6461"}],"version-history":[{"count":0,"href":"https:\/\/grandepremio.com\/es\/wp-json\/wp\/v2\/posts\/6461\/revisions"}],"wp:featuredmedia":[{"embeddable":true,"href":"https:\/\/grandepremio.com\/es\/wp-json\/wp\/v2\/media\/1010346213"}],"wp:attachment":[{"href":"https:\/\/grandepremio.com\/es\/wp-json\/wp\/v2\/media?parent=6461"}],"wp:term":[{"taxonomy":"category","embeddable":true,"href":"https:\/\/grandepremio.com\/es\/wp-json\/wp\/v2\/categories?post=6461"},{"taxonomy":"post_tag","embeddable":true,"href":"https:\/\/grandepremio.com\/es\/wp-json\/wp\/v2\/tags?post=6461"},{"taxonomy":"42wp_author","embeddable":true,"href":"https:\/\/grandepremio.com\/es\/wp-json\/wp\/v2\/42wp_author?post=6461"}],"curies":[{"name":"wp","href":"https:\/\/api.w.org\/{rel}","templated":true}]}}