{"id":6499,"date":"2025-07-05T16:20:15","date_gmt":"2025-07-05T19:20:15","guid":{"rendered":"https:\/\/grandepremio.com\/es\/2025\/07\/05\/mercedes-cita-aspectos-positivos-clasificacion-aspira-podio-silverstone\/"},"modified":"2025-07-05T16:20:18","modified_gmt":"2025-07-05T19:20:18","slug":"mercedes-cita-aspectos-positivos-clasificacion-aspira-podio-silverstone","status":"publish","type":"post","link":"https:\/\/grandepremio.com\/es\/f1\/mercedes-cita-aspectos-positivos-clasificacion-aspira-podio-silverstone\/","title":{"rendered":"Mercedes cita &#8220;aspectos positivos&#8221; de la clasificaci\u00f3n y aspira al podio en Silverstone"},"content":{"rendered":"\n<p class=\"wp-block-paragraph\">Aunque no qued\u00f3 del todo satisfecho con el resultado de <strong>George Russell<\/strong> y <strong>Andrea Kimi Antonelli<\/strong> en la clasificaci\u00f3n del <strong>GP de Gran Breta\u00f1a<\/strong>, celebrada este s\u00e1bado, <strong>Toto Wolff<\/strong> dej\u00f3 claro que el equipo puede sacar algunos &#8220;aspectos positivos&#8221; de la competici\u00f3n. En cualquier caso, el jefe de <strong>Mercedes<\/strong> afirm\u00f3 que el equipo plateado intentar\u00e1 aprovechar el buen tiempo en Silverstone para intentar superar a sus rivales.<\/p>\n\n\n\n<p class=\"wp-block-paragraph\">Con un tiempo de <strong>1min25s029<\/strong>, el piloto brit\u00e1nico fue lo suficientemente r\u00e1pido como para colocar al <strong>W16<\/strong> en la cuarta posici\u00f3n de la parrilla, solo <a href=\"https:\/\/grandepremio.com\/es\/f1\/max-verstappen-pole-gran-bretana-formula-1-2025\/\">por detr\u00e1s de <strong>Max Verstappen<\/strong><\/a>, <strong>Oscar Piastri<\/strong> y <strong>Lando Norris<\/strong>. El italiano, por su parte, marc\u00f3 <strong>1min25s374<\/strong> y se asegur\u00f3 la s\u00e9ptima posici\u00f3n, pero fue relegado a la d\u00e9cima posici\u00f3n debido a la sanci\u00f3n recibida tras el accidente con el cuatro veces campe\u00f3n de <strong>Red Bull<\/strong> en el <strong>GP de Austria<\/strong>.<\/p>\n\n\n\n<p class=\"wp-block-paragraph\">\ud83d\udfe5&nbsp;<strong><em>\u00a1Todas las novedades te esperan en el canal de&nbsp;<\/em><\/strong><a href=\"https:\/\/www.youtube.com\/@GrandePremioES\"><em>YouTube<\/em><\/a><strong><em>&nbsp;de Grande Pr\u00eamio en Espa\u00f1ol!<\/em><\/strong>&nbsp;\ud83d\udfe8<\/p>\n\n\n\n<figure class=\"wp-block-embed is-type-rich is-provider-gestor-del-servicio wp-block-embed-gestor-del-servicio wp-embed-aspect-16-9 wp-has-aspect-ratio\"><div class=\"wp-block-embed__wrapper\">\nhttps:\/\/youtube.com\/watch?v=hq-8g1Knhnw%3Fversion%3D3%26rel%3D1%26showsearch%3D0%26showinfo%3D1%26iv_load_policy%3D1%26fs%3D1%26hl%3Des-ES%26autohide%3D2%26wmode%3Dtransparent\n<\/div><\/figure>\n\n\n\n<p class=\"wp-block-paragraph\">\u201cFue otra gran actuaci\u00f3n en una temporada llena de ellas. Est\u00e1 pilotando fant\u00e1sticamente y esperamos que ma\u00f1ana pueda aspirar al podio\u201d, a\u00f1adi\u00f3 el director del equipo, quien tambi\u00e9n habl\u00f3 sobre el debutante.<\/p>\n\n\n\n<p class=\"wp-block-paragraph\">\u201cEl cuarto y el s\u00e9ptimo puesto nunca ser\u00e1n posiciones con las que estemos realmente satisfechos, pero podemos sacar algo positivo del progreso que hemos logrado tras un viernes dif\u00edcil\u201d, comenz\u00f3. \u201cGeorge hizo un excelente esfuerzo para asegurarse un puesto en la segunda fila, a poco m\u00e1s de 0s1 de la pole, a tan solo unas cent\u00e9simas de los <strong>McLaren<\/strong> y por delante de las dos <strong>Ferrari<\/strong>\u201d, continu\u00f3.<\/p>\n\n\n\n<p class=\"wp-block-paragraph\">\u201cKimi tambi\u00e9n ha progresado mucho desde ayer y el s\u00e9ptimo puesto fue un resultado s\u00f3lido. Por supuesto, tiene una penalizaci\u00f3n en parrilla, pero deber\u00eda tener el ritmo para avanzar\u201d, evalu\u00f3.<\/p>\n\n\n\n<figure class=\"wp-block-image size-large\"><img decoding=\"async\" src=\"https:\/\/grandepremio.com\/es\/wp-content\/uploads\/2025\/07\/Russell-Silverstone-1024x683.jpeg\" alt=\"\" class=\"wp-image-349431\"\/><figcaption class=\"wp-element-caption\">George Russell (Foto: Mercedes)<\/figcaption><\/figure>\n\n\n\n<p class=\"wp-block-paragraph\">\u23e9\u00a0<strong><em>\u00a1Seguinos en redes por\u00a0<\/em><\/strong><a href=\"https:\/\/twitter.com\/grandepremioES\"><em>Twitter\u00a0<\/em><\/a><strong><em>e\u00a0<\/em><\/strong><a href=\"https:\/\/www.instagram.com\/grandepremioes\/\"><em>Instagram!<\/em><\/a><br>\u23e9\u00a0<strong><em>Adem\u00e1s, tenemos nuestro\u00a0<\/em><\/strong><a href=\"https:\/\/whatsapp.com\/channel\/0029VaDZ5zb0gcfDxuwxBM05\"><em>canal de Whatsapp<\/em><\/a><strong><em>\u00a0con toda la informaci\u00f3n al instante<\/em><\/strong>\u00a0\ud83c\udfc1<\/p>\n\n\n\n<p class=\"wp-block-paragraph\">Por \u00faltimo, tambi\u00e9n habl\u00f3 sobre la inestabilidad meteorol\u00f3gica que se espera en <strong>Silverstone<\/strong> este domingo, lo que abre posibilidades de avance para las <strong>Flechas Plateadas<\/strong>. \u201cEl pron\u00f3stico para ma\u00f1ana a\u00fan es incierto, con posibilidad de lluvia en el radar. Nunca se sabe qu\u00e9 puede pasar con estas condiciones, especialmente aqu\u00ed en Silverstone\u201d, declar\u00f3.<\/p>\n\n\n\n<p class=\"wp-block-paragraph\">\u201cIntentaremos aprovechar cualquier oportunidad que se nos presente y hacer una buena actuaci\u00f3n\u201d, concluy\u00f3.<\/p>\n\n\n\n<p class=\"wp-block-paragraph\">La&nbsp;<strong>F\u00f3rmula 1<\/strong>&nbsp;disputa este fin de semana el&nbsp;<strong>Gran Premio de Gran Breta\u00f1a<\/strong>&nbsp;en&nbsp;<strong>Silverstone<\/strong>, duod\u00e9cima prueba de la&nbsp;<strong>temporada 2025<\/strong>.<\/p>\n","protected":false},"excerpt":{"rendered":"<p>El jefe de Mercedes, Toto Wolff, evalu\u00f3 las actuaciones de George Russell y Andrea Kimi Antonelli y dijo que el equipo puede aprovechar el clima cambiante en Silverstone para avanzar.<\/p>\n","protected":false},"author":0,"featured_media":1010349189,"comment_status":"closed","ping_status":"closed","sticky":false,"template":"","format":"standard","meta":{"42wp_featured_image_caption":"","42wp_featured_image_credits":"","42wp_featured_video":"","42wp_featured_image_hidden":false,"42wp_authors_list":[],"footnotes":""},"categories":[5],"tags":[6800,1710,179,253,507,197,480,569,11524],"42wp_author":[14240],"class_list":["post-6499","post","type-post","status-publish","format-standard","has-post-thumbnail","hentry","category-f1","tag-andrea-kimi-antonelli","tag-f1-2025","tag-formula-1","tag-george-russell","tag-gp-de-gran-bretana","tag-mercedes","tag-silverstone","tag-toto-wolff","tag-w16","42wp_author-ignacio-bogado"],"_links":{"self":[{"href":"https:\/\/grandepremio.com\/es\/wp-json\/wp\/v2\/posts\/6499","targetHints":{"allow":["GET"]}}],"collection":[{"href":"https:\/\/grandepremio.com\/es\/wp-json\/wp\/v2\/posts"}],"about":[{"href":"https:\/\/grandepremio.com\/es\/wp-json\/wp\/v2\/types\/post"}],"replies":[{"embeddable":true,"href":"https:\/\/grandepremio.com\/es\/wp-json\/wp\/v2\/comments?post=6499"}],"version-history":[{"count":0,"href":"https:\/\/grandepremio.com\/es\/wp-json\/wp\/v2\/posts\/6499\/revisions"}],"wp:featuredmedia":[{"embeddable":true,"href":"https:\/\/grandepremio.com\/es\/wp-json\/wp\/v2\/media\/1010349189"}],"wp:attachment":[{"href":"https:\/\/grandepremio.com\/es\/wp-json\/wp\/v2\/media?parent=6499"}],"wp:term":[{"taxonomy":"category","embeddable":true,"href":"https:\/\/grandepremio.com\/es\/wp-json\/wp\/v2\/categories?post=6499"},{"taxonomy":"post_tag","embeddable":true,"href":"https:\/\/grandepremio.com\/es\/wp-json\/wp\/v2\/tags?post=6499"},{"taxonomy":"42wp_author","embeddable":true,"href":"https:\/\/grandepremio.com\/es\/wp-json\/wp\/v2\/42wp_author?post=6499"}],"curies":[{"name":"wp","href":"https:\/\/api.w.org\/{rel}","templated":true}]}}