{"id":6525,"date":"2025-07-04T18:27:59","date_gmt":"2025-07-04T21:27:59","guid":{"rendered":"https:\/\/grandepremio.com\/es\/2025\/07\/04\/szafnauer-planea-volver-f1-analiza-posibilidad-comprar-alpine\/"},"modified":"2025-07-04T18:28:03","modified_gmt":"2025-07-04T21:28:03","slug":"szafnauer-planea-volver-f1-analiza-posibilidad-comprar-alpine","status":"publish","type":"post","link":"https:\/\/grandepremio.com\/es\/f1\/szafnauer-planea-volver-f1-analiza-posibilidad-comprar-alpine\/","title":{"rendered":"Szafnauer planea volver a la F1 y analiza la posibilidad de comprar Alpine"},"content":{"rendered":"\n<p class=\"wp-block-paragraph\">El ex jefe de equipo de <strong>F\u00f3rmula 1<\/strong>, <strong>Otmar Szafnauer<\/strong>, est\u00e1 considerando comprar <strong>Alpine<\/strong>, la escuder\u00eda que dirigi\u00f3 entre <strong>2022<\/strong> y <strong>2023<\/strong>. El rumano, que tambi\u00e9n pas\u00f3 por <strong>Force India<\/strong>, <strong>Racing Point<\/strong> y <strong>Aston Martin<\/strong>, ha estado alejado del paddock desde que dej\u00f3 la escuder\u00eda de <strong>Enstone<\/strong> hace casi dos a\u00f1os, pero estudia adquirir un equipo al que regresar.<\/p>\n\n\n\n<p class=\"wp-block-paragraph\">La informaci\u00f3n fue compartida por <em>RacingNews365<\/em>. Inicialmente, el plan era dirigir y financiar un duod\u00e9cimo equipo, como el propio Szafnauer revel\u00f3 anteriormente. Sin embargo, con la entrada de <strong>Cadillac<\/strong> en <strong>2026<\/strong>, la F1 tiende a congelar la parrilla durante algunas temporadas antes de ampliarla de nuevo.<\/p>\n\n\n\n<p class=\"wp-block-paragraph\">As\u00ed que, con la posibilidad de una nueva incorporaci\u00f3n a la grilla muy lejana, la atenci\u00f3n de Szafnauer se ha centrado en Alpine, que atraviesa un momento turbulento entre bastidores.<\/p>\n\n\n\n<p class=\"wp-block-paragraph\">\ud83d\udfe5&nbsp;<strong><em>\u00a1Todas las novedades te esperan en el canal de&nbsp;<\/em><\/strong><a href=\"https:\/\/www.youtube.com\/@GrandePremioES\"><em>YouTube<\/em><\/a><strong><em>&nbsp;de Grande Pr\u00eamio en Espa\u00f1ol!<\/em><\/strong>&nbsp;\ud83d\udfe8<\/p>\n\n\n\n<figure class=\"wp-block-image size-full\"><img decoding=\"async\" src=\"https:\/\/grandepremio.com\/es\/wp-content\/uploads\/..\/gp_br_uploads\/2025\/06\/austria-2025-f1-treinos-livres-alpine-franco-colapinto-afp-01.jpg\" alt=\"\" class=\"wp-image-347407\"\/><figcaption class=\"wp-element-caption\">Otmar Szafnauer analiza adquirir Alpine y regresar a la F\u00f3rmula 1. (Foto: AFP) <\/figcaption><\/figure>\n\n\n\n<p class=\"wp-block-paragraph\">\u23e9\u00a0<strong><em>\u00a1Seguinos en redes por\u00a0<\/em><\/strong><a href=\"https:\/\/twitter.com\/grandepremioES\"><em>Twitter\u00a0<\/em><\/a><strong><em>e\u00a0<\/em><\/strong><a href=\"https:\/\/www.instagram.com\/grandepremioes\/\"><em>Instagram!<\/em><\/a><br>\u23e9\u00a0<strong><em>Adem\u00e1s, tenemos nuestro\u00a0<\/em><\/strong><a href=\"https:\/\/whatsapp.com\/channel\/0029VaDZ5zb0gcfDxuwxBM05\"><em>canal de Whatsapp<\/em><\/a><strong><em>\u00a0con toda la informaci\u00f3n al instante<\/em><\/strong>\u00a0\ud83c\udfc1<\/p>\n\n\n\n<p class=\"wp-block-paragraph\">El mes pasado, <a href=\"https:\/\/grandepremio.com\/es\/f1\/luca-de-meo-renuncia-ceo-grupo-renault-alpine-f1-2025\/\"><strong>Luca de Meo<\/strong> renunci\u00f3 por sorpresa como director general de <strong>Renault<\/strong><\/a> y abandona el mundo del motor para convertirse en director general de una marca de ropa de lujo. La escuder\u00eda tampoco cuenta con un jefe permanente desde la <a href=\"https:\/\/grandepremio.com\/es\/f1\/oliver-oakes-renuncia-franco-colapinto-formula-1-2025\/\">marcha de <strong>Oliver Oakes<\/strong> en mayo<\/a>. De momento, <strong>Flavio Briatore<\/strong> est\u00e1 supliendo la ausencia de un jefe de pista.<\/p>\n\n\n\n<p class=\"wp-block-paragraph\">Seg\u00fan <em>RacingNews365<\/em>, Szafnauer se puso en contacto con De Meo para discutir la posibilidad de comprar Alpine antes de su renuncia. Tras un tiempo, la propuesta fue rechazada.<\/p>\n\n\n\n<p class=\"wp-block-paragraph\">El siguiente paso para el ex directivo ser\u00e1 ver qui\u00e9n tomar\u00e1 el relevo de De Meo como CEO. A partir de ah\u00ed, podr\u00edan surgir nuevas conversaciones. El optimismo del rumano radica en el hecho de que Alpine ya no correr\u00e1 con motores Renault en la F1 2026, lo que podr\u00eda aumentar el inter\u00e9s por una venta.<\/p>\n\n\n\n<p class=\"wp-block-paragraph\">La&nbsp;<strong>F\u00f3rmula 1<\/strong>&nbsp;disputa este fin de semana el&nbsp;<strong>Gran Premio de Gran Breta\u00f1a<\/strong>&nbsp;en&nbsp;<strong>Silverstone<\/strong>, duod\u00e9cima prueba de la&nbsp;<strong>temporada 2025<\/strong>.<\/p>\n\n\n\n<figure class=\"wp-block-embed is-type-rich is-provider-gestor-del-servicio wp-block-embed-gestor-del-servicio wp-embed-aspect-16-9 wp-has-aspect-ratio\"><div class=\"wp-block-embed__wrapper\">\nhttps:\/\/youtube.com\/watch?v=hq-8g1Knhnw%3Fversion%3D3%26rel%3D1%26showsearch%3D0%26showinfo%3D1%26iv_load_policy%3D1%26fs%3D1%26hl%3Des-ES%26autohide%3D2%26wmode%3Dtransparent\n<\/div><\/figure>\n","protected":false},"excerpt":{"rendered":"<p>El ex jefe de Alpine, Otmar Szafnauer, estudia comprar la escuder\u00eda de Enstone para volver a los focos de la F\u00f3rmula 1 tras casi dos a\u00f1os de ausencia.<\/p>\n","protected":false},"author":0,"featured_media":1010328816,"comment_status":"closed","ping_status":"closed","sticky":false,"template":"","format":"standard","meta":{"42wp_featured_image_caption":"","42wp_featured_image_credits":"","42wp_featured_video":"","42wp_featured_image_hidden":false,"42wp_authors_list":[],"footnotes":""},"categories":[5],"tags":[678,1560,1710,2326,179,683,10593,1562],"42wp_author":[14240],"class_list":["post-6525","post","type-post","status-publish","format-standard","has-post-thumbnail","hentry","category-f1","tag-alpine","tag-cadillac","tag-f1-2025","tag-flavio-briatore","tag-formula-1","tag-luca-de-meo","tag-oliver-oakes","tag-otmar-szafnauer","42wp_author-ignacio-bogado"],"_links":{"self":[{"href":"https:\/\/grandepremio.com\/es\/wp-json\/wp\/v2\/posts\/6525","targetHints":{"allow":["GET"]}}],"collection":[{"href":"https:\/\/grandepremio.com\/es\/wp-json\/wp\/v2\/posts"}],"about":[{"href":"https:\/\/grandepremio.com\/es\/wp-json\/wp\/v2\/types\/post"}],"replies":[{"embeddable":true,"href":"https:\/\/grandepremio.com\/es\/wp-json\/wp\/v2\/comments?post=6525"}],"version-history":[{"count":0,"href":"https:\/\/grandepremio.com\/es\/wp-json\/wp\/v2\/posts\/6525\/revisions"}],"wp:featuredmedia":[{"embeddable":true,"href":"https:\/\/grandepremio.com\/es\/wp-json\/wp\/v2\/media\/1010328816"}],"wp:attachment":[{"href":"https:\/\/grandepremio.com\/es\/wp-json\/wp\/v2\/media?parent=6525"}],"wp:term":[{"taxonomy":"category","embeddable":true,"href":"https:\/\/grandepremio.com\/es\/wp-json\/wp\/v2\/categories?post=6525"},{"taxonomy":"post_tag","embeddable":true,"href":"https:\/\/grandepremio.com\/es\/wp-json\/wp\/v2\/tags?post=6525"},{"taxonomy":"42wp_author","embeddable":true,"href":"https:\/\/grandepremio.com\/es\/wp-json\/wp\/v2\/42wp_author?post=6525"}],"curies":[{"name":"wp","href":"https:\/\/api.w.org\/{rel}","templated":true}]}}