{"id":6594,"date":"2025-07-01T15:16:44","date_gmt":"2025-07-01T18:16:44","guid":{"rendered":"https:\/\/grandepremio.com\/es\/2025\/07\/01\/osullivan-compara-automovilismo-japones-europeo-super-formula-2025\/"},"modified":"2025-07-01T15:17:29","modified_gmt":"2025-07-01T18:17:29","slug":"osullivan-compara-automovilismo-japones-europeo-super-formula-2025","status":"publish","type":"post","link":"https:\/\/grandepremio.com\/es\/super-formula\/osullivan-compara-automovilismo-japones-europeo-super-formula-2025\/","title":{"rendered":"O&#8217;Sullivan compara el automovilismo japon\u00e9s con el europeo: &#8220;Todo depende del piloto&#8221;"},"content":{"rendered":"\n<p class=\"wp-block-paragraph\">Uno de los pilotos que ha hecho el salto este a\u00f1o al automovilismo japon\u00e9s fue <strong>Zak O&#8217;Sullivan<\/strong>, que no pudo continuar su carrera en la<strong> F\u00f3rmula 2,<\/strong> donde era piloto de la academia del equipo <strong>Williams <\/strong>de la <strong>F\u00f3rmula 1<\/strong>, y no solo que compite en <strong>S\u00faper F\u00f3rmula<\/strong>, sino, tambi\u00e9n, en el <strong>S\u00faper GT<\/strong> dentro de la clase GT300.<\/p>\n\n\n\n<p class=\"wp-block-paragraph\">\ud83d\udfe5&nbsp;<strong><em>\u00a1Todas las novedades te esperan en el canal de&nbsp;<\/em><\/strong><a href=\"https:\/\/www.youtube.com\/@GrandePremioES\"><em>YouTube<\/em><\/a><strong><em>&nbsp;de Grande Pr\u00eamio en Espa\u00f1ol!<\/em><\/strong>&nbsp;\ud83d\udfe8<\/p>\n\n\n\n<p class=\"wp-block-paragraph\">En una entrevista exclusiva con <strong>GRANDE PREMIO<\/strong> en Espa\u00f1ol, el piloto brit\u00e1nico realiz\u00f3 una comparaci\u00f3n del formato de carrera entre la categor\u00eda japonesa de monoplaza con la F\u00f3rmula 2: <strong>&#8220;En la F2 hay una sola clasificaci\u00f3n que determina las posiciones y la grilla invertida, eso cambia un poco. Por eso, lo bueno de la S\u00faper F\u00f3rmula es que hay dos chances de hacer un fin de semana y se otorgan los mismos puntos en las dos carreras, son dos fines de semana en uno, algo que no pasa en la F\u00f3rmula 2&#8221;. <\/strong><\/p>\n\n\n\n<p class=\"wp-block-paragraph\">&#8220;<strong>Lo encontr\u00e9 bastante interesante, obviamente que tenemos un entrenamiento m\u00e1s que en la F2. Un fin de semana doble de la S\u00faper F\u00f3rmula son varios fines de semana seguidos de carreras (de F2), lo que lo hace m\u00e1s interesante para m\u00ed como debutante y estoy muy feliz por tener m\u00e1s chances, especialmente al inicio de la temporada&#8221;<\/strong>, a\u00f1adi\u00f3. <\/p>\n\n\n\n<figure class=\"wp-block-embed is-type-video is-provider-youtube wp-block-embed-youtube wp-embed-aspect-16-9 wp-has-aspect-ratio\"><div class=\"wp-block-embed__wrapper\">\n<iframe loading=\"lazy\" title=\"NORRIS SE REIVINDICA Y SE IMPONE CON FIRMEZA EN AUSTRIA\" width=\"500\" height=\"281\" src=\"https:\/\/www.youtube.com\/embed\/0tq4IDngp_g?feature=oembed\" frameborder=\"0\" allow=\"accelerometer; autoplay; clipboard-write; encrypted-media; gyroscope; picture-in-picture; web-share\" referrerpolicy=\"strict-origin-when-cross-origin\" allowfullscreen><\/iframe>\n<\/div><\/figure>\n\n\n\n<p class=\"wp-block-paragraph\"><strong>\u201cNo creo que haya una gran diferencia entre las dos carreras, para ser honesto, aunque s\u00ed que la ventana de paradas se abre m\u00e1s temprano en la segunda carrera y es m\u00e1s larga que la carrera del s\u00e1bado, pero son solo 3 vueltas m\u00e1s. Lo bueno es que hay dos clasificaciones separadas y se pueden obtener diferentes resultados\u201d<\/strong>, consign\u00f3 el piloto del <strong>Kondo Racing<\/strong> sobre el cambio de formato para este a\u00f1o con una carrera m\u00e1s corta que la otra en los fines de semana dobles.<\/p>\n\n\n\n<p class=\"wp-block-paragraph\">Antes de llegar a la <strong>IndyCar<\/strong>, fue <strong>\u00c1lex Palou <\/strong>el que <a href=\"https:\/\/www.youtube.com\/watch?v=a0Ue0Q-5bfo&amp;t=4s\" target=\"_blank\" rel=\"noreferrer noopener\">coment\u00f3 que ve\u00eda en su paso por el automovilismo de Jap\u00f3n una mayor importancia al piloto que a la parte de ingenier\u00eda<\/a>, O&#8217;Sullivan dio su punto de vista al ser consultado por este medio: <strong>\u201cEs muy diferente el automovilismo japon\u00e9s comparado con el europeo. Creo que lo hace bastante \u00fanico porque el piloto tiene m\u00e1s peso que el ingeniero, si le hago un comentario a mi ingeniero, cambiar\u00e1n lo necesario en el auto, lo cual es muy bueno, no solo porque mejora el &#8216;feeling&#8217; en el auto, sino tambi\u00e9n porque son autos muy complejos, un peque\u00f1o cambio en el auto te va a ayudar, pero la parte aerodin\u00e1mica puede ser compleja\u201d.<\/strong><\/p>\n\n\n\n<p class=\"wp-block-paragraph\">Para el actual compa\u00f1ero de <strong>Kenta Yamashita<\/strong>, en el pa\u00eds del sol naciente se conf\u00eda m\u00e1s en el talento y la experiencia del piloto que en Europa: <strong>\u201cEl otro gran cambio es la forma en la que todo se opera, aqu\u00ed se est\u00e1 m\u00e1s orientado al piloto. En Europa te dan mucha informaci\u00f3n sobre procedimientos, que es lo que tenes que hacer y consideran que eso alcanza para salir a pista. En Jap\u00f3n todo depende m\u00e1s del piloto, incluso con el calentamiento de las gomas y el procedimiento de largada, etc, todo depende de la experiencia del piloto y sus capacidades, porque la Super F\u00f3rmula es un campeonato profesional y se espera que los pilotos que llegan a correr ya cuenten con experiencia (en automovilismo)\u201d.<\/strong><\/p>\n\n\n\n<figure class=\"wp-block-image size-large\"><img decoding=\"async\" src=\"https:\/\/grandepremio.com\/cdn-cgi\/image\/width=893,height=558,fit=contain,gravity=0.5x0.5,quality=75,format=webp\/es\/wp-content\/uploads\/2025\/07\/image-1-1024x682.png\" alt=\"\" class=\"wp-image-348634\"\/><figcaption class=\"wp-element-caption\">Zak O&#8217;Sullivan estuvo probando hace un mes en los test colectivos de la S\u00faper F\u00f3rmula en Fuji. (Foto: JRP)<\/figcaption><\/figure>\n\n\n\n<p class=\"wp-block-paragraph\">De cara al resto de la temporada, Zak admite que le cuesta estar al nivel de los otros pilotos, como su compa\u00f1ero, pero cree que puede aprender con el paso de las carreras: <strong>\u201cEs muy complicado encontrar un balance, estoy aprendiendo mucho de Kenta, porque ya tiene 9 a\u00f1os de experiencia en el campeonato, y trato de seguirlo lo m\u00e1s cerca que puedo lo que est\u00e1 haciendo para no cometer tantos errores y no estar tan perdido, porque, al final del d\u00eda, es un fin de semana muy corto con entrenamientos y salis a clasificar, entonces no quer\u00e9s hacer tantos cambios en el auto de la FP1 a la FP2. Cuando llegu\u00e9 la primera vez fue realmente un shock, pero sigo aprendiendo cada vez m\u00e1s y espero poder gestionar cada vez mejor los fines de semana de carrera\u201d.<\/strong><\/p>\n\n\n\n<p class=\"wp-block-paragraph\">Hasta el momento, con cinco carreras disputadas en 2025, O&#8217;Sullivan suma tres puntos, todos ellos de la primera prueba en <strong>Suzuka<\/strong>, y abandon\u00f3 en <strong>Autopolis <\/strong>por haber quedado encajado en la \u00faltima curva.<\/p>\n\n\n\n<p class=\"wp-block-paragraph\">\u23e9 <em><strong>\u00a1Seguinos en redes por <\/strong><\/em><a href=\"https:\/\/twitter.com\/grandepremioES\"><em><u>Twitter <\/u><\/em><\/a><em><strong>e <\/strong><\/em><a href=\"https:\/\/www.instagram.com\/grandepremioes\/\"><em><u>Instagram!<br><\/u><\/em><\/a>\u23e9 <em><strong>Adem\u00e1s, tenemos nuestro <\/strong><\/em><a href=\"https:\/\/whatsapp.com\/channel\/0029VaDZ5zb0gcfDxuwxBM05\"><em><u>canal de Whatsapp<\/u><\/em><\/a><em><strong> con toda la informaci\u00f3n al instante<\/strong><\/em> \ud83c\udfc1<\/p>\n\n\n\n<p class=\"wp-block-paragraph\">La S\u00faper F\u00f3rmula volver\u00e1 a las pistas entre el 18 y el 20 de julio con una nueva fecha doble en el Fuji Speedway, con la cobertura de GRANDE PREMIO en Espa\u00f1ol.<\/p>\n","protected":false},"excerpt":{"rendered":"<p>Zak O&#8217;Sullivan dialog\u00f3 mano a mano con GRANDE PREMIO en Espa\u00f1ol en una entrevista exclusiva en la que ponder\u00f3 la oportunidad de manejar en el automovilismo japon\u00e9s, que considera que est\u00e1 m\u00e1s orientado al piloto que en Europa.<\/p>\n","protected":false},"author":0,"featured_media":1010348632,"comment_status":"closed","ping_status":"closed","sticky":false,"template":"","format":"standard","meta":{"42wp_featured_image_caption":"","42wp_featured_image_credits":"","42wp_featured_video":"","42wp_featured_image_hidden":false,"42wp_authors_list":[],"footnotes":""},"categories":[45],"tags":[393,7284,179,211,1488,310,11927,11231,4508,5562,3484,204,2988],"42wp_author":[14237],"class_list":["post-6594","post","type-post","status-publish","format-standard","has-post-thumbnail","hentry","category-super-formula","tag-alex-palou","tag-autopolis","tag-formula-1","tag-formula-2","tag-grande-premio","tag-indycar","tag-kenta-yamashita","tag-kondo-racing","tag-super-formula","tag-super-gt","tag-suzuka","tag-williams","tag-zak-osullivan","42wp_author-gabriel-garcia"],"_links":{"self":[{"href":"https:\/\/grandepremio.com\/es\/wp-json\/wp\/v2\/posts\/6594","targetHints":{"allow":["GET"]}}],"collection":[{"href":"https:\/\/grandepremio.com\/es\/wp-json\/wp\/v2\/posts"}],"about":[{"href":"https:\/\/grandepremio.com\/es\/wp-json\/wp\/v2\/types\/post"}],"replies":[{"embeddable":true,"href":"https:\/\/grandepremio.com\/es\/wp-json\/wp\/v2\/comments?post=6594"}],"version-history":[{"count":0,"href":"https:\/\/grandepremio.com\/es\/wp-json\/wp\/v2\/posts\/6594\/revisions"}],"wp:featuredmedia":[{"embeddable":true,"href":"https:\/\/grandepremio.com\/es\/wp-json\/wp\/v2\/media\/1010348632"}],"wp:attachment":[{"href":"https:\/\/grandepremio.com\/es\/wp-json\/wp\/v2\/media?parent=6594"}],"wp:term":[{"taxonomy":"category","embeddable":true,"href":"https:\/\/grandepremio.com\/es\/wp-json\/wp\/v2\/categories?post=6594"},{"taxonomy":"post_tag","embeddable":true,"href":"https:\/\/grandepremio.com\/es\/wp-json\/wp\/v2\/tags?post=6594"},{"taxonomy":"42wp_author","embeddable":true,"href":"https:\/\/grandepremio.com\/es\/wp-json\/wp\/v2\/42wp_author?post=6594"}],"curies":[{"name":"wp","href":"https:\/\/api.w.org\/{rel}","templated":true}]}}