{"id":6627,"date":"2025-06-30T09:52:32","date_gmt":"2025-06-30T12:52:32","guid":{"rendered":"https:\/\/grandepremio.com\/es\/2025\/06\/30\/perrone-celebra-3-puesto-assen-carrera-muy-loca-moto3\/"},"modified":"2025-06-30T09:54:22","modified_gmt":"2025-06-30T12:54:22","slug":"perrone-celebra-3-puesto-assen-carrera-muy-loca-moto3","status":"publish","type":"post","link":"https:\/\/grandepremio.com\/es\/motogp\/perrone-celebra-3-puesto-assen-carrera-muy-loca-moto3\/","title":{"rendered":"Perrone celebra 3\u00b0 puesto en Assen en \u00abcarrera muy loca\u00bb y explica: \u00abVi una oportunidad\u00bb"},"content":{"rendered":"\n<p class=\"wp-block-paragraph\"><a href=\"https:\/\/grandepremio.com\/es\/motogp\/perrone-3-assen-conquista-1er-podio-moto3-rueda-gana-gp-paises-bajos\/\"><strong>Valent\u00edn Perrone<\/strong> alcanz\u00f3 su primer podio en su temporada de debut en <strong>Moto3<\/strong><\/a>. El argentino avanz\u00f3 hasta el tercer puesto en el <strong>Gran Premio de Pa\u00edses Bajos<\/strong> el domingo y festej\u00f3 su primer top 3 en <strong>2025<\/strong> con el equipo <strong>Tech3<\/strong>, asegurando que no esperaba llegar tan lejos tras haber largado d\u00e9cimo.<\/p>\n\n\n\n<p class=\"wp-block-paragraph\">En una competencia con m\u00faltiples incidentes en <strong>Assen<\/strong>, <em>El Coyote<\/em> logr\u00f3 progresar en el compacto pelot\u00f3n de Moto3 y aspirar incluso a la victoria en la \u00faltima vuelta, luchando con el ganador <strong>Jos\u00e9 Antonio Rueda<\/strong> y <strong>David Mu\u00f1oz<\/strong>. Valent\u00edn cruz\u00f3 la meta 2\u00b0, pero la carrera ya hab\u00eda finalizado metros antes por una bandera roja declarada para atender a pilotos accidentados en el giro anterior y Perrone finalmente fue 3\u00b0. A\u00fan as\u00ed, celebr\u00f3 el resultado.<\/p>\n\n\n\n<p class=\"wp-block-paragraph\">\u00abMe siento super feliz y super orgulloso\u00bb, declar\u00f3 el argentino, que luego explic\u00f3 c\u00f3mo fue la competencia para \u00e9l. \u00abLa carrera fue muy loca desde el inicio. Trat\u00e9 de empujar para estar alrededor del 7\u00b0 u 8\u00b0 lugar, pero a siete vueltas del final me dije a m\u00ed mismo que ser\u00eda dif\u00edcil estar en el podio porque no estaba lo suficientemente c\u00f3modo para superar pilotos\u00bb, coment\u00f3.<\/p>\n\n\n\n<p class=\"wp-block-paragraph\">A pesar de admitir que no ten\u00eda confianza para seguir lanzando ataques, Perrone asegur\u00f3 que sobre el final cambi\u00f3 la mentalidad para buscar m\u00e1s posiciones entre el pelot\u00f3n con la <strong>KTM<\/strong>.<\/p>\n\n\n\n<p class=\"wp-block-paragraph\">\ud83d\udfe5\u00a0<strong><em>\u00a1Todas las novedades te esperan en el canal de\u00a0<\/em><\/strong><a href=\"https:\/\/www.youtube.com\/@GrandePremioES\"><em>YouTube<\/em><\/a><strong><em>\u00a0de Grande Pr\u00eamio en Espa\u00f1ol!<\/em><\/strong>\u00a0\ud83d\udfe8<\/p>\n\n\n\n<figure class=\"wp-block-image size-large\"><img decoding=\"async\" src=\"https:\/\/grandepremio.com\/cdn-cgi\/image\/width=893,height=558,fit=contain,gravity=0.5x0.5,quality=75,format=webp\/es\/wp-content\/uploads\/2025\/06\/GunUWAWXoAA7teh-1024x683.jpeg\" alt=\"\" class=\"wp-image-348334\"\/><figcaption class=\"wp-element-caption\">Valent\u00edn Perrone fue 3\u00b0 en el GP de Pa\u00edses Bajos y celebr\u00f3 su primer podio en Moto3. (Foto: Tech3)<\/figcaption><\/figure>\n\n\n\n<p class=\"wp-block-paragraph\">\u23e9\u00a0<strong><em>\u00a1Seguinos en redes por\u00a0<\/em><\/strong><a href=\"https:\/\/twitter.com\/grandepremioES\"><em>Twitter\u00a0<\/em><\/a><strong><em>e\u00a0<\/em><\/strong><a href=\"https:\/\/www.instagram.com\/grandepremioes\/\"><em>Instagram!<\/em><\/a><br>\u23e9\u00a0<strong><em>Adem\u00e1s, tenemos nuestro\u00a0<\/em><\/strong><a href=\"https:\/\/whatsapp.com\/channel\/0029VaDZ5zb0gcfDxuwxBM05\"><em>canal de Whatsapp<\/em><\/a><strong><em>\u00a0con toda la informaci\u00f3n al instante<\/em><\/strong>\u00a0\ud83c\udfc1<\/p>\n\n\n\n<p class=\"wp-block-paragraph\">\u00abCon cinco vueltas para el final cambi\u00e9 mi mentalidad y trat\u00e9 de pelear m\u00e1s duro, a manejar m\u00e1s r\u00e1pido porque vi una oportunidad\u00bb, destac\u00f3 sobre el cierre de carrera, en la que dijo sentirse feliz tras superar a <strong>\u00c1lvaro Carpe<\/strong> para ponerse tercero y lograr su primer podio en Moto3.<\/p>\n\n\n\n<p class=\"wp-block-paragraph\">\u00abMe gustar\u00eda agradecer a todos los que han estado conmigo los \u00faltimos a\u00f1os, mi equipo, a <strong>Herv\u00e9 Poncharal<\/strong>. \u00c9l crey\u00f3 en m\u00ed, incluso cuando nunca hab\u00eda estado en Moto3 anteriormente, as\u00ed que muchas gracias a \u00e9l. Esto es s\u00f3lo el comienzo\u00bb, agradeci\u00f3 Valent\u00edn con una menci\u00f3n especial al jefe de equipo.<\/p>\n\n\n\n<p class=\"wp-block-paragraph\">El directivo coment\u00f3 sobre el desempe\u00f1o del piloto #73, destacando que apenas es su primer a\u00f1o en la tercera categor\u00eda del <strong>Mundial de Motociclismo<\/strong>.<\/p>\n\n\n\n<p class=\"wp-block-paragraph\">\u00abEl progreso que ha hecho en un tiempo tan corto ha sido fenomenal\u00bb, elogi\u00f3 Poncharal y prosigui\u00f3: \u00abHa demostrado una gran madurez desde el inicio de la temporada y en las \u00faltimas rondas ha estado realmente fuerte. Hoy hizo una gran carrera y el podio, inesperado, es un sue\u00f1o hecho realidad para Valent\u00edn. Puedo imaginar que la comunidad de <strong>MotoGP<\/strong> en <strong>Argentina<\/strong> estar\u00e1 orgullosa\u00bb.<\/p>\n\n\n\n<p class=\"wp-block-paragraph\"><strong>Moto3<\/strong>&nbsp;vuelve a la competencia entre el 11 y 13 de julio en&nbsp;<strong>Sachsenring<\/strong>&nbsp;para disputar el&nbsp;<strong>Gran Premio de Alemania<\/strong>, 11\u00aa prueba de la&nbsp;<strong>temporada 2025<\/strong>.<\/p>\n\n\n\n<figure class=\"wp-block-embed is-type-rich is-provider-gestor-del-servicio wp-block-embed-gestor-del-servicio wp-embed-aspect-16-9 wp-has-aspect-ratio\"><div class=\"wp-block-embed__wrapper\">\nhttps:\/\/youtube.com\/watch?v=0tq4IDngp_g%3Fversion%3D3%26rel%3D1%26showsearch%3D0%26showinfo%3D1%26iv_load_policy%3D1%26fs%3D1%26hl%3Des-ES%26autohide%3D2%26wmode%3Dtransparent\n<\/div><\/figure>\n","protected":false},"excerpt":{"rendered":"<p>El piloto argentino festej\u00f3 el puesto 3 del Gran Premio de Pa\u00edses Bajos, con el que conquist\u00f3 su primer podio en la d\u00e9cima prueba de la temporada 2025 de Moto3, a\u00f1o de debut para Perrone en la categor\u00eda.<\/p>\n","protected":false},"author":0,"featured_media":1010348336,"comment_status":"closed","ping_status":"closed","sticky":false,"template":"","format":"standard","meta":{"42wp_featured_image_caption":"","42wp_featured_image_credits":"","42wp_featured_video":"","42wp_featured_image_hidden":false,"42wp_authors_list":[],"footnotes":""},"categories":[8],"tags":[1458,1574,7244,1381,1366,10847,1293,9621,1528,10848],"42wp_author":[14240],"class_list":["post-6627","post","type-post","status-publish","format-standard","has-post-thumbnail","hentry","category-motogp","tag-assen","tag-gp-de-paises-bajos","tag-herve-poncharal","tag-ktm","tag-moto3","tag-moto3-2025","tag-motogp","tag-motogp-2025","tag-tech3","tag-valentin-perrone","42wp_author-ignacio-bogado"],"_links":{"self":[{"href":"https:\/\/grandepremio.com\/es\/wp-json\/wp\/v2\/posts\/6627","targetHints":{"allow":["GET"]}}],"collection":[{"href":"https:\/\/grandepremio.com\/es\/wp-json\/wp\/v2\/posts"}],"about":[{"href":"https:\/\/grandepremio.com\/es\/wp-json\/wp\/v2\/types\/post"}],"replies":[{"embeddable":true,"href":"https:\/\/grandepremio.com\/es\/wp-json\/wp\/v2\/comments?post=6627"}],"version-history":[{"count":0,"href":"https:\/\/grandepremio.com\/es\/wp-json\/wp\/v2\/posts\/6627\/revisions"}],"wp:featuredmedia":[{"embeddable":true,"href":"https:\/\/grandepremio.com\/es\/wp-json\/wp\/v2\/media\/1010348336"}],"wp:attachment":[{"href":"https:\/\/grandepremio.com\/es\/wp-json\/wp\/v2\/media?parent=6627"}],"wp:term":[{"taxonomy":"category","embeddable":true,"href":"https:\/\/grandepremio.com\/es\/wp-json\/wp\/v2\/categories?post=6627"},{"taxonomy":"post_tag","embeddable":true,"href":"https:\/\/grandepremio.com\/es\/wp-json\/wp\/v2\/tags?post=6627"},{"taxonomy":"42wp_author","embeddable":true,"href":"https:\/\/grandepremio.com\/es\/wp-json\/wp\/v2\/42wp_author?post=6627"}],"curies":[{"name":"wp","href":"https:\/\/api.w.org\/{rel}","templated":true}]}}