{"id":6628,"date":"2025-06-30T08:41:09","date_gmt":"2025-06-30T11:41:09","guid":{"rendered":"https:\/\/grandepremio.com\/es\/2025\/06\/30\/verstappen-habla-aceptar-no-estas-ganando-minimiza-opciones-titulo-2025\/"},"modified":"2025-06-30T08:41:14","modified_gmt":"2025-06-30T11:41:14","slug":"verstappen-habla-aceptar-no-estas-ganando-minimiza-opciones-titulo-2025","status":"publish","type":"post","link":"https:\/\/grandepremio.com\/es\/f1\/verstappen-habla-aceptar-no-estas-ganando-minimiza-opciones-titulo-2025\/","title":{"rendered":"Verstappen habla de \u00abaceptar que no est\u00e1s ganando\u00bb y minimiza opciones al t\u00edtulo en 2025"},"content":{"rendered":"\n<p class=\"wp-block-paragraph\"><strong>Max Verstappen<\/strong> tir\u00f3 la toalla sobre sus opciones de ganar el t\u00edtulo de la <strong>temporada 2025<\/strong> de <strong>F\u00f3rmula 1<\/strong>. Tras un fin de semana empa\u00f1ado por la mala suerte en <strong>Austria<\/strong>, el tetracampe\u00f3n habl\u00f3 sobre la falta de competitividad de <strong>Red Bull<\/strong> en <strong>Spielberg<\/strong> y admiti\u00f3 que, aunque siempre busca el mejor resultado, la posibilidad de batir al d\u00fao de <strong>McLaren<\/strong> es pr\u00e1cticamente nula.<\/p>\n\n\n\n<p class=\"wp-block-paragraph\">El equipo papaya comenz\u00f3 el a\u00f1o como una fuerza a batir, pero Verstappen insisti\u00f3 en ser una espina clavada para <strong>Lando Norris<\/strong> y <strong>Oscar Piastri<\/strong>. El n\u00famero 1 gan\u00f3 dos de las siete primeras carreras del a\u00f1o y dej\u00f3 la ronda de <strong>Imola<\/strong> a 22 puntos del l\u00edder.<\/p>\n\n\n\n<p class=\"wp-block-paragraph\">Sin embargo, las cosas fueron cuesta abajo a partir del <strong>Gran Premio de Espa\u00f1a<\/strong>, cuando no solo sufri\u00f3 el rendimiento de los neum\u00e1ticos duros en las \u00faltimas vueltas tras el coche de seguridad, sino que fue penalizado con 10s por tirar su coche a <strong>George Russell<\/strong> y cay\u00f3 hasta la d\u00e9cima posici\u00f3n. Para empeorar las cosas, Red Bull no pudo encontrar un rendimiento satisfactorio en el <strong>GP de Austria<\/strong> y el neerland\u00e9s incluso abandon\u00f3 tras ser golpeado por <strong>Andrea Kimi Antonelli<\/strong> en la primera vuelta.<\/p>\n\n\n\n<p class=\"wp-block-paragraph\">\ud83d\udfe5&nbsp;<strong><em>\u00a1Todas las novedades te esperan en el canal de&nbsp;<\/em><\/strong><a href=\"https:\/\/www.youtube.com\/@GrandePremioES\"><em>YouTube<\/em><\/a><strong><em>&nbsp;de Grande Pr\u00eamio en Espa\u00f1ol!<\/em><\/strong>&nbsp;\ud83d\udfe8<\/p>\n\n\n\n<figure class=\"wp-block-video\"><video class=\"video-js vjs-big-play-centered\" data-gp-vjs=\"1\" controls src=\"https:\/\/grandepremio.com\/es\/wp-content\/uploads\/2025\/06\/ssstwitter.com_1751203511136.mp4\"><\/video><figcaption class=\"wp-element-caption\">El incidente de Antonelli y Verstappen en el inicio del GP de Austria (Foto: Reproducci\u00f3n \/ F1TV)<\/figcaption><\/figure>\n\n\n\n<p class=\"wp-block-paragraph\">\u23e9\u00a0<strong><em>\u00a1Seguinos en redes por\u00a0<\/em><\/strong><a href=\"https:\/\/twitter.com\/grandepremioES\"><em>Twitter\u00a0<\/em><\/a><strong><em>e\u00a0<\/em><\/strong><a href=\"https:\/\/www.instagram.com\/grandepremioes\/\"><em>Instagram!<\/em><\/a><br>\u23e9\u00a0<strong><em>Adem\u00e1s, tenemos nuestro\u00a0<\/em><\/strong><a href=\"https:\/\/whatsapp.com\/channel\/0029VaDZ5zb0gcfDxuwxBM05\"><em>canal de Whatsapp<\/em><\/a><strong><em>\u00a0con toda la informaci\u00f3n al instante<\/em><\/strong>\u00a0\ud83c\udfc1<\/p>\n\n\n\n<p class=\"wp-block-paragraph\">Mientras el tetracampe\u00f3n abandonaba el <strong>Red Bull Ring<\/strong> con cero puntos, <a href=\"https:\/\/grandepremio.com\/es\/f1\/lando-norris-victoria-franco-colapinto-austria-formula-1-2025\/\">Norris lideraba el doblete de McLaren<\/a> y Piastri, l\u00edder del campeonato, abr\u00eda una ventaja de 61 puntos sobre Max. Tras la carrera, el n\u00ba 1 rest\u00f3 importancia a sus opciones al t\u00edtulo de F1 2025.<\/p>\n\n\n\n<p class=\"wp-block-paragraph\">\u00abHa sido mala suerte, como en la clasificaci\u00f3n. Pero en general no hemos tenido un buen ritmo este fin de semana, as\u00ed que hemos aprendido mucho sobre c\u00f3mo podemos hacerlo mejor el pr\u00f3ximo fin de semana. Pero, por supuesto, no fue un resultado ideal hoy\u00bb, coment\u00f3.<\/p>\n\n\n\n<p class=\"wp-block-paragraph\">\u00abSiempre nos esforzamos al m\u00e1ximo, pero mi mentalidad no cambia y hemos ganado mucho en el pasado. A veces tienes que aceptar que no est\u00e1s ganando, y s\u00f3lo tratamos de mejorar. Ahora espero que la gente no hable tanto de las opciones al t\u00edtulo\u00bb, concluy\u00f3 el tetracampe\u00f3n.<\/p>\n\n\n\n<p class=\"wp-block-paragraph\">La&nbsp;<strong>F\u00f3rmula 1<\/strong>&nbsp;regresa el pr\u00f3ximo fin de semana, del 4 al 6 de julio, en&nbsp;<strong>Silverstone<\/strong>&nbsp;para el&nbsp;<strong>Gran Premio de Gran Breta\u00f1a<\/strong>, duod\u00e9cima prueba de la&nbsp;<strong>temporada 2025<\/strong>.<\/p>\n\n\n\n<figure class=\"wp-block-embed is-type-rich is-provider-gestor-del-servicio wp-block-embed-gestor-del-servicio wp-embed-aspect-16-9 wp-has-aspect-ratio\"><div class=\"wp-block-embed__wrapper\">\nhttps:\/\/youtube.com\/watch?v=0tq4IDngp_g%3Ffeature%3Doembed%26version%3D3%26rel%3D1%26showsearch%3D0%26showinfo%3D1%26iv_load_policy%3D1%26fs%3D1%26hl%3Des-ES%26autohide%3D2%26wmode%3Dtransparent\n<\/div><\/figure>\n","protected":false},"excerpt":{"rendered":"<p>Despu\u00e9s de salir del Gran Premio de Austria con cero puntos, Max Verstappen dijo que ten\u00eda que aceptar que Red Bull no estaba en condiciones de luchar por el t\u00edtulo en la F1 2025.<\/p>\n","protected":false},"author":0,"featured_media":1010347682,"comment_status":"closed","ping_status":"closed","sticky":false,"template":"","format":"standard","meta":{"42wp_featured_image_caption":"","42wp_featured_image_credits":"","42wp_featured_video":"","42wp_featured_image_hidden":false,"42wp_authors_list":[],"footnotes":""},"categories":[5],"tags":[1710,179,329,268,249,269,278,206,243,2421],"42wp_author":[14240],"class_list":["post-6628","post","type-post","status-publish","format-standard","has-post-thumbnail","hentry","category-f1","tag-f1-2025","tag-formula-1","tag-gp-de-austria","tag-lando-norris","tag-max-verstappen","tag-mclaren","tag-oscar-piastri","tag-red-bull","tag-red-bull-ring","tag-spielberg","42wp_author-ignacio-bogado"],"_links":{"self":[{"href":"https:\/\/grandepremio.com\/es\/wp-json\/wp\/v2\/posts\/6628","targetHints":{"allow":["GET"]}}],"collection":[{"href":"https:\/\/grandepremio.com\/es\/wp-json\/wp\/v2\/posts"}],"about":[{"href":"https:\/\/grandepremio.com\/es\/wp-json\/wp\/v2\/types\/post"}],"replies":[{"embeddable":true,"href":"https:\/\/grandepremio.com\/es\/wp-json\/wp\/v2\/comments?post=6628"}],"version-history":[{"count":0,"href":"https:\/\/grandepremio.com\/es\/wp-json\/wp\/v2\/posts\/6628\/revisions"}],"wp:featuredmedia":[{"embeddable":true,"href":"https:\/\/grandepremio.com\/es\/wp-json\/wp\/v2\/media\/1010347682"}],"wp:attachment":[{"href":"https:\/\/grandepremio.com\/es\/wp-json\/wp\/v2\/media?parent=6628"}],"wp:term":[{"taxonomy":"category","embeddable":true,"href":"https:\/\/grandepremio.com\/es\/wp-json\/wp\/v2\/categories?post=6628"},{"taxonomy":"post_tag","embeddable":true,"href":"https:\/\/grandepremio.com\/es\/wp-json\/wp\/v2\/tags?post=6628"},{"taxonomy":"42wp_author","embeddable":true,"href":"https:\/\/grandepremio.com\/es\/wp-json\/wp\/v2\/42wp_author?post=6628"}],"curies":[{"name":"wp","href":"https:\/\/api.w.org\/{rel}","templated":true}]}}