{"id":6632,"date":"2025-06-29T17:21:52","date_gmt":"2025-06-29T20:21:52","guid":{"rendered":"https:\/\/grandepremio.com\/es\/2025\/06\/29\/red-bull-admite-gp-austria-frustrante-ve-mclaren-fuera-alcance-f1-2025\/"},"modified":"2025-06-29T17:21:57","modified_gmt":"2025-06-29T20:21:57","slug":"red-bull-admite-gp-austria-frustrante-ve-mclaren-fuera-alcance-f1-2025","status":"publish","type":"post","link":"https:\/\/grandepremio.com\/es\/f1\/red-bull-admite-gp-austria-frustrante-ve-mclaren-fuera-alcance-f1-2025\/","title":{"rendered":"Red Bull admite GP de Austria fue \u00abfrustrante\u00bb y ve a McLaren \u00abfuera de alcance\u00bb en F1 2025"},"content":{"rendered":"\n<p class=\"wp-block-paragraph\">Hac\u00eda mucho tiempo que <strong>Red Bull<\/strong> no ten\u00eda un d\u00eda tan malo en <strong>F\u00f3rmula 1<\/strong> como el de este domingo en el <strong>Gran Premio de Austria<\/strong>. <strong>Max Verstappen<\/strong> se retir\u00f3 en las primeras curvas, mientras que <strong>Yuki Tsunoda<\/strong> volvi\u00f3 a sufrir. Una carrera decepcionante en el circuito de casa.<\/p>\n\n\n\n<p class=\"wp-block-paragraph\">El jefe de la escuder\u00eda austr\u00edaca, <strong>Christian Horner<\/strong>, reconoci\u00f3 la sensaci\u00f3n de decepci\u00f3n tras la carrera. El neerland\u00e9s, que ya hab\u00eda tenido mala suerte el s\u00e1bado y sal\u00eda en s\u00e9ptima posici\u00f3n, fue sacado de la carrera por <strong>Andrea Kimi Antonelli<\/strong> en la primera vuelta. En una valoraci\u00f3n global de lo que vio, el jefe renunci\u00f3 a cualquier posibilidad de desafiar a <strong>McLaren<\/strong>, al menos de momento, en la F1 2025. Verstappen est\u00e1 a 61 puntos del l\u00edder <strong>Oscar Piastri<\/strong>.<\/p>\n\n\n\n<p class=\"wp-block-paragraph\">\ud83d\udfe5&nbsp;<strong><em>\u00a1Todas las novedades te esperan en el canal de&nbsp;<\/em><\/strong><a href=\"https:\/\/www.youtube.com\/@GrandePremioES\"><em>YouTube<\/em><\/a><strong><em>&nbsp;de Grande Pr\u00eamio en Espa\u00f1ol!<\/em><\/strong>&nbsp;\ud83d\udfe8<\/p>\n\n\n\n<figure class=\"wp-block-embed is-type-rich is-provider-gestor-del-servicio wp-block-embed-gestor-del-servicio wp-embed-aspect-16-9 wp-has-aspect-ratio\"><div class=\"wp-block-embed__wrapper\">\nhttps:\/\/youtube.com\/watch?v=0tq4IDngp_g%3Ffeature%3Doembed%26version%3D3%26rel%3D1%26showsearch%3D0%26showinfo%3D1%26iv_load_policy%3D1%26fs%3D1%26hl%3Des-ES%26autohide%3D2%26wmode%3Dtransparent\n<\/div><\/figure>\n\n\n\n<p class=\"wp-block-paragraph\">\u00abHa sido un d\u00eda frustrante. Empezando por Max, que hizo una buena salida y estaba bien posicionado en las curvas uno y tres cuando, por desgracia, acab\u00f3 siendo golpeado. Kimi se disculp\u00f3. As\u00ed son las cosas\u00bb, lament\u00f3 el directivo.<\/p>\n\n\n\n<p class=\"wp-block-paragraph\">\u00abViendo nuestro ritmo, hoy no podr\u00edamos haber luchado con McLaren, pero s\u00ed con <strong>Ferrari<\/strong>. <strong>George [Russell]<\/strong> no ten\u00eda el ritmo. As\u00ed que es frustrante\u00bb, continu\u00f3.<\/p>\n\n\n\n<p class=\"wp-block-paragraph\">\u00abNo pensamos en el campeonato, s\u00f3lo tenemos que concentrarnos en cada carrera. McLaren est\u00e1 fuera de nuestro alcance. Tenemos que ir carrera a carrera\u00bb, a\u00f1adi\u00f3.<\/p>\n\n\n\n<p class=\"wp-block-paragraph\">Tsunoda, que sal\u00eda 18\u00ba, se vio envuelto en algunos incidentes y, en uno de ellos, fue penalizado con 5s por provocar un trompo a <strong>Franco Colapinto<\/strong>. Acab\u00f3 en el \u00faltimo lugar de la pista entre los que llegaron a la meta, 16\u00ba.<\/p>\n\n\n\n<figure class=\"wp-block-video\"><video class=\"video-js vjs-big-play-centered\" data-gp-vjs=\"1\" controls src=\"https:\/\/grandepremio.com\/es\/wp-content\/uploads\/2025\/06\/lRiUt3Vv1TSvcbcy.mp4\"><\/video><figcaption class=\"wp-element-caption\">Yuki Tsunoda fue penalizado por colisionar con Franco Colapinto en Austria. (Video: F1)<\/figcaption><\/figure>\n\n\n\n<p class=\"wp-block-paragraph\">\u23e9\u00a0<strong><em>\u00a1Seguinos en redes por\u00a0<\/em><\/strong><a href=\"https:\/\/twitter.com\/grandepremioES\"><em>Twitter\u00a0<\/em><\/a><strong><em>e\u00a0<\/em><\/strong><a href=\"https:\/\/www.instagram.com\/grandepremioes\/\"><em>Instagram!<\/em><\/a><br>\u23e9\u00a0<strong><em>Adem\u00e1s, tenemos nuestro\u00a0<\/em><\/strong><a href=\"https:\/\/whatsapp.com\/channel\/0029VaDZ5zb0gcfDxuwxBM05\"><em>canal de Whatsapp<\/em><\/a><strong><em>\u00a0con toda la informaci\u00f3n al instante<\/em><\/strong>\u00a0\ud83c\udfc1<\/p>\n\n\n\n<p class=\"wp-block-paragraph\">\u00abCon Yuki, era dif\u00edcil progresar con \u00e9l saliendo donde estaba y luego fue penalizado por el incidente con [Franco] Colapinto. Ha sido una carrera terrible para \u00e9l. Ahora tenemos que seguir adelante y pensar en <strong>Silverstone<\/strong>\u00bb, prosigui\u00f3.<\/p>\n\n\n\n<p class=\"wp-block-paragraph\">\u00abTenemos que entender qu\u00e9 fue mal con Yuki, porque en los entrenamientos libres las cosas iban bien. En la clasificaci\u00f3n fue donde todo pareci\u00f3 venirse abajo. Entonces, cuando est\u00e1s fuera de posici\u00f3n y tan atr\u00e1s, con el pelot\u00f3n tan apretado, sufres. Est\u00e1 luchando por la confianza. Trabajaremos con \u00e9l. El coche sigue una historia de a\u00f1os de desarrollo. S\u00ed, no es un coche f\u00e1cil de conducir. Pero no es tan dif\u00edcil\u00bb, a\u00f1adi\u00f3.<\/p>\n\n\n\n<p class=\"wp-block-paragraph\">La&nbsp;<strong>F\u00f3rmula 1<\/strong>&nbsp;regresa el pr\u00f3ximo fin de semana, del 4 al 6 de julio, en&nbsp;<strong>Silverstone<\/strong>&nbsp;para el&nbsp;<strong>Gran Premio de Gran Breta\u00f1a<\/strong>, duod\u00e9cima prueba de la&nbsp;<strong>temporada 2025<\/strong>.<\/p>\n","protected":false},"excerpt":{"rendered":"<p>El jefe de Red Bull, Christian Horner, habl\u00f3 sobre la carrera en casa de la marca austr\u00edaca, que termin\u00f3 con Max Verstappen abandonando en la primera vuelta y Yuki Tsunoda muy lejos de los puntos y, adem\u00e1s, penalizado<\/p>\n","protected":false},"author":0,"featured_media":1010348280,"comment_status":"closed","ping_status":"closed","sticky":false,"template":"","format":"standard","meta":{"42wp_featured_image_caption":"","42wp_featured_image_credits":"","42wp_featured_video":"","42wp_featured_image_hidden":false,"42wp_authors_list":[],"footnotes":""},"categories":[5],"tags":[1336,1710,179,814,329,249,11072,206,243,2421,368],"42wp_author":[14240],"class_list":["post-6632","post","type-post","status-publish","format-standard","has-post-thumbnail","hentry","category-f1","tag-christian-horner","tag-f1-2025","tag-formula-1","tag-franco-colapinto","tag-gp-de-austria","tag-max-verstappen","tag-rb21","tag-red-bull","tag-red-bull-ring","tag-spielberg","tag-yuki-tsunoda","42wp_author-ignacio-bogado"],"_links":{"self":[{"href":"https:\/\/grandepremio.com\/es\/wp-json\/wp\/v2\/posts\/6632","targetHints":{"allow":["GET"]}}],"collection":[{"href":"https:\/\/grandepremio.com\/es\/wp-json\/wp\/v2\/posts"}],"about":[{"href":"https:\/\/grandepremio.com\/es\/wp-json\/wp\/v2\/types\/post"}],"replies":[{"embeddable":true,"href":"https:\/\/grandepremio.com\/es\/wp-json\/wp\/v2\/comments?post=6632"}],"version-history":[{"count":0,"href":"https:\/\/grandepremio.com\/es\/wp-json\/wp\/v2\/posts\/6632\/revisions"}],"wp:featuredmedia":[{"embeddable":true,"href":"https:\/\/grandepremio.com\/es\/wp-json\/wp\/v2\/media\/1010348280"}],"wp:attachment":[{"href":"https:\/\/grandepremio.com\/es\/wp-json\/wp\/v2\/media?parent=6632"}],"wp:term":[{"taxonomy":"category","embeddable":true,"href":"https:\/\/grandepremio.com\/es\/wp-json\/wp\/v2\/categories?post=6632"},{"taxonomy":"post_tag","embeddable":true,"href":"https:\/\/grandepremio.com\/es\/wp-json\/wp\/v2\/tags?post=6632"},{"taxonomy":"42wp_author","embeddable":true,"href":"https:\/\/grandepremio.com\/es\/wp-json\/wp\/v2\/42wp_author?post=6632"}],"curies":[{"name":"wp","href":"https:\/\/api.w.org\/{rel}","templated":true}]}}