{"id":6641,"date":"2025-06-29T13:30:38","date_gmt":"2025-06-29T16:30:38","guid":{"rendered":"https:\/\/grandepremio.com\/es\/2025\/06\/29\/verstappen-niega-culpa-antonelli-accidente-austria-elogia-bortoleto\/"},"modified":"2025-06-29T16:30:22","modified_gmt":"2025-06-29T19:30:22","slug":"verstappen-niega-culpa-antonelli-accidente-austria-elogia-bortoleto","status":"publish","type":"post","link":"https:\/\/grandepremio.com\/es\/f1\/verstappen-niega-culpa-antonelli-accidente-austria-elogia-bortoleto\/","title":{"rendered":"Verstappen niega culpa de Antonelli en el accidente y elogia a Bortoleto: \u00abCondujo bien\u00bb"},"content":{"rendered":"\n<p class=\"wp-block-paragraph\"><strong>Max Verstappen<\/strong> tuvo un <strong>Gran Premio de Austria<\/strong> para olvidar. En la clasificaci\u00f3n, se vio perjudicado por una bandera amarilla y sali\u00f3 en s\u00e9ptima posici\u00f3n. En la carrera del domingo, <strong>Andrea Kimi Antonelli<\/strong> fren\u00f3 mal y lo golpe\u00f3 en la primera vuelta. El tetracampe\u00f3n no culp\u00f3 al italiano y coment\u00f3 que fue s\u00f3lo falta de suerte durante el fin de semana. Tambi\u00e9n dijo que <strong>Gabriel Bortoleto<\/strong> condujo muy bien en <strong>Spielberg<\/strong>.<\/p>\n\n\n\n<p class=\"wp-block-paragraph\">\u00abTuve mala suerte ayer en la clasificaci\u00f3n y hoy tambi\u00e9n en la carrera\u00bb, dijo el neerland\u00e9s en una entrevista con <strong>GRANDE PR\u00caMIO<\/strong>. \u00abSi miras el fin de semana en su conjunto, no est\u00e1bamos donde quer\u00edamos en t\u00e9rminos de ritmo, as\u00ed que tenemos que analizarlo. Espero hacerlo mejor la semana que viene\u00bb, a\u00f1adi\u00f3.<\/p>\n\n\n\n<p class=\"wp-block-paragraph\">\u00abEl coche de Antonelli era el \u00fanico que estaba de mi lado, as\u00ed que estaba seguro de que me hab\u00eda golpeado. Estas cosas pasan, todos los pilotos cometen errores como \u00e9ste. Kimi tiene un gran talento y lo tomar\u00e1 como una lecci\u00f3n. Nadie hace esto a prop\u00f3sito y, para m\u00ed, es un caso cerrado\u00bb, subray\u00f3. El piloto de <strong>Mercedes<\/strong> fue sancionado por los comisarios y perder\u00e1 tres posiciones en la parrilla de salida del <strong>Gran Premio de Gran Breta\u00f1a<\/strong>.<\/p>\n\n\n\n<p class=\"wp-block-paragraph\">\ud83d\udfe5&nbsp;<strong><em>\u00a1Todas las novedades te esperan en el canal de&nbsp;<\/em><\/strong><a href=\"https:\/\/www.youtube.com\/@GrandePremioES\"><em>YouTube<\/em><\/a><strong><em>&nbsp;de Grande Pr\u00eamio en Espa\u00f1ol!<\/em><\/strong>&nbsp;\ud83d\udfe8<\/p>\n\n\n\n<figure class=\"wp-block-video\"><video class=\"video-js vjs-big-play-centered\" data-gp-vjs=\"1\" controls src=\"https:\/\/grandepremio.com\/es\/wp-content\/uploads\/2025\/06\/ssstwitter.com_1751203511136.mp4\"><\/video><figcaption class=\"wp-element-caption\">El incidente de Antonelli y Verstappen en el inicio del GP de Austria (Foto: Reproducci\u00f3n \/ F1TV)<\/figcaption><\/figure>\n\n\n\n<p class=\"wp-block-paragraph\">\u23e9&nbsp;<strong><em>\u00a1Seguinos en redes por&nbsp;<\/em><\/strong><a href=\"https:\/\/twitter.com\/grandepremioES\"><em>Twitter&nbsp;<\/em><\/a><strong><em>e&nbsp;<\/em><\/strong><a href=\"https:\/\/www.instagram.com\/grandepremioes\/\"><em>Instagram!<\/em><\/a><br>\u23e9&nbsp;<strong><em>Adem\u00e1s, tenemos nuestro&nbsp;<\/em><\/strong><a href=\"https:\/\/whatsapp.com\/channel\/0029VaDZ5zb0gcfDxuwxBM05\"><em>canal de Whatsapp<\/em><\/a><strong><em>&nbsp;con toda la informaci\u00f3n al instante<\/em><\/strong>&nbsp;\ud83c\udfc1<\/p>\n\n\n\n<p class=\"wp-block-paragraph\">Preguntado por la situaci\u00f3n en el campeonato, Verstappen mantuvo el mismo discurso que hasta ahora. \u00abNunca he pensado en ello. Intento tom\u00e1rmelo carrera a carrera y entender mejor el rendimiento del coche en cada circuito. Tampoco pienso en la ventaja actual de <strong>McLaren<\/strong>\u00bb, subray\u00f3.<\/p>\n\n\n\n<p class=\"wp-block-paragraph\">\u00abSiempre intentamos hacerlo lo mejor posible. Mi mentalidad no cambia. Hemos ganado mucho en el pasado. A veces tienes que aceptar que no est\u00e1s ganando, e intentamos hacerlo lo mejor que podemos\u00bb, se\u00f1al\u00f3.<\/p>\n\n\n\n<p class=\"wp-block-paragraph\">En cuanto a Bortoleto, Max celebr\u00f3 su buen fin de semana. \u00abTuvo un poco de mala suerte al final con las banderas azules. Creo que tuvo una oportunidad [de adelantar a <strong>Fernando Alonso<\/strong>]. Ha tenido un gran fin de semana y ha pilotado muy bien\u00bb, elogi\u00f3.<\/p>\n\n\n\n<p class=\"wp-block-paragraph\">Preguntado por <strong>GRANDE PR\u00caMIO<\/strong> si el rendimiento de <strong>Ferrari<\/strong> fue sorprendente, el neerland\u00e9s dio una respuesta inusual. \u00abNo he seguido mucho la carrera, estaba viendo las <strong>24 Horas de Spa-Francorchamps<\/strong>\u00bb, asegur\u00f3.<\/p>\n\n\n\n<p class=\"wp-block-paragraph\">La&nbsp;<strong>F\u00f3rmula 1<\/strong>&nbsp;regresa el pr\u00f3ximo fin de semana, del 4 al 6 de julio, en&nbsp;<strong>Silverstone<\/strong>&nbsp;para el&nbsp;<strong>Gran Premio de Gran Breta\u00f1a<\/strong>, duod\u00e9cima prueba de la&nbsp;<strong>temporada 2025<\/strong>.<\/p>\n\n\n\n<figure class=\"wp-block-embed is-type-video is-provider-youtube wp-block-embed-youtube wp-embed-aspect-16-9 wp-has-aspect-ratio\"><div class=\"wp-block-embed__wrapper\">\n<iframe loading=\"lazy\" title=\"NORRIS SE REIVINDICA Y SE IMPONE CON FIRMEZA EN AUSTRIA\" width=\"500\" height=\"281\" src=\"https:\/\/www.youtube.com\/embed\/0tq4IDngp_g?feature=oembed\" frameborder=\"0\" allow=\"accelerometer; autoplay; clipboard-write; encrypted-media; gyroscope; picture-in-picture; web-share\" referrerpolicy=\"strict-origin-when-cross-origin\" allowfullscreen><\/iframe>\n<\/div><\/figure>\n","protected":false},"excerpt":{"rendered":"<p>Max Verstappen no termin\u00f3 el Gran Premio de Austria de este domingo debido a una colisi\u00f3n con Andrea Kimi Antonelli. El tetracampe\u00f3n no culp\u00f3 al italiano. Tambi\u00e9n elogi\u00f3 el fin de semana de Gabriel Bortoleto<\/p>\n","protected":false},"author":0,"featured_media":1010348078,"comment_status":"closed","ping_status":"closed","sticky":false,"template":"","format":"standard","meta":{"42wp_featured_image_caption":"","42wp_featured_image_credits":"","42wp_featured_video":"","42wp_featured_image_hidden":false,"42wp_authors_list":[],"footnotes":""},"categories":[5],"tags":[6800,1710,179,4071,329,249,197,206,243,497,2421],"42wp_author":[14240],"class_list":["post-6641","post","type-post","status-publish","format-standard","has-post-thumbnail","hentry","category-f1","tag-andrea-kimi-antonelli","tag-f1-2025","tag-formula-1","tag-gabriel-bortoleto","tag-gp-de-austria","tag-max-verstappen","tag-mercedes","tag-red-bull","tag-red-bull-ring","tag-sauber","tag-spielberg","42wp_author-ignacio-bogado"],"_links":{"self":[{"href":"https:\/\/grandepremio.com\/es\/wp-json\/wp\/v2\/posts\/6641","targetHints":{"allow":["GET"]}}],"collection":[{"href":"https:\/\/grandepremio.com\/es\/wp-json\/wp\/v2\/posts"}],"about":[{"href":"https:\/\/grandepremio.com\/es\/wp-json\/wp\/v2\/types\/post"}],"replies":[{"embeddable":true,"href":"https:\/\/grandepremio.com\/es\/wp-json\/wp\/v2\/comments?post=6641"}],"version-history":[{"count":0,"href":"https:\/\/grandepremio.com\/es\/wp-json\/wp\/v2\/posts\/6641\/revisions"}],"wp:featuredmedia":[{"embeddable":true,"href":"https:\/\/grandepremio.com\/es\/wp-json\/wp\/v2\/media\/1010348078"}],"wp:attachment":[{"href":"https:\/\/grandepremio.com\/es\/wp-json\/wp\/v2\/media?parent=6641"}],"wp:term":[{"taxonomy":"category","embeddable":true,"href":"https:\/\/grandepremio.com\/es\/wp-json\/wp\/v2\/categories?post=6641"},{"taxonomy":"post_tag","embeddable":true,"href":"https:\/\/grandepremio.com\/es\/wp-json\/wp\/v2\/tags?post=6641"},{"taxonomy":"42wp_author","embeddable":true,"href":"https:\/\/grandepremio.com\/es\/wp-json\/wp\/v2\/42wp_author?post=6641"}],"curies":[{"name":"wp","href":"https:\/\/api.w.org\/{rel}","templated":true}]}}