{"id":6645,"date":"2025-06-29T12:46:54","date_gmt":"2025-06-29T15:46:54","guid":{"rendered":"https:\/\/grandepremio.com\/es\/2025\/06\/29\/colapinto-dice-tsunoda-le-hizo-perder-mucho-explica-bloqueo-piastri\/"},"modified":"2025-06-29T16:31:30","modified_gmt":"2025-06-29T19:31:30","slug":"colapinto-dice-tsunoda-le-hizo-perder-mucho-explica-bloqueo-piastri","status":"publish","type":"post","link":"https:\/\/grandepremio.com\/es\/f1\/colapinto-dice-tsunoda-le-hizo-perder-mucho-explica-bloqueo-piastri\/","title":{"rendered":"Colapinto dice que Tsunoda le hizo \u00abperder mucho\u00bb y explica bloqueo a Piastri: \u00abNo lo vi\u00bb"},"content":{"rendered":"\n<p class=\"wp-block-paragraph\"><strong>Franco Colapinto<\/strong> finaliz\u00f3 un complicado <strong>Gran Premio de Austria<\/strong> este domingo. Luego de esperanzarse con los puntos tras clasificar 14\u00b0, el argentino no encontr\u00f3 ritmo con el monoplaza de <strong>Alpine<\/strong>, sufri\u00f3 un choque de <strong>Yuki Tsunoda<\/strong> que le da\u00f1\u00f3 el coche y fue penalizado luego de no advertir a <strong>Oscar Piastri<\/strong> cuando le sacaba una vuelta y sacarlo de pista. Tras llegar 15\u00b0, dijo que fue \u00abun d\u00eda complicado\u00bb en <strong>Spielberg<\/strong>.<\/p>\n\n\n\n<p class=\"wp-block-paragraph\">El pilarense avanz\u00f3 del puesto 14 al 11 en la largada luego del caos de la curva 3 con el <a href=\"https:\/\/grandepremio.com\/es\/f1\/max-verstappen-red-bull-abandono-gp-austria-accidente-antonelli-mercedes-2025\/\">incidente entre <strong>Andrea Kimi Antonelli<\/strong> y <strong>Max Verstappen<\/strong><\/a>. Aunque inici\u00f3 en el <strong>Red Bull Ring<\/strong> con neum\u00e1ticos blandos, no logr\u00f3 encontrar un ritmo superior a sus rivales y perdi\u00f3 con el <strong>Haas<\/strong> de <strong>Oliver Bearman<\/strong>. Tras su primera parada en la que mont\u00f3 medios, el piloto #43 ven\u00eda recortando diferencias con su compa\u00f1ero <strong>Pierre Gasly<\/strong> hasta que fue chocado por Tsunoda en la curva 4, maniobra por la que el japon\u00e9s de <strong>Red Bull<\/strong> fue sancionado con 10s.<\/p>\n\n\n\n<p class=\"wp-block-paragraph\">\u00abMe choc\u00f3. Me pidi\u00f3 perd\u00f3n. Todo bien, pero un pena porque romp\u00ed el aler\u00f3n delantero y el piso\u00bb, explic\u00f3 Franco sobre el incidente con Yuki.<\/p>\n\n\n\n<p class=\"wp-block-paragraph\">\ud83d\udfe5&nbsp;<strong><em>\u00a1Todas las novedades te esperan en el canal de&nbsp;<\/em><\/strong><a href=\"https:\/\/www.youtube.com\/@GrandePremioES\"><em>YouTube<\/em><\/a><strong><em>&nbsp;de Grande Pr\u00eamio en Espa\u00f1ol!<\/em><\/strong>&nbsp;\ud83d\udfe8<\/p>\n\n\n\n<figure class=\"wp-block-video\"><video class=\"video-js vjs-big-play-centered\" data-gp-vjs=\"1\" controls src=\"https:\/\/grandepremio.com\/es\/wp-content\/uploads\/2025\/06\/lRiUt3Vv1TSvcbcy.mp4\"><\/video><figcaption class=\"wp-element-caption\">Franco Colapinto y Yuki Tsunoda protagonizaron un incidente en Austria. (Video: Reproducci\u00f3n \/ESPN)<\/figcaption><\/figure>\n\n\n\n<p class=\"wp-block-paragraph\">\u23e9&nbsp;<strong><em>\u00a1Seguinos en redes por&nbsp;<\/em><\/strong><a href=\"https:\/\/twitter.com\/grandepremioES\"><em>Twitter&nbsp;<\/em><\/a><strong><em>e&nbsp;<\/em><\/strong><a href=\"https:\/\/www.instagram.com\/grandepremioes\/\"><em>Instagram!<\/em><\/a><br>\u23e9&nbsp;<strong><em>Adem\u00e1s, tenemos nuestro&nbsp;<\/em><\/strong><a href=\"https:\/\/whatsapp.com\/channel\/0029VaDZ5zb0gcfDxuwxBM05\"><em>canal de Whatsapp<\/em><\/a><strong><em>&nbsp;con toda la informaci\u00f3n al instante<\/em><\/strong>&nbsp;\ud83c\udfc1<\/p>\n\n\n\n<p class=\"wp-block-paragraph\">\u00abUna pena porque ven\u00edamos mejorando en ritmo de carrera, acerc\u00e1ndome a Pierre. Me hizo perder mucho con las gomas y con los da\u00f1os\u00bb, a\u00f1adi\u00f3.<\/p>\n\n\n\n<p class=\"wp-block-paragraph\">En la vuelta 55, tras la \u00faltima detenci\u00f3n de ambos <strong>McLaren<\/strong>, Colapinto y Tsunoda se encontraron luchando nuevamente por posici\u00f3n entre los papayas, que ven\u00edan liderando la carrera. En la curva tres el argentino intent\u00f3 superar al #22, volvi\u00f3 a perder con el Red Bull y no fue avisado de que el australiano ven\u00eda por detr\u00e1s intentando superar a los rezagados. Piastri se tuvo que ir sobre el c\u00e9sped y Franco fue recargado con 5s. M\u00e1s tarde, el de Alpine explic\u00f3 la maniobra.<\/p>\n\n\n\n<p class=\"wp-block-paragraph\">\u00abEstaba peleando con Tsunoda y despu\u00e9s de que me choc\u00f3 quer\u00eda pasarlo y la verdad que no lo vi [a Piastr]\u00bb, explic\u00f3.<\/p>\n\n\n\n<p class=\"wp-block-paragraph\">La&nbsp;<strong>F\u00f3rmula 1<\/strong>&nbsp;regresa el pr\u00f3ximo fin de semana, del 4 al 6 de julio, en&nbsp;<strong>Silverstone<\/strong>&nbsp;para el&nbsp;<strong>Gran Premio de Gran Breta\u00f1a<\/strong>, duod\u00e9cima prueba de la&nbsp;<strong>temporada 2025<\/strong>.<\/p>\n\n\n\n<figure class=\"wp-block-embed is-type-video is-provider-youtube wp-block-embed-youtube wp-embed-aspect-16-9 wp-has-aspect-ratio\"><div class=\"wp-block-embed__wrapper\">\n<iframe loading=\"lazy\" title=\"NORRIS SE REIVINDICA Y SE IMPONE CON FIRMEZA EN AUSTRIA\" width=\"500\" height=\"281\" src=\"https:\/\/www.youtube.com\/embed\/0tq4IDngp_g?feature=oembed\" frameborder=\"0\" allow=\"accelerometer; autoplay; clipboard-write; encrypted-media; gyroscope; picture-in-picture; web-share\" referrerpolicy=\"strict-origin-when-cross-origin\" allowfullscreen><\/iframe>\n<\/div><\/figure>\n","protected":false},"excerpt":{"rendered":"<p>El argentino dijo que su carrera se complic\u00f3 tras el incidente con Yuki Tsunoda y se\u00f1al\u00f3 da\u00f1os en el A525 luego del choque en el Red Bull Ring.<\/p>\n","protected":false},"author":0,"featured_media":1010348148,"comment_status":"closed","ping_status":"closed","sticky":false,"template":"","format":"standard","meta":{"42wp_featured_image_caption":"","42wp_featured_image_credits":"","42wp_featured_video":"","42wp_featured_image_hidden":false,"42wp_authors_list":[],"footnotes":""},"categories":[5],"tags":[678,1710,179,814,329,269,278,427,206,243,2421,368],"42wp_author":[14240],"class_list":["post-6645","post","type-post","status-publish","format-standard","has-post-thumbnail","hentry","category-f1","tag-alpine","tag-f1-2025","tag-formula-1","tag-franco-colapinto","tag-gp-de-austria","tag-mclaren","tag-oscar-piastri","tag-pierre-gasly","tag-red-bull","tag-red-bull-ring","tag-spielberg","tag-yuki-tsunoda","42wp_author-ignacio-bogado"],"_links":{"self":[{"href":"https:\/\/grandepremio.com\/es\/wp-json\/wp\/v2\/posts\/6645","targetHints":{"allow":["GET"]}}],"collection":[{"href":"https:\/\/grandepremio.com\/es\/wp-json\/wp\/v2\/posts"}],"about":[{"href":"https:\/\/grandepremio.com\/es\/wp-json\/wp\/v2\/types\/post"}],"replies":[{"embeddable":true,"href":"https:\/\/grandepremio.com\/es\/wp-json\/wp\/v2\/comments?post=6645"}],"version-history":[{"count":0,"href":"https:\/\/grandepremio.com\/es\/wp-json\/wp\/v2\/posts\/6645\/revisions"}],"wp:featuredmedia":[{"embeddable":true,"href":"https:\/\/grandepremio.com\/es\/wp-json\/wp\/v2\/media\/1010348148"}],"wp:attachment":[{"href":"https:\/\/grandepremio.com\/es\/wp-json\/wp\/v2\/media?parent=6645"}],"wp:term":[{"taxonomy":"category","embeddable":true,"href":"https:\/\/grandepremio.com\/es\/wp-json\/wp\/v2\/categories?post=6645"},{"taxonomy":"post_tag","embeddable":true,"href":"https:\/\/grandepremio.com\/es\/wp-json\/wp\/v2\/tags?post=6645"},{"taxonomy":"42wp_author","embeddable":true,"href":"https:\/\/grandepremio.com\/es\/wp-json\/wp\/v2\/42wp_author?post=6645"}],"curies":[{"name":"wp","href":"https:\/\/api.w.org\/{rel}","templated":true}]}}