{"id":6647,"date":"2025-06-29T12:08:12","date_gmt":"2025-06-29T15:08:12","guid":{"rendered":"https:\/\/grandepremio.com\/es\/2025\/06\/29\/antonelli-ve-accidente-austria-gran-leccion-promete-disculparse-verstappen\/"},"modified":"2025-06-29T16:31:10","modified_gmt":"2025-06-29T19:31:10","slug":"antonelli-ve-accidente-austria-gran-leccion-promete-disculparse-verstappen","status":"publish","type":"post","link":"https:\/\/grandepremio.com\/es\/f1\/antonelli-ve-accidente-austria-gran-leccion-promete-disculparse-verstappen\/","title":{"rendered":"Antonelli ve accidente en Austria como \u00abgran lecci\u00f3n\u00bb y promete disculparse con Verstappen"},"content":{"rendered":"\n<p class=\"wp-block-paragraph\">Tras cometer un error en la primera vuelta del <strong>Gran Premio de Austria<\/strong> y tener que retirarse, <strong>Andrea Kimi Antonelli<\/strong> pidi\u00f3 disculpas a <strong>Mercedes<\/strong> e intent\u00f3 explicar por qu\u00e9 no pudo evitar el contacto con <strong>Max Verstappen<\/strong>. El italiano incluso dej\u00f3 claro que su intenci\u00f3n es hablar con el piloto de <strong>Red Bull<\/strong> para aclarar toda la situaci\u00f3n en <strong>Spielberg<\/strong>.<\/p>\n\n\n\n<p class=\"wp-block-paragraph\">Saliendo desde la novena posici\u00f3n, el debutante super\u00f3 los primeros metros ileso y persegu\u00eda a los de delante cuando se acercaban a la curva 3. Sin embargo, al frenar, bloque\u00f3 y golpe\u00f3 al piloto del <strong>RB21<\/strong> #1, poniendo fin a su carrera &#8211; y tambi\u00e9n a la racha de 31 top-10 del neerland\u00e9s.<\/p>\n\n\n\n<p class=\"wp-block-paragraph\">\u00abHa sido muy desafortunado. Probablemente deber\u00eda haber cambiado la configuraci\u00f3n de los frenos al entrar en la curva 3, porque hice una salida normal e intentaba mantener mi posici\u00f3n. Y cuando fui a frenar, la parte trasera se bloque\u00f3 por completo y perd\u00ed el coche\u00bb, explic\u00f3 el italiano en una entrevista en la que estuvo <strong>GRANDE PR\u00caMIO<\/strong> en el <strong>Red Bull Ring<\/strong>.<\/p>\n\n\n\n<p class=\"wp-block-paragraph\">\ud83d\udfe5&nbsp;<strong><em>\u00a1Todas las novedades te esperan en el canal de&nbsp;<\/em><\/strong><a href=\"https:\/\/www.youtube.com\/@GrandePremioES\"><em>YouTube<\/em><\/a><strong><em>&nbsp;de Grande Pr\u00eamio en Espa\u00f1ol!<\/em><\/strong>&nbsp;\ud83d\udfe8<\/p>\n\n\n\n<figure class=\"wp-block-video\"><video class=\"video-js vjs-big-play-centered\" data-gp-vjs=\"1\" controls src=\"https:\/\/grandepremio.com\/es\/wp-content\/uploads\/2025\/06\/ssstwitter.com_1751203511136.mp4\"><\/video><figcaption class=\"wp-element-caption\">El incidente de Antonelli y Verstappen en el inicio del GP de Austria (Foto: Reproducci\u00f3n \/ F1TV)<\/figcaption><\/figure>\n\n\n\n<p class=\"wp-block-paragraph\">\u23e9&nbsp;<strong><em>\u00a1Seguinos en redes por&nbsp;<\/em><\/strong><a href=\"https:\/\/twitter.com\/grandepremioES\"><em>Twitter&nbsp;<\/em><\/a><strong><em>e&nbsp;<\/em><\/strong><a href=\"https:\/\/www.instagram.com\/grandepremioes\/\"><em>Instagram!<\/em><\/a><br>\u23e9&nbsp;<strong><em>Adem\u00e1s, tenemos nuestro&nbsp;<\/em><\/strong><a href=\"https:\/\/whatsapp.com\/channel\/0029VaDZ5zb0gcfDxuwxBM05\"><em>canal de Whatsapp<\/em><\/a><strong><em>&nbsp;con toda la informaci\u00f3n al instante<\/em><\/strong>&nbsp;\ud83c\udfc1<\/p>\n\n\n\n<p class=\"wp-block-paragraph\">\u00abY cuando perd\u00ed el coche, obviamente estaba a punto de golpear a <strong>[Liam] Lawson<\/strong>, porque perd\u00ed mucha deceleraci\u00f3n, as\u00ed que tuve que esquivar a Lawson. Y cuando volv\u00ed a pisar el freno, el neum\u00e1tico delantero izquierdo se bloque\u00f3 y no pude detener el coche\u00bb, se lament\u00f3.<\/p>\n\n\n\n<p class=\"wp-block-paragraph\">El joven piloto fue preguntado por lo que le dijo a Verstappen cuando salieron del coche. \u00abBueno, no pude escuchar lo que dijo, pero me disculp\u00e9 e intentar\u00e9 hablar con \u00e9l m\u00e1s tarde, para explicarle y disculparme de nuevo\u00bb, asegur\u00f3.<\/p>\n\n\n\n<p class=\"wp-block-paragraph\">\u00abLo siento por mi equipo. Ha sido un error m\u00edo, pero tambi\u00e9n ha acabado la carrera, y desde luego no es lo que yo quer\u00eda. Es el primer error que cometo al principio de una carrera, y es una gran lecci\u00f3n. Lo \u00fanico que ten\u00eda que haber hecho era cambiar la configuraci\u00f3n de los frenos y nada de esto habr\u00eda ocurrido. As\u00ed que creo que es una lecci\u00f3n para la pr\u00f3xima vez y, s\u00ed, intentar\u00e9 volver m\u00e1s fuerte en <strong>Silverstone<\/strong>\u00bb, concluy\u00f3.<\/p>\n\n\n\n<p class=\"wp-block-paragraph\">La <strong>F\u00f3rmula 1<\/strong> regresa el pr\u00f3ximo fin de semana, del 4 al 6 de julio, en <strong>Silverstone<\/strong> para el <strong>Gran Premio de Gran Breta\u00f1a<\/strong>, duod\u00e9cima prueba de la <strong>temporada 2025<\/strong>.<\/p>\n\n\n\n<figure class=\"wp-block-embed is-type-video is-provider-youtube wp-block-embed-youtube wp-embed-aspect-16-9 wp-has-aspect-ratio\"><div class=\"wp-block-embed__wrapper\">\n<iframe loading=\"lazy\" title=\"NORRIS SE REIVINDICA Y SE IMPONE CON FIRMEZA EN AUSTRIA\" width=\"500\" height=\"281\" src=\"https:\/\/www.youtube.com\/embed\/0tq4IDngp_g?feature=oembed\" frameborder=\"0\" allow=\"accelerometer; autoplay; clipboard-write; encrypted-media; gyroscope; picture-in-picture; web-share\" referrerpolicy=\"strict-origin-when-cross-origin\" allowfullscreen><\/iframe>\n<\/div><\/figure>\n","protected":false},"excerpt":{"rendered":"<p>Andrea Kimi Antonelli cometi\u00f3 un error de frenada en la aproximaci\u00f3n a la curva 3 y golpe\u00f3 a Max Verstappen. Como resultado, ambos tuvieron que retirarse.<\/p>\n","protected":false},"author":0,"featured_media":1010348052,"comment_status":"closed","ping_status":"closed","sticky":false,"template":"","format":"standard","meta":{"42wp_featured_image_caption":"","42wp_featured_image_credits":"","42wp_featured_video":"","42wp_featured_image_hidden":false,"42wp_authors_list":[],"footnotes":""},"categories":[5],"tags":[6800,1710,179,329,249,197,206,243,2421],"42wp_author":[14240],"class_list":["post-6647","post","type-post","status-publish","format-standard","has-post-thumbnail","hentry","category-f1","tag-andrea-kimi-antonelli","tag-f1-2025","tag-formula-1","tag-gp-de-austria","tag-max-verstappen","tag-mercedes","tag-red-bull","tag-red-bull-ring","tag-spielberg","42wp_author-ignacio-bogado"],"_links":{"self":[{"href":"https:\/\/grandepremio.com\/es\/wp-json\/wp\/v2\/posts\/6647","targetHints":{"allow":["GET"]}}],"collection":[{"href":"https:\/\/grandepremio.com\/es\/wp-json\/wp\/v2\/posts"}],"about":[{"href":"https:\/\/grandepremio.com\/es\/wp-json\/wp\/v2\/types\/post"}],"replies":[{"embeddable":true,"href":"https:\/\/grandepremio.com\/es\/wp-json\/wp\/v2\/comments?post=6647"}],"version-history":[{"count":0,"href":"https:\/\/grandepremio.com\/es\/wp-json\/wp\/v2\/posts\/6647\/revisions"}],"wp:featuredmedia":[{"embeddable":true,"href":"https:\/\/grandepremio.com\/es\/wp-json\/wp\/v2\/media\/1010348052"}],"wp:attachment":[{"href":"https:\/\/grandepremio.com\/es\/wp-json\/wp\/v2\/media?parent=6647"}],"wp:term":[{"taxonomy":"category","embeddable":true,"href":"https:\/\/grandepremio.com\/es\/wp-json\/wp\/v2\/categories?post=6647"},{"taxonomy":"post_tag","embeddable":true,"href":"https:\/\/grandepremio.com\/es\/wp-json\/wp\/v2\/tags?post=6647"},{"taxonomy":"42wp_author","embeddable":true,"href":"https:\/\/grandepremio.com\/es\/wp-json\/wp\/v2\/42wp_author?post=6647"}],"curies":[{"name":"wp","href":"https:\/\/api.w.org\/{rel}","templated":true}]}}