{"id":6663,"date":"2025-06-28T15:49:04","date_gmt":"2025-06-28T18:49:04","guid":{"rendered":"https:\/\/grandepremio.com\/es\/2025\/06\/28\/bortoleto-celebra-vuelta-al-limite-aspira-ganar-posiciones-gp-austria\/"},"modified":"2025-06-28T15:49:07","modified_gmt":"2025-06-28T18:49:07","slug":"bortoleto-celebra-vuelta-al-limite-aspira-ganar-posiciones-gp-austria","status":"publish","type":"post","link":"https:\/\/grandepremio.com\/es\/f1\/bortoleto-celebra-vuelta-al-limite-aspira-ganar-posiciones-gp-austria\/","title":{"rendered":"Bortoleto celebra vuelta \u00abal l\u00edmite\u00bb y aspira a \u00abganar posiciones\u00bb en el GP de Austria"},"content":{"rendered":"\n<p class=\"wp-block-paragraph\">Tras alcanzar la Q3 por primera vez desde su debut en la <strong>F\u00f3rmula 1<\/strong>, <strong>Gabriel Bortoleto<\/strong> celebr\u00f3 a lo grande y analiz\u00f3 cada parte de la sesi\u00f3n de clasificaci\u00f3n del <strong>GP de Austria<\/strong>, celebrada este s\u00e1bado. El brasile\u00f1o elogi\u00f3 el trabajo de <strong>Sauber<\/strong>, volvi\u00f3 a hablar sobre las actualizaciones y dej\u00f3 claro que el objetivo es ascender en la parrilla de salida en <strong>Spielberg<\/strong>, sede de la und\u00e9cima etapa de la <strong>temporada 2025<\/strong>.<\/p>\n\n\n\n<p class=\"wp-block-paragraph\">En la Q1, el piloto del #5 marc\u00f3 <strong>1min0s5s<\/strong> y avanz\u00f3 con el octavo mejor tiempo, casi 0s5 m\u00e1s r\u00e1pido que <strong>Nico H\u00fclkenberg<\/strong>, su compa\u00f1ero de equipo, quien termin\u00f3 en vig\u00e9simo lugar. En la siguiente fase, llev\u00f3 el <strong>C45<\/strong> al l\u00edmite y marc\u00f3 <strong>1min04s846<\/strong>, suficiente para alcanzar la quinta posici\u00f3n y asegurarse un lugar en la sesi\u00f3n final. Finalmente, termin\u00f3 el d\u00eda con <strong>1min05s132<\/strong> y en octavo lugar, junto a <strong>Max Verstappen<\/strong> en la cuarta fila.<\/p>\n\n\n\n<p class=\"wp-block-paragraph\">\ud83d\udfe5&nbsp;<strong><em>\u00a1Todas las novedades te esperan en el canal de&nbsp;<\/em><\/strong><a href=\"https:\/\/www.youtube.com\/@GrandePremioES\"><em>YouTube<\/em><\/a><strong><em>&nbsp;de Grande Pr\u00eamio en Espa\u00f1ol!<\/em><\/strong>&nbsp;\ud83d\udfe8<\/p>\n\n\n\n<figure class=\"wp-block-embed is-type-video is-provider-youtube wp-block-embed-youtube wp-embed-aspect-16-9 wp-has-aspect-ratio\"><div class=\"wp-block-embed__wrapper\">\n<iframe loading=\"lazy\" title=\"GP DE AUSTRIA 2025 - LA PREVIA\" width=\"500\" height=\"281\" src=\"https:\/\/www.youtube.com\/embed\/Rivdbz2KoVE?feature=oembed\" frameborder=\"0\" allow=\"accelerometer; autoplay; clipboard-write; encrypted-media; gyroscope; picture-in-picture; web-share\" referrerpolicy=\"strict-origin-when-cross-origin\" allowfullscreen><\/iframe>\n<\/div><\/figure>\n\n\n\n<p class=\"wp-block-paragraph\">\u00abAntes que nada, tengo que estar agradecido. Estoy en la Q3, y es importante estar agradecido por los logros que conseguimos. Mi vuelta en la Q3 podr\u00eda haber sido un poco mejor, pero viendo los tiempos, estaba a 0s2 de Verstappen. As\u00ed que, no s\u00e9 si podr\u00eda haber sido m\u00e1s r\u00e1pido, pero la vuelta no fue perfecta. No creo que haya logrado mejorar mi vuelta de la Q2, ni nada parecido. Estaba un poco por delante con este \u00faltimo juego de neum\u00e1ticos, pero eso forma parte del problema\u00bb, comenz\u00f3 en una entrevista con <em>Band<\/em>.<\/p>\n\n\n\n<p class=\"wp-block-paragraph\">\u00abEstoy muy contento. Adem\u00e1s, era la primera vez que entraba en la Q3, as\u00ed que no sab\u00eda exactamente qu\u00e9 ajuste deb\u00eda hacerle al coche. La primera vez que estuve en la Q3 me pregunt\u00e9: &#8216;\u00bfDeber\u00eda cambiar algo o no?&#8217;. Decid\u00ed dejar todo igual, pero estoy contento\u00bb, celebr\u00f3. \u00abEl equipo hizo un gran trabajo hoy, coloc\u00e1ndome en las posiciones correctas en la clasificaci\u00f3n. Y logramos un gran resultado. Es mi primera vez en la Q3 este a\u00f1o\u00bb, continu\u00f3.<\/p>\n\n\n\n<p class=\"wp-block-paragraph\">Cuando se le pregunt\u00f3 si alguna vez se sinti\u00f3 tenso por la situaci\u00f3n, Gabriel admiti\u00f3 que pens\u00f3 mucho durante el \u00faltimo intento en la Q2, pero que estaba contento de que todo saliera bien al final. \u00abEn las dos \u00faltimas curvas de la Q2, vi que la vuelta era muy buena y no sab\u00eda cu\u00e1nto necesitaba, pero sab\u00eda que era una vuelta perfecta para entrar en la Q3. Termin\u00e9 quinto, incluso con margen, pero las dos \u00faltimas curvas fueron absurdas; llev\u00e9 el coche al l\u00edmite, casi me salgo, pero termin\u00e9 la vuelta y baj\u00e9 el cuello para intentar tener menos fricci\u00f3n en la recta. Termin\u00e9 la vuelta, mir\u00e9 el tiempo y estaba quinto\u00bb, record\u00f3.<\/p>\n\n\n\n<figure class=\"wp-block-image size-large\"><img decoding=\"async\" src=\"https:\/\/grandepremio.com\/es\/wp-content\/uploads\/2025\/06\/Bortoleto-1024x683.jpeg\" alt=\"\" class=\"wp-image-347610\"\/><figcaption class=\"wp-element-caption\">Gabriel Bortoleto agradeci\u00f3 a Sauber por el resultado en Austria. (Foto: Sauber)<\/figcaption><\/figure>\n\n\n\n<p class=\"wp-block-paragraph\">\u23e9\u00a0<strong><em>\u00a1Seguinos en redes por\u00a0<\/em><\/strong><a href=\"https:\/\/twitter.com\/grandepremioES\"><em>Twitter\u00a0<\/em><\/a><strong><em>e\u00a0<\/em><\/strong><a href=\"https:\/\/www.instagram.com\/grandepremioes\/\"><em>Instagram!<\/em><\/a><br>\u23e9\u00a0<strong><em>Adem\u00e1s, tenemos nuestro\u00a0<\/em><\/strong><a href=\"https:\/\/whatsapp.com\/channel\/0029VaDZ5zb0gcfDxuwxBM05\"><em>canal de Whatsapp<\/em><\/a><strong><em>\u00a0con toda la informaci\u00f3n al instante<\/em><\/strong>\u00a0\ud83c\udfc1<\/p>\n\n\n\n<p class=\"wp-block-paragraph\">Finalmente, analiz\u00f3 la situaci\u00f3n de los rivales a su alrededor y evalu\u00f3 la posibilidad de avanzar a\u00fan m\u00e1s en la carrera de este domingo. Bortoleto mencion\u00f3 principalmente a <strong>Andrea Kimi Antonelli<\/strong>, de <strong>Mercedes<\/strong>, quien tiene un mejor auto y, por lo tanto, deber\u00eda ser la principal amenaza, ya que sale justo detr\u00e1s, en noveno lugar.<\/p>\n\n\n\n<p class=\"wp-block-paragraph\">\u00abEl ritmo ha sido muy bueno. No creo que haya nadie detr\u00e1s que no deba estar ah\u00ed, considerando que no hay ning\u00fan <strong>McLaren<\/strong> ni ning\u00fan auto delante. Los <strong>Williams<\/strong> fueron claramente m\u00e1s r\u00e1pidos y hab\u00eda un Red Bull, as\u00ed que no les cost\u00f3 mucho estar ah\u00ed. El resultado de hoy realmente refleja nuestra velocidad durante el fin de semana\u00bb, se\u00f1al\u00f3.<\/p>\n\n\n\n<p class=\"wp-block-paragraph\">\u00abLa carrera es larga, depende de muchos factores. Sabemos que tenemos que dar un peque\u00f1o paso adelante, pero qui\u00e9n sabe, con las actualizaciones, el auto podr\u00eda durar un poco m\u00e1s en carrera. Creo que Antonelli, ah\u00ed con el Mercedes, es un auto que sabemos que es bueno en carrera, pero har\u00e9 todo lo posible para mantenerlos atr\u00e1s e incluso intentar ganar una posici\u00f3n, quiz\u00e1s por encima de <strong>[Liam] Lawson<\/strong>, quien sale sexto\u00bb, concluy\u00f3.<\/p>\n\n\n\n<p class=\"wp-block-paragraph\">La&nbsp;<strong>F\u00f3rmula 1<\/strong>&nbsp;disputa este fin de semana el&nbsp;<strong>Gran Premio de Austria<\/strong>&nbsp;en el&nbsp;<strong>Red Bull Ring<\/strong>, fecha n\u00b0 11 de la&nbsp;<strong>temporada 2025<\/strong>.<\/p>\n","protected":false},"excerpt":{"rendered":"<p>Octavo en la parrilla de salida en el Red Bull Ring, Gabriel Bortoleto abandon\u00f3 la clasificaci\u00f3n muy satisfecho con su rendimiento. Y aunque reconoce las dificultades que enfrentar\u00e1 el domingo, dej\u00f3 claro que su objetivo es escalar posiciones.<\/p>\n","protected":false},"author":0,"featured_media":1010347810,"comment_status":"closed","ping_status":"closed","sticky":false,"template":"","format":"standard","meta":{"42wp_featured_image_caption":"","42wp_featured_image_credits":"","42wp_featured_video":"","42wp_featured_image_hidden":false,"42wp_authors_list":[],"footnotes":""},"categories":[5],"tags":[6800,11804,1710,179,4071,329,197,486,243,497,2421],"42wp_author":[14240],"class_list":["post-6663","post","type-post","status-publish","format-standard","has-post-thumbnail","hentry","category-f1","tag-andrea-kimi-antonelli","tag-c45","tag-f1-2025","tag-formula-1","tag-gabriel-bortoleto","tag-gp-de-austria","tag-mercedes","tag-nico-hulkenberg","tag-red-bull-ring","tag-sauber","tag-spielberg","42wp_author-ignacio-bogado"],"_links":{"self":[{"href":"https:\/\/grandepremio.com\/es\/wp-json\/wp\/v2\/posts\/6663","targetHints":{"allow":["GET"]}}],"collection":[{"href":"https:\/\/grandepremio.com\/es\/wp-json\/wp\/v2\/posts"}],"about":[{"href":"https:\/\/grandepremio.com\/es\/wp-json\/wp\/v2\/types\/post"}],"replies":[{"embeddable":true,"href":"https:\/\/grandepremio.com\/es\/wp-json\/wp\/v2\/comments?post=6663"}],"version-history":[{"count":0,"href":"https:\/\/grandepremio.com\/es\/wp-json\/wp\/v2\/posts\/6663\/revisions"}],"wp:featuredmedia":[{"embeddable":true,"href":"https:\/\/grandepremio.com\/es\/wp-json\/wp\/v2\/media\/1010347810"}],"wp:attachment":[{"href":"https:\/\/grandepremio.com\/es\/wp-json\/wp\/v2\/media?parent=6663"}],"wp:term":[{"taxonomy":"category","embeddable":true,"href":"https:\/\/grandepremio.com\/es\/wp-json\/wp\/v2\/categories?post=6663"},{"taxonomy":"post_tag","embeddable":true,"href":"https:\/\/grandepremio.com\/es\/wp-json\/wp\/v2\/tags?post=6663"},{"taxonomy":"42wp_author","embeddable":true,"href":"https:\/\/grandepremio.com\/es\/wp-json\/wp\/v2\/42wp_author?post=6663"}],"curies":[{"name":"wp","href":"https:\/\/api.w.org\/{rel}","templated":true}]}}