{"id":6670,"date":"2025-06-28T14:28:24","date_gmt":"2025-06-28T17:28:24","guid":{"rendered":"https:\/\/grandepremio.com\/es\/2025\/06\/28\/verstappen-admite-estaria-kilometros-de-pole-sin-bandera-amarilla-austria\/"},"modified":"2025-06-28T14:28:28","modified_gmt":"2025-06-28T17:28:28","slug":"verstappen-admite-estaria-kilometros-de-pole-sin-bandera-amarilla-austria","status":"publish","type":"post","link":"https:\/\/grandepremio.com\/es\/f1\/verstappen-admite-estaria-kilometros-de-pole-sin-bandera-amarilla-austria\/","title":{"rendered":"Verstappen admite que estar\u00eda \u00aba kil\u00f3metros de la pole sin bandera amarilla\u00bb en Austria"},"content":{"rendered":"\n<p class=\"wp-block-paragraph\"><strong>Max Verstappen<\/strong> solo logr\u00f3 el s\u00e9ptimo mejor tiempo en la clasificaci\u00f3n para el <strong>GP de Austria<\/strong>, celebrado este s\u00e1bado. El neerland\u00e9s tuvo que reducir la velocidad debido a la bandera amarilla provocada por el trompo de <strong>Pierre Gasly<\/strong> en la \u00faltima curva, pero aun as\u00ed, adopt\u00f3 un tono pesimista y afirm\u00f3 que, en condiciones normales, <strong>Red Bull<\/strong> estar\u00eda \u00aba kil\u00f3metros\u00bb de la pole position.<\/p>\n\n\n\n<p class=\"wp-block-paragraph\">\u00abProbablemente habr\u00eda estado cerca hasta la bandera amarilla, pero a\u00fan estar\u00edamos a kil\u00f3metros de la pole\u00bb, comenz\u00f3 el cuatro veces campe\u00f3n en declaraciones a <em>Sky Sports<\/em>. \u00abAs\u00ed que, al final, no es tan doloroso\u00bb, continu\u00f3.<\/p>\n\n\n\n<p class=\"wp-block-paragraph\">\u00abLa FP3 no estuvo tan mal, pero en la clasificaci\u00f3n, por alguna raz\u00f3n, el ritmo desapareci\u00f3 por completo. No hubo ni una sola curva en la que me sintiera c\u00f3modo con el coche, y eso, por supuesto, fue un gran problema en la clasificaci\u00f3n\u00bb, admiti\u00f3.<\/p>\n\n\n\n<p class=\"wp-block-paragraph\">\ud83d\udfe5&nbsp;<strong><em>\u00a1Todas las novedades te esperan en el canal de&nbsp;<\/em><\/strong><a href=\"https:\/\/www.youtube.com\/@GrandePremioES\"><em>YouTube<\/em><\/a><strong><em>&nbsp;de Grande Pr\u00eamio en Espa\u00f1ol!<\/em><\/strong>&nbsp;\ud83d\udfe8<\/p>\n\n\n\n<figure class=\"wp-block-image size-full\"><img decoding=\"async\" src=\"https:\/\/grandepremio.com\/es\/wp-content\/uploads\/..\/gp_br_uploads\/2025\/06\/austria-2025-f1-treinos-livres-red-bull-max-verstappen-afp-04.jpg\" alt=\"\" class=\"wp-image-347684\"\/><figcaption class=\"wp-element-caption\">Max Verstappen minimiz\u00f3 la bandera amarilla en la Q3 y admiti\u00f3 que a\u00fan as\u00ed est\u00e1 muy lejos de McLaren. (Foto: Red Bull)<\/figcaption><\/figure>\n\n\n\n<p class=\"wp-block-paragraph\">\u23e9\u00a0<strong><em>\u00a1Seguinos en redes por\u00a0<\/em><\/strong><a href=\"https:\/\/twitter.com\/grandepremioES\"><em>Twitter\u00a0<\/em><\/a><strong><em>e\u00a0<\/em><\/strong><a href=\"https:\/\/www.instagram.com\/grandepremioes\/\"><em>Instagram!<\/em><\/a><br>\u23e9\u00a0<strong><em>Adem\u00e1s, tenemos nuestro\u00a0<\/em><\/strong><a href=\"https:\/\/whatsapp.com\/channel\/0029VaDZ5zb0gcfDxuwxBM05\"><em>canal de Whatsapp<\/em><\/a><strong><em>\u00a0con toda la informaci\u00f3n al instante<\/em><\/strong>\u00a0\ud83c\udfc1<\/p>\n\n\n\n<p class=\"wp-block-paragraph\">Al ser preguntado cu\u00e1nto le perjudicar\u00eda una mala actuaci\u00f3n el s\u00e1bado en t\u00e9rminos de campeonato, Verstappen le rest\u00f3 importancia. \u00abDepende de c\u00f3mo lo mires, \u00bfno? Realmente no me importa la clasificaci\u00f3n del campeonato, solo quiero hacerlo lo mejor posible cada fin de semana de carreras\u00bb, admiti\u00f3.<\/p>\n\n\n\n<p class=\"wp-block-paragraph\">\u00abEspero que ma\u00f1ana al menos podamos competir con <strong>Ferrari<\/strong> o <strong>Mercedes<\/strong>. La verdad es que no lo s\u00e9, porque con el balance que tuvimos en la clasificaci\u00f3n, seguro que no ser\u00e1 bueno para ma\u00f1ana, pero lo analizaremos todo\u00bb, concluy\u00f3.<\/p>\n\n\n\n<p class=\"wp-block-paragraph\">Verstappen es tercero en el <strong>Campeonato de Pilotos<\/strong>, a 43 puntos del l\u00edder, <strong>Oscar Piastri<\/strong>, de <strong>McLaren<\/strong>.<\/p>\n\n\n\n<p class=\"wp-block-paragraph\">La&nbsp;<strong>F\u00f3rmula 1<\/strong>&nbsp;disputa este fin de semana el&nbsp;<strong>Gran Premio de Austria<\/strong>&nbsp;en el&nbsp;<strong>Red Bull Ring<\/strong>, fecha n\u00b0 11 de la&nbsp;<strong>temporada 2025<\/strong>.<\/p>\n\n\n\n<figure class=\"wp-block-embed is-type-rich is-provider-gestor-del-servicio wp-block-embed-gestor-del-servicio wp-embed-aspect-16-9 wp-has-aspect-ratio\"><div class=\"wp-block-embed__wrapper\">\nhttps:\/\/youtube.com\/watch?v=Rivdbz2KoVE%3Fversion%3D3%26rel%3D1%26showsearch%3D0%26showinfo%3D1%26iv_load_policy%3D1%26fs%3D1%26hl%3Des-ES%26autohide%3D2%26wmode%3Dtransparent\n<\/div><\/figure>\n","protected":false},"excerpt":{"rendered":"<p>Max Verstappen fue s\u00e9ptimo en la clasificaci\u00f3n del GP de Austria este s\u00e1bado. El tetracampe\u00f3n se vio obstaculizado por Pierre Gasly, pero coment\u00f3 que Red Bull estar\u00eda lejos de la pole position en condiciones normales.<\/p>\n","protected":false},"author":0,"featured_media":1010347778,"comment_status":"closed","ping_status":"closed","sticky":false,"template":"","format":"standard","meta":{"42wp_featured_image_caption":"","42wp_featured_image_credits":"","42wp_featured_video":"","42wp_featured_image_hidden":false,"42wp_authors_list":[],"footnotes":""},"categories":[5],"tags":[678,1710,179,329,249,427,206,243,2421],"42wp_author":[14240],"class_list":["post-6670","post","type-post","status-publish","format-standard","has-post-thumbnail","hentry","category-f1","tag-alpine","tag-f1-2025","tag-formula-1","tag-gp-de-austria","tag-max-verstappen","tag-pierre-gasly","tag-red-bull","tag-red-bull-ring","tag-spielberg","42wp_author-ignacio-bogado"],"_links":{"self":[{"href":"https:\/\/grandepremio.com\/es\/wp-json\/wp\/v2\/posts\/6670","targetHints":{"allow":["GET"]}}],"collection":[{"href":"https:\/\/grandepremio.com\/es\/wp-json\/wp\/v2\/posts"}],"about":[{"href":"https:\/\/grandepremio.com\/es\/wp-json\/wp\/v2\/types\/post"}],"replies":[{"embeddable":true,"href":"https:\/\/grandepremio.com\/es\/wp-json\/wp\/v2\/comments?post=6670"}],"version-history":[{"count":0,"href":"https:\/\/grandepremio.com\/es\/wp-json\/wp\/v2\/posts\/6670\/revisions"}],"wp:featuredmedia":[{"embeddable":true,"href":"https:\/\/grandepremio.com\/es\/wp-json\/wp\/v2\/media\/1010347778"}],"wp:attachment":[{"href":"https:\/\/grandepremio.com\/es\/wp-json\/wp\/v2\/media?parent=6670"}],"wp:term":[{"taxonomy":"category","embeddable":true,"href":"https:\/\/grandepremio.com\/es\/wp-json\/wp\/v2\/categories?post=6670"},{"taxonomy":"post_tag","embeddable":true,"href":"https:\/\/grandepremio.com\/es\/wp-json\/wp\/v2\/tags?post=6670"},{"taxonomy":"42wp_author","embeddable":true,"href":"https:\/\/grandepremio.com\/es\/wp-json\/wp\/v2\/42wp_author?post=6670"}],"curies":[{"name":"wp","href":"https:\/\/api.w.org\/{rel}","templated":true}]}}