{"id":6682,"date":"2025-06-28T07:21:33","date_gmt":"2025-06-28T10:21:33","guid":{"rendered":"https:\/\/grandepremio.com\/es\/2025\/06\/28\/ott-tanak-lider-primer-dia-rally-grecia-wrc\/"},"modified":"2025-06-28T07:32:40","modified_gmt":"2025-06-28T10:32:40","slug":"ott-tanak-lider-primer-dia-rally-grecia-wrc","status":"publish","type":"post","link":"https:\/\/grandepremio.com\/es\/rally\/ott-tanak-lider-primer-dia-rally-grecia-wrc\/","title":{"rendered":"T\u00e4nak se impone por 3s sobre Fourmaux y lidera primer d\u00eda del Rally de Grecia del WRC"},"content":{"rendered":"\n<p class=\"wp-block-paragraph\">Bajo un intenso calor de m\u00e1s de 40\u00baC, <strong>Ott T\u00e4nak<\/strong> domin\u00f3 una ca\u00f3tica jornada y termin\u00f3 el viernes como l\u00edder del <strong>Rally de Grecia<\/strong>, s\u00e9ptima prueba de la <strong>temporada 2025 del Campeonato del Mundo de Rally (WRC)<\/strong>. El piloto de <strong>Hyundai<\/strong> fue seguido de cerca por <strong>Adrien Fourmaux<\/strong>, que est\u00e1 a s\u00f3lo 3s de su rival y sigue anhleando conseguir la primera victoria de su carrera en la categor\u00eda.<\/p>\n\n\n\n<p class=\"wp-block-paragraph\">Junto con su navegante<strong> Martin J\u00e4rveoja,<\/strong> el estonio se mostr\u00f3 tranquilo durante toda la carrera y no se dej\u00f3 vencer por los nervios, ni siquiera cuando sufri\u00f3 un pinchazo al acercarse al final de la cuarta etapa. En cualquier caso, T\u00e4nak no fue el m\u00e1s r\u00e1pido en ninguno de los tramos, pero hizo gala de su habitual regularidad para erigirse como uno de los favoritos en la lucha por la victoria.<\/p>\n\n\n\n<p class=\"wp-block-paragraph\">Fourmaux, por su parte, se mostr\u00f3 r\u00e1pido y resistente para ganar tres etapas y completar la jornada en 1h25m10s, a s\u00f3lo 3s de su compa\u00f1ero de equipo en Hyundai.<strong> S\u00e9bastien Ogier <\/strong>lleg\u00f3 a la punta en algunos momentos, pero sufri\u00f3 problemas de neum\u00e1ticos en los instantes finales y tuvo que conformarse con la tercera plaza, a 16s9 del l\u00edder.<\/p>\n\n\n\n<p class=\"wp-block-paragraph\"><strong><em>\u00a1Todas las novedades te esperan en el canal de\u00a0<a href=\"https:\/\/www.youtube.com\/@GrandePremioES\" target=\"_blank\" rel=\"noreferrer noopener\">YouTube<\/a>\u00a0de Grande Pr\u00eamio en Espa\u00f1ol!<\/em><\/strong><\/p>\n\n\n\n<figure class=\"wp-block-image size-large is-resized\"><img decoding=\"async\" src=\"https:\/\/grandepremio.com\/cdn-cgi\/image\/width=893,height=558,fit=contain,gravity=0.5x0.5,quality=75,format=webp\/es\/wp-content\/uploads\/2025\/06\/image-48-1024x683.png\" alt=\"\" class=\"wp-image-347590\" style=\"width:840px;height:auto\"\/><figcaption class=\"wp-element-caption\">Adrien Fourmaux completa un 1-2 transitorio para Hyundai en el Rally de Grecia. (Foto: WRC)<\/figcaption><\/figure>\n\n\n\n<p class=\"wp-block-paragraph\"><strong><em>\u00a1Seguinos en redes por\u00a0<a href=\"https:\/\/twitter.com\/grandepremioES\" target=\"_blank\" rel=\"noreferrer noopener\">Twitter\u00a0<\/a>e\u00a0<a href=\"https:\/\/www.instagram.com\/grandepremioes\/\" target=\"_blank\" rel=\"noreferrer noopener\">Instagram!<\/a><\/em><\/strong><br><strong><em>Adem\u00e1s, tenemos nuestro\u00a0<a href=\"https:\/\/whatsapp.com\/channel\/0029VaDZ5zb0gcfDxuwxBM05\" target=\"_blank\" rel=\"noreferrer noopener\">canal de Whatsapp<\/a>\u00a0con toda la informaci\u00f3n al instante<\/em><\/strong><\/p>\n\n\n\n<p class=\"wp-block-paragraph\">El campe\u00f3n <strong>Thierry Neuville<\/strong>, por su parte, fue v\u00edctima de infortunios. El belga sufri\u00f3 dos pinchazos consecutivos, en las etapas cuarta y quinta, y termin\u00f3 el viernes a m\u00e1s de 2m38s de T\u00e4nak en octava posici\u00f3n, por lo que pr\u00e1cticamente se le esfumaron las posibilidades de subir al podio en Grecia.<\/p>\n\n\n\n<p class=\"wp-block-paragraph\">El l\u00edder del campeonato, <strong>Elfyn Evans<\/strong>, tuvo un buen d\u00eda con <strong>Toyota<\/strong> y termin\u00f3 en cuarta posici\u00f3n con 1h26m28s en el reloj. A bordo del <strong>Ford<\/strong> #13,<strong> Gr\u00e9goire Munster <\/strong>le sigui\u00f3 de cerca en quinta posici\u00f3n, mientras que <strong>Takamoto Katsuta, Kalle Rovanper\u00e4, Neuville, Oliver Solberg y Kajetan Kajetanowicz <\/strong>completaron los diez primeros puestos.<\/p>\n\n\n\n<p class=\"wp-block-paragraph\"><strong>La segunda jornada del Rally de Grecia se disputar\u00e1 este s\u00e1bado. GRANDE PR\u00caMIO en Espa\u00f1ol sigue de cerca todas las emociones del WRC.<\/strong><\/p>\n\n\n\n<p class=\"wp-block-paragraph\"><\/p>\n","protected":false},"excerpt":{"rendered":"<p>Ott T\u00e1nak comenz\u00f3 al frente el Rally de Grecia. Su compa\u00f1ero de equipo en Hyundai, Adrien Fourmaux, completa un 1-2 transitorio al cabo de la primera jornada.<\/p>\n","protected":false},"author":0,"featured_media":1010347567,"comment_status":"closed","ping_status":"closed","sticky":false,"template":"","format":"standard","meta":{"42wp_featured_image_caption":"","42wp_featured_image_credits":"","42wp_featured_video":"","42wp_featured_image_hidden":false,"42wp_authors_list":[],"footnotes":""},"categories":[9],"tags":[2104,8437,452,10650,1226],"42wp_author":[14223],"class_list":["post-6682","post","type-post","status-publish","format-standard","has-post-thumbnail","hentry","category-rally","tag-adrien-fourmaux","tag-ott-tnak","tag-rally","tag-rally-de-grecia","tag-wrc","42wp_author-esteban-nieto"],"_links":{"self":[{"href":"https:\/\/grandepremio.com\/es\/wp-json\/wp\/v2\/posts\/6682","targetHints":{"allow":["GET"]}}],"collection":[{"href":"https:\/\/grandepremio.com\/es\/wp-json\/wp\/v2\/posts"}],"about":[{"href":"https:\/\/grandepremio.com\/es\/wp-json\/wp\/v2\/types\/post"}],"replies":[{"embeddable":true,"href":"https:\/\/grandepremio.com\/es\/wp-json\/wp\/v2\/comments?post=6682"}],"version-history":[{"count":0,"href":"https:\/\/grandepremio.com\/es\/wp-json\/wp\/v2\/posts\/6682\/revisions"}],"wp:featuredmedia":[{"embeddable":true,"href":"https:\/\/grandepremio.com\/es\/wp-json\/wp\/v2\/media\/1010347567"}],"wp:attachment":[{"href":"https:\/\/grandepremio.com\/es\/wp-json\/wp\/v2\/media?parent=6682"}],"wp:term":[{"taxonomy":"category","embeddable":true,"href":"https:\/\/grandepremio.com\/es\/wp-json\/wp\/v2\/categories?post=6682"},{"taxonomy":"post_tag","embeddable":true,"href":"https:\/\/grandepremio.com\/es\/wp-json\/wp\/v2\/tags?post=6682"},{"taxonomy":"42wp_author","embeddable":true,"href":"https:\/\/grandepremio.com\/es\/wp-json\/wp\/v2\/42wp_author?post=6682"}],"curies":[{"name":"wp","href":"https:\/\/api.w.org\/{rel}","templated":true}]}}