{"id":6686,"date":"2025-06-27T17:57:28","date_gmt":"2025-06-27T20:57:28","guid":{"rendered":"https:\/\/grandepremio.com\/es\/2025\/06\/27\/red-bull-ve-mclaren-favorita-austria-cita-ritmo-competitivo-da-esperanza\/"},"modified":"2025-06-27T17:57:32","modified_gmt":"2025-06-27T20:57:32","slug":"red-bull-ve-mclaren-favorita-austria-cita-ritmo-competitivo-da-esperanza","status":"publish","type":"post","link":"https:\/\/grandepremio.com\/es\/f1\/red-bull-ve-mclaren-favorita-austria-cita-ritmo-competitivo-da-esperanza\/","title":{"rendered":"Red Bull ve a McLaren favorita en Austria, pero cita ritmo competitivo que \u00abda esperanza\u00bb"},"content":{"rendered":"\n<p class=\"wp-block-paragraph\">El tercer puesto de <strong>Max Verstappen<\/strong> en la FP2 del <strong>Gran Premio de Austria<\/strong> y el s\u00e9ptimo de <strong>Yuki Tsunoda<\/strong> dejaron a <strong>Red Bull<\/strong> con \u00abesperanzas\u00bb de entrar en la lucha por la pole contra el \u00absiempre favorito\u00bb <strong>McLaren<\/strong>. En opini\u00f3n del asesor <strong>Helmut Marko<\/strong>, el coche mostr\u00f3 un ritmo competitivo, pero la clave estar\u00e1 en la gesti\u00f3n de los neum\u00e1ticos.<\/p>\n\n\n\n<p class=\"wp-block-paragraph\">Verstappen hizo la mejor vuelta en <strong>1min04s898<\/strong>, <a href=\"https:\/\/grandepremio.com\/es\/f1\/lando-norris-segundo-entrenamiento-austria-formula-1-2025\/\">0s3 m\u00e1s lento que <strong>Lando Norris<\/strong><\/a>, que lider\u00f3 la sesi\u00f3n. Es una diferencia, sin embargo, que Marko no piensa que sea real este fin de semana: \u00abNo creo que sea 0s3, pero seguimos por detr\u00e1s, claro\u00bb.<\/p>\n\n\n\n<p class=\"wp-block-paragraph\">\u00abEstamos m\u00e1s cerca de McLaren, pero ellos siempre son los favoritos\u00bb, declar\u00f3 a la prensa en el <strong>Red Bull Ring<\/strong> de <strong>Spielberg<\/strong>. \u00abEspero que podamos encontrar algo en el coche, pero ser\u00e1 un buen reto\u00bb, subray\u00f3.<\/p>\n\n\n\n<p class=\"wp-block-paragraph\">\ud83d\udfe5&nbsp;<strong><em>\u00a1Todas las novedades te esperan en el canal de&nbsp;<\/em><\/strong><a href=\"https:\/\/www.youtube.com\/@GrandePremioES\"><em>YouTube<\/em><\/a><strong><em>&nbsp;de Grande Pr\u00eamio en Espa\u00f1ol!<\/em><\/strong>&nbsp;\ud83d\udfe8<\/p>\n\n\n\n<figure class=\"wp-block-image size-large\"><img decoding=\"async\" src=\"https:\/\/grandepremio.com\/es\/wp-content\/uploads\/2025\/06\/GucspgwWoAAKdJ7-1024x683.jpeg\" alt=\"\" class=\"wp-image-347405\"\/><figcaption class=\"wp-element-caption\">Helmut Marko se\u00f1al\u00f3 que McLaren sigue siendo el equipo favorito en Austria. (Foto: Red Bull)<\/figcaption><\/figure>\n\n\n\n<p class=\"wp-block-paragraph\">\u23e9\u00a0<strong><em>\u00a1Seguinos en redes por\u00a0<\/em><\/strong><a href=\"https:\/\/twitter.com\/grandepremioES\"><em>Twitter\u00a0<\/em><\/a><strong><em>e\u00a0<\/em><\/strong><a href=\"https:\/\/www.instagram.com\/grandepremioes\/\"><em>Instagram!<\/em><\/a><br>\u23e9\u00a0<strong><em>Adem\u00e1s, tenemos nuestro\u00a0<\/em><\/strong><a href=\"https:\/\/whatsapp.com\/channel\/0029VaDZ5zb0gcfDxuwxBM05\"><em>canal de Whatsapp<\/em><\/a><strong><em>\u00a0con toda la informaci\u00f3n al instante<\/em><\/strong>\u00a0\ud83c\udfc1<\/p>\n\n\n\n<p class=\"wp-block-paragraph\">\u00abHoy las temperaturas se han mantenido relativamente bajas, vamos a ver qu\u00e9 pasa ma\u00f1ana, cuando deber\u00eda hacer m\u00e1s calor\u00bb, advirti\u00f3, refiri\u00e9ndose a term\u00f3metros en la franja de los 24\u00baC y asfalto que no super\u00f3 los 40\u00baC, especialmente por la tarde, en un horario similar al de la clasificaci\u00f3n y la carrera.<\/p>\n\n\n\n<p class=\"wp-block-paragraph\">A\u00fan as\u00ed, el austr\u00edaco advirti\u00f3 que hay que tener cuidado con los neum\u00e1ticos, ya que el asfalto de Austria es muy abrasivo. \u00abSomos competitivos en cuanto a ritmo, pero todo depender\u00e1 de c\u00f3mo gestionemos los neum\u00e1ticos el domingo\u00bb, continu\u00f3.<\/p>\n\n\n\n<p class=\"wp-block-paragraph\">Por \u00faltimo, afirm\u00f3 que los primeros datos recogidos de las actualizaciones son alentadores. \u00abDe momento, s\u00ed. No es un gran paso, pero la direcci\u00f3n que hemos tomado nos da esperanzas\u00bb, concluy\u00f3.<\/p>\n\n\n\n<p class=\"wp-block-paragraph\">La&nbsp;<strong>F\u00f3rmula 1<\/strong>&nbsp;disputa este fin de semana el&nbsp;<strong>Gran Premio de Austria<\/strong>&nbsp;en el&nbsp;<strong>Red Bull Ring<\/strong>, fecha n\u00b0 11 de la&nbsp;<strong>temporada 2025<\/strong>.<\/p>\n\n\n\n<figure class=\"wp-block-embed is-type-rich is-provider-gestor-del-servicio wp-block-embed-gestor-del-servicio wp-embed-aspect-16-9 wp-has-aspect-ratio\"><div class=\"wp-block-embed__wrapper\">\nhttps:\/\/youtube.com\/watch?v=Rivdbz2KoVE%3Fversion%3D3%26rel%3D1%26showsearch%3D0%26showinfo%3D1%26iv_load_policy%3D1%26fs%3D1%26hl%3Des-ES%26autohide%3D2%26wmode%3Dtransparent\n<\/div><\/figure>\n","protected":false},"excerpt":{"rendered":"<p>Helmur Marko, asesor de la escuder\u00eda austr\u00edaca, dijo que el coche mostraba signos alentadores con las actualizaciones, especialmente en t\u00e9rminos de ritmo.<\/p>\n","protected":false},"author":0,"featured_media":1010347364,"comment_status":"closed","ping_status":"closed","sticky":false,"template":"","format":"standard","meta":{"42wp_featured_image_caption":"","42wp_featured_image_credits":"","42wp_featured_video":"","42wp_featured_image_hidden":false,"42wp_authors_list":[],"footnotes":""},"categories":[5],"tags":[1710,179,329,1358,249,11072,206,243,2421,368],"42wp_author":[14240],"class_list":["post-6686","post","type-post","status-publish","format-standard","has-post-thumbnail","hentry","category-f1","tag-f1-2025","tag-formula-1","tag-gp-de-austria","tag-helmut-marko","tag-max-verstappen","tag-rb21","tag-red-bull","tag-red-bull-ring","tag-spielberg","tag-yuki-tsunoda","42wp_author-ignacio-bogado"],"_links":{"self":[{"href":"https:\/\/grandepremio.com\/es\/wp-json\/wp\/v2\/posts\/6686","targetHints":{"allow":["GET"]}}],"collection":[{"href":"https:\/\/grandepremio.com\/es\/wp-json\/wp\/v2\/posts"}],"about":[{"href":"https:\/\/grandepremio.com\/es\/wp-json\/wp\/v2\/types\/post"}],"replies":[{"embeddable":true,"href":"https:\/\/grandepremio.com\/es\/wp-json\/wp\/v2\/comments?post=6686"}],"version-history":[{"count":0,"href":"https:\/\/grandepremio.com\/es\/wp-json\/wp\/v2\/posts\/6686\/revisions"}],"wp:featuredmedia":[{"embeddable":true,"href":"https:\/\/grandepremio.com\/es\/wp-json\/wp\/v2\/media\/1010347364"}],"wp:attachment":[{"href":"https:\/\/grandepremio.com\/es\/wp-json\/wp\/v2\/media?parent=6686"}],"wp:term":[{"taxonomy":"category","embeddable":true,"href":"https:\/\/grandepremio.com\/es\/wp-json\/wp\/v2\/categories?post=6686"},{"taxonomy":"post_tag","embeddable":true,"href":"https:\/\/grandepremio.com\/es\/wp-json\/wp\/v2\/tags?post=6686"},{"taxonomy":"42wp_author","embeddable":true,"href":"https:\/\/grandepremio.com\/es\/wp-json\/wp\/v2\/42wp_author?post=6686"}],"curies":[{"name":"wp","href":"https:\/\/api.w.org\/{rel}","templated":true}]}}