{"id":6687,"date":"2025-06-27T17:39:37","date_gmt":"2025-06-27T20:39:37","guid":{"rendered":"https:\/\/grandepremio.com\/es\/2025\/06\/27\/mercedes-apunta-caida-entre-fp1-fp2-ve-mclaren-equipo-a-batir-austria\/"},"modified":"2025-06-27T17:39:42","modified_gmt":"2025-06-27T20:39:42","slug":"mercedes-apunta-caida-entre-fp1-fp2-ve-mclaren-equipo-a-batir-austria","status":"publish","type":"post","link":"https:\/\/grandepremio.com\/es\/f1\/mercedes-apunta-caida-entre-fp1-fp2-ve-mclaren-equipo-a-batir-austria\/","title":{"rendered":"Mercedes apunta ca\u00edda entre FP1 y FP2 y ve a McLaren como \u00abequipo a batir\u00bb en Austria"},"content":{"rendered":"\n<p class=\"wp-block-paragraph\">A pesar del rendimiento inferior al esperado durante la segunda sesi\u00f3n del viernes, <strong>Mercedes<\/strong> se mostr\u00f3 satisfecha con el ritmo mostrado por el <strong>W16<\/strong> en los entrenamientos para el <strong>Gran Premio de Austria<\/strong>, und\u00e9cima prueba de la <strong>temporada 2025<\/strong> de <strong>F\u00f3rmula 1<\/strong>. En cualquier caso, <strong>Andrew Shovlin<\/strong>, director de ingenier\u00eda del equipo alem\u00e1n, afirm\u00f3 que <strong>McLaren<\/strong> sigue siendo \u00abel equipo a batir\u00bb este fin de semana.<\/p>\n\n\n\n<p class=\"wp-block-paragraph\">En la FP1, <a href=\"https:\/\/grandepremio.com\/es\/f1\/george-russell-primer-entrenamiento-austria-franco-colapinto-formula-1-2025\/\"><strong>George Russell<\/strong> marc\u00f3 <strong>1min05s542<\/strong> y encabez\u00f3 la tabla de tiempos<\/a>, mientras que <strong>Andrea Kimi Antonelli<\/strong> tuvo que conformarse con el 11\u00ba puesto, a m\u00e1s de <strong>0s5<\/strong> de su compa\u00f1ero de garaje. Momentos despu\u00e9s, en la FP2, el italiano termin\u00f3 exactamente en la misma posici\u00f3n, y el brit\u00e1nico cay\u00f3 hasta la sexta plaza, a m\u00e1s de <strong>0s6 del l\u00edder Lando Norris<\/strong>.<\/p>\n\n\n\n<p class=\"wp-block-paragraph\">\u00abHemos empezado bien el fin de semana en la FP1. El equilibrio general del coche era bueno, y parec\u00edamos fuertes en la vuelta r\u00e1pida. Nos centramos m\u00e1s en los stints largos y conseguimos algunos datos decentes. Todo parec\u00eda estar en una posici\u00f3n razonable en t\u00e9rminos de ritmo y desgaste [de los neum\u00e1ticos]\u00bb, dijo el directivo despu\u00e9s de las actividades.<\/p>\n\n\n\n<p class=\"wp-block-paragraph\">\ud83d\udfe5&nbsp;<strong><em>\u00a1Todas las novedades te esperan en el canal de&nbsp;<\/em><\/strong><a href=\"https:\/\/www.youtube.com\/@GrandePremioES\"><em>YouTube<\/em><\/a><strong><em>&nbsp;de Grande Pr\u00eamio en Espa\u00f1ol!<\/em><\/strong>&nbsp;\ud83d\udfe8<\/p>\n\n\n\n<figure class=\"wp-block-image size-full\"><img decoding=\"async\" src=\"https:\/\/grandepremio.com\/es\/wp-content\/uploads\/..\/gp_br_uploads\/2025\/06\/austria-2025-f1-treinos-livres-mercedes-kimi-antonelli-afp-02-1.jpg\" alt=\"\" class=\"wp-image-347420\"\/><figcaption class=\"wp-element-caption\">Andrew Shovlin destac\u00f3 un baj\u00f3n de rendimiento entre las sesiones del viernes en Austria. (Foto: AFP)<\/figcaption><\/figure>\n\n\n\n<p class=\"wp-block-paragraph\">\u23e9\u00a0<strong><em>\u00a1Seguinos en redes por\u00a0<\/em><\/strong><a href=\"https:\/\/twitter.com\/grandepremioES\"><em>Twitter\u00a0<\/em><\/a><strong><em>e\u00a0<\/em><\/strong><a href=\"https:\/\/www.instagram.com\/grandepremioes\/\"><em>Instagram!<\/em><\/a><br>\u23e9\u00a0<strong><em>Adem\u00e1s, tenemos nuestro\u00a0<\/em><\/strong><a href=\"https:\/\/whatsapp.com\/channel\/0029VaDZ5zb0gcfDxuwxBM05\"><em>canal de Whatsapp<\/em><\/a><strong><em>\u00a0con toda la informaci\u00f3n al instante<\/em><\/strong>\u00a0\ud83c\udfc1<\/p>\n\n\n\n<p class=\"wp-block-paragraph\">\u00abSin embargo, parec\u00edamos menos competitivos durante las vueltas r\u00e1pidas de la segunda sesi\u00f3n. La direcci\u00f3n del viento cambi\u00f3 un poco y eso no nos favoreci\u00f3. Tambi\u00e9n hicimos algunos cambios que pueden haber alterado el equilibrio del coche, pero los analizaremos en el simulador durante la noche\u00bb, prosigui\u00f3.<\/p>\n\n\n\n<p class=\"wp-block-paragraph\">\u00abAfortunadamente, el ritmo en las simulaciones de carrera sigui\u00f3 siendo bueno, y como empezamos este programa antes que los dem\u00e1s, pudimos completar m\u00e1s vueltas\u00bb, celebr\u00f3 el jefe del equipo de <strong>Brackley<\/strong>, aunque admiti\u00f3 que los rivales de <strong>Woking<\/strong> volv\u00edan a ser favoritos.<\/p>\n\n\n\n<p class=\"wp-block-paragraph\">\u00abMcLaren sigue pareciendo el equipo a batir, lo que no es ninguna sorpresa en una pista como \u00e9sta, pero estamos razonablemente satisfechos con lo de hoy como punto de partida para nuestro fin de semana\u00bb, concluy\u00f3.<\/p>\n\n\n\n<p class=\"wp-block-paragraph\">La&nbsp;<strong>F\u00f3rmula 1<\/strong>&nbsp;disputa este fin de semana el&nbsp;<strong>Gran Premio de Austria<\/strong>&nbsp;en el&nbsp;<strong>Red Bull Ring<\/strong>, fecha n\u00b0 11 de la&nbsp;<strong>temporada 2025<\/strong>.<\/p>\n\n\n\n<figure class=\"wp-block-embed is-type-rich is-provider-gestor-del-servicio wp-block-embed-gestor-del-servicio wp-embed-aspect-16-9 wp-has-aspect-ratio\"><div class=\"wp-block-embed__wrapper\">\nhttps:\/\/youtube.com\/watch?v=Rivdbz2KoVE%3Fversion%3D3%26rel%3D1%26showsearch%3D0%26showinfo%3D1%26iv_load_policy%3D1%26fs%3D1%26hl%3Des-ES%26autohide%3D2%26wmode%3Dtransparent\n<\/div><\/figure>\n","protected":false},"excerpt":{"rendered":"<p>El director de ingenier\u00eda de Mercedes, Andrew Shovlin, se mostr\u00f3 satisfecho con el ritmo de carrera del W16 durante los entrenamientos en Spielberg, pero se\u00f1al\u00f3 un baj\u00f3n de rendimiento entre sesiones.<\/p>\n","protected":false},"author":0,"featured_media":1010347416,"comment_status":"closed","ping_status":"closed","sticky":false,"template":"","format":"standard","meta":{"42wp_featured_image_caption":"","42wp_featured_image_credits":"","42wp_featured_video":"","42wp_featured_image_hidden":false,"42wp_authors_list":[],"footnotes":""},"categories":[5],"tags":[6800,1411,1710,179,253,329,269,197,243,2421,11524],"42wp_author":[14240],"class_list":["post-6687","post","type-post","status-publish","format-standard","has-post-thumbnail","hentry","category-f1","tag-andrea-kimi-antonelli","tag-andrew-shovlin","tag-f1-2025","tag-formula-1","tag-george-russell","tag-gp-de-austria","tag-mclaren","tag-mercedes","tag-red-bull-ring","tag-spielberg","tag-w16","42wp_author-ignacio-bogado"],"_links":{"self":[{"href":"https:\/\/grandepremio.com\/es\/wp-json\/wp\/v2\/posts\/6687","targetHints":{"allow":["GET"]}}],"collection":[{"href":"https:\/\/grandepremio.com\/es\/wp-json\/wp\/v2\/posts"}],"about":[{"href":"https:\/\/grandepremio.com\/es\/wp-json\/wp\/v2\/types\/post"}],"replies":[{"embeddable":true,"href":"https:\/\/grandepremio.com\/es\/wp-json\/wp\/v2\/comments?post=6687"}],"version-history":[{"count":0,"href":"https:\/\/grandepremio.com\/es\/wp-json\/wp\/v2\/posts\/6687\/revisions"}],"wp:featuredmedia":[{"embeddable":true,"href":"https:\/\/grandepremio.com\/es\/wp-json\/wp\/v2\/media\/1010347416"}],"wp:attachment":[{"href":"https:\/\/grandepremio.com\/es\/wp-json\/wp\/v2\/media?parent=6687"}],"wp:term":[{"taxonomy":"category","embeddable":true,"href":"https:\/\/grandepremio.com\/es\/wp-json\/wp\/v2\/categories?post=6687"},{"taxonomy":"post_tag","embeddable":true,"href":"https:\/\/grandepremio.com\/es\/wp-json\/wp\/v2\/tags?post=6687"},{"taxonomy":"42wp_author","embeddable":true,"href":"https:\/\/grandepremio.com\/es\/wp-json\/wp\/v2\/42wp_author?post=6687"}],"curies":[{"name":"wp","href":"https:\/\/api.w.org\/{rel}","templated":true}]}}