{"id":6689,"date":"2025-06-27T16:51:51","date_gmt":"2025-06-27T19:51:51","guid":{"rendered":"https:\/\/grandepremio.com\/es\/2025\/06\/27\/leclerc-exige-ferrari-falta-ritmo-clasificacion-austria\/"},"modified":"2025-06-27T16:51:54","modified_gmt":"2025-06-27T19:51:54","slug":"leclerc-exige-ferrari-falta-ritmo-clasificacion-austria","status":"publish","type":"post","link":"https:\/\/grandepremio.com\/es\/f1\/leclerc-exige-ferrari-falta-ritmo-clasificacion-austria\/","title":{"rendered":"Leclerc exige a Ferrari por falta de ritmo de clasificaci\u00f3n en Austria: \u00abNo estoy satisfecho\u00bb"},"content":{"rendered":"\n<p class=\"wp-block-paragraph\"><strong>Charles Leclerc<\/strong> tuvo menos tiempo para familiarizarse con las nuevas actualizaciones de <strong>Ferrari<\/strong> el viernes, pero dijo que, por lo poco que sinti\u00f3, no estaba \u00abcompletamente satisfecho\u00bb con el rendimiento de la <strong>SF-25<\/strong> en el <strong>Red Bull Ring<\/strong>, escenario del <strong>Gran Premio de Austria<\/strong>. Por eso dej\u00f3 claro que el equipo necesita trabajar duro durante la noche, especialmente en el ritmo de clasificaci\u00f3n.<\/p>\n\n\n\n<p class=\"wp-block-paragraph\">En la FP1, el monegasco acab\u00f3 cediendo el coche a <strong>Dino Beganovic<\/strong>, quien, a su vez, s\u00f3lo marc\u00f3 el 18\u00ba mejor tiempo. Unas horas m\u00e1s tarde, en la FP2, el piloto del #16 tuvo la oportunidad de tomar las riendas del coche rojo y marc\u00f3 <strong>1min05s190<\/strong>, suficiente para situarse en quinta posici\u00f3n, por detr\u00e1s de los dos <strong>McLaren<\/strong>, <strong>Max Verstappen<\/strong> y <strong>Lance Stroll<\/strong>.<\/p>\n\n\n\n<p class=\"wp-block-paragraph\">\ud83d\udfe5&nbsp;<strong><em>\u00a1Todas las novedades te esperan en el canal de&nbsp;<\/em><\/strong><a href=\"https:\/\/www.youtube.com\/@GrandePremioES\"><em>YouTube<\/em><\/a><strong><em>&nbsp;de Grande Pr\u00eamio en Espa\u00f1ol!<\/em><\/strong>&nbsp;\ud83d\udfe8<\/p>\n\n\n\n<figure class=\"wp-block-image size-full\"><img decoding=\"async\" src=\"https:\/\/grandepremio.com\/es\/wp-content\/uploads\/..\/gp_br_uploads\/2025\/06\/austria-2025-f1-treinos-livres-ferrari-charles-leclerc-afp-01.jpg\" alt=\"\" class=\"wp-image-347411\"\/><figcaption class=\"wp-element-caption\">Charles Leclerc (Foto: AFP) <\/figcaption><\/figure>\n\n\n\n<p class=\"wp-block-paragraph\">\u23e9\u00a0<strong><em>\u00a1Seguinos en redes por\u00a0<\/em><\/strong><a href=\"https:\/\/twitter.com\/grandepremioES\"><em>Twitter\u00a0<\/em><\/a><strong><em>e\u00a0<\/em><\/strong><a href=\"https:\/\/www.instagram.com\/grandepremioes\/\"><em>Instagram!<\/em><\/a><br>\u23e9\u00a0<strong><em>Adem\u00e1s, tenemos nuestro\u00a0<\/em><\/strong><a href=\"https:\/\/whatsapp.com\/channel\/0029VaDZ5zb0gcfDxuwxBM05\"><em>canal de Whatsapp<\/em><\/a><strong><em>\u00a0con toda la informaci\u00f3n al instante<\/em><\/strong>\u00a0\ud83c\udfc1<\/p>\n\n\n\n<p class=\"wp-block-paragraph\">\u00abHoy me he subido al coche por primera vez en la segunda sesi\u00f3n y me he sentido c\u00f3modo en la pista. Pero a\u00fan no puedo decir que est\u00e9 completamente satisfecho con las sensaciones que he tenido en el coche\u00bb, coment\u00f3 el monegasco en las entrevistas posteriores a la carrera.<\/p>\n\n\n\n<p class=\"wp-block-paragraph\">\u00abComo de costumbre, nuestro ritmo de carrera es bueno, pero tenemos que trabajar un poco para mejorar nuestra puesta a punto de clasificaci\u00f3n para poder salir m\u00e1s arriba en la parrilla y luchar por las posiciones delanteras el domingo\u00bb, concluy\u00f3.<\/p>\n\n\n\n<p class=\"wp-block-paragraph\">La&nbsp;<strong>F\u00f3rmula 1<\/strong>&nbsp;disputa este fin de semana el&nbsp;<strong>Gran Premio de Austria<\/strong>&nbsp;en el&nbsp;<strong>Red Bull Ring<\/strong>, fecha n\u00b0 11 de la&nbsp;<strong>temporada 2025<\/strong>.<\/p>\n\n\n\n<figure class=\"wp-block-embed is-type-rich is-provider-gestor-del-servicio wp-block-embed-gestor-del-servicio wp-embed-aspect-16-9 wp-has-aspect-ratio\"><div class=\"wp-block-embed__wrapper\">\nhttps:\/\/youtube.com\/watch?v=Rivdbz2KoVE%3Fversion%3D3%26rel%3D1%26showsearch%3D0%26showinfo%3D1%26iv_load_policy%3D1%26fs%3D1%26hl%3Des-ES%26autohide%3D2%26wmode%3Dtransparent\n<\/div><\/figure>\n","protected":false},"excerpt":{"rendered":"<p>Charles Leclerc s\u00f3lo particip\u00f3 en la FP2 y termin\u00f3 en quinta posici\u00f3n, pero se quej\u00f3 de la falta de rendimiento de la SF-25 en la primera vuelta.<\/p>\n","protected":false},"author":0,"featured_media":1010345170,"comment_status":"closed","ping_status":"closed","sticky":false,"template":"","format":"standard","meta":{"42wp_featured_image_caption":"","42wp_featured_image_credits":"","42wp_featured_video":"","42wp_featured_image_hidden":false,"42wp_authors_list":[],"footnotes":""},"categories":[5],"tags":[247,5668,1710,185,179,329,243,11776],"42wp_author":[14240],"class_list":["post-6689","post","type-post","status-publish","format-standard","has-post-thumbnail","hentry","category-f1","tag-charles-leclerc","tag-dino-beganovic","tag-f1-2025","tag-ferrari","tag-formula-1","tag-gp-de-austria","tag-red-bull-ring","tag-sf-25","42wp_author-ignacio-bogado"],"_links":{"self":[{"href":"https:\/\/grandepremio.com\/es\/wp-json\/wp\/v2\/posts\/6689","targetHints":{"allow":["GET"]}}],"collection":[{"href":"https:\/\/grandepremio.com\/es\/wp-json\/wp\/v2\/posts"}],"about":[{"href":"https:\/\/grandepremio.com\/es\/wp-json\/wp\/v2\/types\/post"}],"replies":[{"embeddable":true,"href":"https:\/\/grandepremio.com\/es\/wp-json\/wp\/v2\/comments?post=6689"}],"version-history":[{"count":0,"href":"https:\/\/grandepremio.com\/es\/wp-json\/wp\/v2\/posts\/6689\/revisions"}],"wp:featuredmedia":[{"embeddable":true,"href":"https:\/\/grandepremio.com\/es\/wp-json\/wp\/v2\/media\/1010345170"}],"wp:attachment":[{"href":"https:\/\/grandepremio.com\/es\/wp-json\/wp\/v2\/media?parent=6689"}],"wp:term":[{"taxonomy":"category","embeddable":true,"href":"https:\/\/grandepremio.com\/es\/wp-json\/wp\/v2\/categories?post=6689"},{"taxonomy":"post_tag","embeddable":true,"href":"https:\/\/grandepremio.com\/es\/wp-json\/wp\/v2\/tags?post=6689"},{"taxonomy":"42wp_author","embeddable":true,"href":"https:\/\/grandepremio.com\/es\/wp-json\/wp\/v2\/42wp_author?post=6689"}],"curies":[{"name":"wp","href":"https:\/\/api.w.org\/{rel}","templated":true}]}}