{"id":6723,"date":"2025-06-26T11:52:20","date_gmt":"2025-06-26T14:52:20","guid":{"rendered":"https:\/\/grandepremio.com\/es\/2025\/06\/26\/verstappen-dice-siente-bien-austria-senala-no-favoritos\/"},"modified":"2025-06-26T11:52:24","modified_gmt":"2025-06-26T14:52:24","slug":"verstappen-dice-siente-bien-austria-senala-no-favoritos","status":"publish","type":"post","link":"https:\/\/grandepremio.com\/es\/f1\/verstappen-dice-siente-bien-austria-senala-no-favoritos\/","title":{"rendered":"Verstappen dice que &#8220;se siente bien&#8221; en el GP de Austria, pero se\u00f1ala: &#8220;No somos favoritos&#8221;"},"content":{"rendered":"\n<p class=\"wp-block-paragraph\">La <strong>F\u00f3rmula 1 <\/strong>lleg\u00f3 al circuito del<strong> Red Bull Ring<\/strong> tras dos semanas de parate y disputar\u00e1 el <strong>GP de Austria<\/strong>, que volvi\u00f3 al calendario en 2014, como parte del impulso que le ha dado <strong>Red Bull<\/strong> al escenario localizado en <strong>Spielberg<\/strong>. Al ser la carrera<em> \u201cde casa\u201d<\/em> para el equipo, <strong>Max Verstappen<\/strong> declar\u00f3 que se siente c\u00f3modo, pero no se ve como candidato a ganar la carrera.<\/p>\n\n\n\n<p class=\"wp-block-paragraph\">\ud83d\udfe5&nbsp;<strong><em>\u00a1Todas las novedades te esperan en el canal de&nbsp;<\/em><\/strong><a href=\"https:\/\/www.youtube.com\/@GrandePremioES\"><em>YouTube<\/em><\/a><strong><em>&nbsp;de Grande Pr\u00eamio en Espa\u00f1ol!<\/em><\/strong>&nbsp;\ud83d\udfe8<\/p>\n\n\n\n<p class=\"wp-block-paragraph\">Verstappen habl\u00f3 en rueda de prensa este jueves por la ma\u00f1ana ante los medios, entre los que estuvo <strong>GRANDE PREMIO<\/strong> y dijo que ten\u00eda cinco victorias, pero 4 son v\u00e1lidas por el gp austr\u00edaco y uno por el <strong>GP de Estiria,<\/strong> de 2021: <strong>\u201c\u00bfSon cuatro? \u00bfCinco [victorias]?\u201d,<\/strong> pregunt\u00f3 Verstappen. <strong>\u201cVas por la quinta\u201d<\/strong>, respondi\u00f3 el moderador de la rueda de prensa. <strong>\u201cNo, son cinco\u201d,<\/strong> insisti\u00f3 el piloto, lo que provoc\u00f3 las risas de los presentes.<br><strong><br>\u201cNo hay garant\u00edas, pero, por supuesto, siempre intentamos dar lo mejor de nosotros mismos. En el pasado, hemos tenido muchas buenas carreras aqu\u00ed. Algunas, en su momento, fueron victorias inesperadas. As\u00ed que, en cierto modo, que sea uno de esos fines de semana otra vez. Ciertamente, no somos favoritos, pero s\u00e9 que tanto yo como el equipo siempre intentaremos optimizar todo lo que podamos\u201d<\/strong>, declar\u00f3 Verstappen.<\/p>\n\n\n\n<figure class=\"wp-block-embed is-type-video is-provider-youtube wp-block-embed-youtube wp-embed-aspect-16-9 wp-has-aspect-ratio\"><div class=\"wp-block-embed__wrapper\">\n<iframe loading=\"lazy\" title=\"GP DE AUSTRIA 2025 - LA PREVIA\" width=\"500\" height=\"281\" src=\"https:\/\/www.youtube.com\/embed\/Rivdbz2KoVE?feature=oembed\" frameborder=\"0\" allow=\"accelerometer; autoplay; clipboard-write; encrypted-media; gyroscope; picture-in-picture; web-share\" referrerpolicy=\"strict-origin-when-cross-origin\" allowfullscreen><\/iframe>\n<\/div><\/figure>\n\n\n\n<p class=\"wp-block-paragraph\"><strong>\u201cParece que tambi\u00e9n va a ser un fin de semana muy caluroso, por lo que ser\u00e1 dif\u00edcil con los neum\u00e1ticos, pero estoy emocionado, estoy aqu\u00ed para dar lo mejor de m\u00ed. Y, por supuesto, espero estar en el podio\u201d<\/strong>, continu\u00f3.<\/p>\n\n\n\n<p class=\"wp-block-paragraph\">De cara a este fin de semana en Austria, el compa\u00f1ero de <strong>Yuki Tsunoda<\/strong> espera que las actualizaciones puedan darle un salto de rendimiento al <strong>RB21<\/strong>: <strong>\u201cEspero que nos aporten un poco m\u00e1s de rendimiento. El equipo ha trabajado duro para conseguir estas piezas, as\u00ed que estoy muy contento de que tengamos una actualizaci\u00f3n aqu\u00ed. Cada peque\u00f1o avance nos ayuda a ser m\u00e1s competitivos y, con suerte, a reducir un poco la diferencia. Pero, al mismo tiempo, sabemos que los dem\u00e1s tambi\u00e9n est\u00e1n trayendo novedades a lo largo del a\u00f1o. As\u00ed que tenemos que seguir trabajando duro e intentando reducir esa desventaja\u201d.<\/strong><\/p>\n\n\n\n<p class=\"wp-block-paragraph\"><strong>\u201cFrenar tarde o acelerar pronto [el secreto de la pole de 2024]. Conducci\u00f3n suave. Siempre me he sentido bien aqu\u00ed, por alguna raz\u00f3n. Siempre hay circuitos que, naturalmente, se adaptan mejor que otros. Y este probablemente se adapta m\u00e1s a m\u00ed. Es el GP en nuestra casa, pero no s\u00e9&#8230; quiz\u00e1 sea el ritmo del circuito, el sector 1, el sector 3, las curvas m\u00e1s r\u00e1pidas. Se necesita un coche que funcione bien aqu\u00ed. Y creo que, en la mayor\u00eda de los a\u00f1os, nuestro coche ha sido bastante decente\u201d<\/strong>, explic\u00f3 Verstappen sobre la pole del a\u00f1o pasado, cuando bati\u00f3 al <strong>McLaren <\/strong>de <strong>Lando Norris<\/strong>.<\/p>\n\n\n\n<figure class=\"wp-block-image size-large\"><img decoding=\"async\" src=\"https:\/\/grandepremio.com\/cdn-cgi\/image\/width=893,height=558,fit=contain,gravity=0.5x0.5,quality=75,format=webp\/es\/wp-content\/uploads\/2025\/06\/canada-2025-f1-quinta-feira-red-bull-max-verstappen-05-1-1200x800-1-1024x683.jpg\" alt=\"\" class=\"wp-image-347077\"\/><figcaption class=\"wp-element-caption\">Max Verstappen no cree que pueda ganar este fin de semana en Austria. (Foto: Red Bull Content Pool)<\/figcaption><\/figure>\n\n\n\n<p class=\"wp-block-paragraph\"><strong>\u201cEl a\u00f1o pasado, la diferencia en la clasificaci\u00f3n fue incluso una sorpresa, pero creo que lo hicimos bien en la clasificaci\u00f3n, con nuestra preparaci\u00f3n de neum\u00e1ticos y todo lo dem\u00e1s, lo que, en una vuelta, no siempre es f\u00e1cil. En la carrera, fue una verdadera batalla\u201d<\/strong>, concluy\u00f3.<\/p>\n\n\n\n<p class=\"wp-block-paragraph\">\u23e9 <em><strong>\u00a1Seguinos en redes por <\/strong><\/em><a href=\"https:\/\/twitter.com\/grandepremioES\"><em><u>Twitter <\/u><\/em><\/a><em><strong>e <\/strong><\/em><a href=\"https:\/\/www.instagram.com\/grandepremioes\/\"><em><u>Instagram!<br><\/u><\/em><\/a>\u23e9 <em><strong>Adem\u00e1s, tenemos nuestro <\/strong><\/em><a href=\"https:\/\/whatsapp.com\/channel\/0029VaDZ5zb0gcfDxuwxBM05\"><em><u>canal de Whatsapp<\/u><\/em><\/a><em><strong> con toda la informaci\u00f3n al instante<\/strong><\/em> \ud83c\udfc1<\/p>\n\n\n\n<p class=\"wp-block-paragraph\">La F\u00f3rmula 1 regresar\u00e1 entre el 27 y el 29 de junio, con el Gran Premio de Austria en el Red Bull Ring, para la und\u00e9cima cita del campeonato 2025. Cobertura de GRANDE PREMIO en Espa\u00f1ol.<\/p>\n","protected":false},"excerpt":{"rendered":"<p>Con cinco victorias en la pista del Red Bull Ring, Max Verstappen destac\u00f3 que necesita \u00abun coche que funcione bien\u00bb para estar en la lucha por la victoria en el Gran Premio de Austria, la und\u00e9cima carrera de 2025 para la F\u00f3rmula 1. <\/p>\n","protected":false},"author":0,"featured_media":1010347073,"comment_status":"closed","ping_status":"closed","sticky":false,"template":"","format":"standard","meta":{"42wp_featured_image_caption":"","42wp_featured_image_credits":"","42wp_featured_video":"","42wp_featured_image_hidden":false,"42wp_authors_list":[],"footnotes":""},"categories":[5],"tags":[179,329,360,1488,268,249,269,11072,206,243,2421,368],"42wp_author":[14237],"class_list":["post-6723","post","type-post","status-publish","format-standard","has-post-thumbnail","hentry","category-f1","tag-formula-1","tag-gp-de-austria","tag-gp-de-estiria","tag-grande-premio","tag-lando-norris","tag-max-verstappen","tag-mclaren","tag-rb21","tag-red-bull","tag-red-bull-ring","tag-spielberg","tag-yuki-tsunoda","42wp_author-gabriel-garcia"],"_links":{"self":[{"href":"https:\/\/grandepremio.com\/es\/wp-json\/wp\/v2\/posts\/6723","targetHints":{"allow":["GET"]}}],"collection":[{"href":"https:\/\/grandepremio.com\/es\/wp-json\/wp\/v2\/posts"}],"about":[{"href":"https:\/\/grandepremio.com\/es\/wp-json\/wp\/v2\/types\/post"}],"replies":[{"embeddable":true,"href":"https:\/\/grandepremio.com\/es\/wp-json\/wp\/v2\/comments?post=6723"}],"version-history":[{"count":0,"href":"https:\/\/grandepremio.com\/es\/wp-json\/wp\/v2\/posts\/6723\/revisions"}],"wp:featuredmedia":[{"embeddable":true,"href":"https:\/\/grandepremio.com\/es\/wp-json\/wp\/v2\/media\/1010347073"}],"wp:attachment":[{"href":"https:\/\/grandepremio.com\/es\/wp-json\/wp\/v2\/media?parent=6723"}],"wp:term":[{"taxonomy":"category","embeddable":true,"href":"https:\/\/grandepremio.com\/es\/wp-json\/wp\/v2\/categories?post=6723"},{"taxonomy":"post_tag","embeddable":true,"href":"https:\/\/grandepremio.com\/es\/wp-json\/wp\/v2\/tags?post=6723"},{"taxonomy":"42wp_author","embeddable":true,"href":"https:\/\/grandepremio.com\/es\/wp-json\/wp\/v2\/42wp_author?post=6723"}],"curies":[{"name":"wp","href":"https:\/\/api.w.org\/{rel}","templated":true}]}}