{"id":6726,"date":"2025-06-26T11:10:06","date_gmt":"2025-06-26T14:10:06","guid":{"rendered":"https:\/\/grandepremio.com\/es\/2025\/06\/26\/colapinto-silverstone-alpine-mantiene-evaluacion-por-carrera\/"},"modified":"2025-06-26T11:10:10","modified_gmt":"2025-06-26T14:10:10","slug":"colapinto-silverstone-alpine-mantiene-evaluacion-por-carrera","status":"publish","type":"post","link":"https:\/\/grandepremio.com\/es\/f1\/colapinto-silverstone-alpine-mantiene-evaluacion-por-carrera\/","title":{"rendered":"Colapinto se queda hasta Silverstone, pero Alpine mantiene una evaluaci\u00f3n por carrera"},"content":{"rendered":"\n<p class=\"wp-block-paragraph\">M\u00e1s all\u00e1 de que se hab\u00eda comunicado que el reemplazo de <strong>Franco Colapinto<\/strong> por <strong>Jack Doohan<\/strong> era por solo cinco carreras, con una chance de que el australiano pudiera volver a la <strong>F\u00f3rmula 1,<\/strong> se ha conocido que el equipo <strong>Alpine <\/strong>seguir\u00e1 apostando por la evoluci\u00f3n del piloto argentino <em>\u201ccarrera a carrera\u201d<\/em>, seg\u00fan <em>The Race<\/em>.<\/p>\n\n\n\n<p class=\"wp-block-paragraph\">\ud83d\udfe5&nbsp;<strong><em>\u00a1Todas las novedades te esperan en el canal de&nbsp;<\/em><\/strong><a href=\"https:\/\/www.youtube.com\/@GrandePremioES\"><em>YouTube<\/em><\/a><strong><em>&nbsp;de Grande Pr\u00eamio en Espa\u00f1ol!<\/em><\/strong>&nbsp;\ud83d\udfe8<\/p>\n\n\n\n<p class=\"wp-block-paragraph\">Doohan solo compiti\u00f3 en las primeras seis pruebas de la <strong>F1 2025<\/strong> y fue sustiuido para el <strong>GP de la Emilia-Roma\u00f1a <\/strong>en <strong>\u00cdmola <\/strong>hace un mes atr\u00e1s. <strong>Flavio Briatore<\/strong>, jefe y asesor, asegur\u00f3 que Colapinto se quedar\u00e1 en la escuder\u00eda y que las cinco competencias eran parte de lo que se hab\u00eda comunicado, sin que hubiera un n\u00famero l\u00edmite de eventos.<br><br><strong>\u201cSilverstone fue muy importante para mi futuro\u201d<\/strong> dijo Colapinto, recordando su participaci\u00f3n en la FP1 con Williams en 2024. <strong>\u201cHaber hecho un buen trabajo all\u00ed, junto a Alexander Albon, probablemente me ha colocado en la posici\u00f3n de estar aqu\u00ed hoy. Ahora, volver a esa pista, pero con Alpine, es especial. Tener ya esa referencia ayuda muco\u201d<\/strong>, a\u00f1adi\u00f3 este jueves en la previa del <strong>GP de Austria<\/strong>.<\/p>\n\n\n\n<figure class=\"wp-block-embed is-type-video is-provider-youtube wp-block-embed-youtube wp-embed-aspect-16-9 wp-has-aspect-ratio\"><div class=\"wp-block-embed__wrapper\">\n<iframe loading=\"lazy\" title=\"GP DE AUSTRIA 2025 - LA PREVIA\" width=\"500\" height=\"281\" src=\"https:\/\/www.youtube.com\/embed\/Rivdbz2KoVE?feature=oembed\" frameborder=\"0\" allow=\"accelerometer; autoplay; clipboard-write; encrypted-media; gyroscope; picture-in-picture; web-share\" referrerpolicy=\"strict-origin-when-cross-origin\" allowfullscreen><\/iframe>\n<\/div><\/figure>\n\n\n\n<p class=\"wp-block-paragraph\">Alpine cree que ahora hay que centrarse en el desarrollo del coche, y no en nuevos cambios de pilotos. Aunque esto supone un rev\u00e9s para Doohan, que sigue como piloto reserva, el equipo argumenta que Colapinto lleg\u00f3 con menos preparaci\u00f3n y familiaridad con el coche en comparaci\u00f3n con el australiano, y a\u00fan as\u00ed ha demostrado su potencial.<br><br>Franco reconoce que necesita mejorar su rendimiento en los entrenamientos de los viernes, ya que se ha quedado muy por detr\u00e1s de<strong> Pierre Gasly<\/strong>: <strong>\u201cEstamos trabajando para empezar bien el fin de semana. El coche ha respondido mejor, me siento m\u00e1s c\u00f3modo con \u00e9l, especialmente despu\u00e9s de Canad\u00e1. El objetivo ahora es llevar este progreso a Austria\u201d.<\/strong><\/p>\n\n\n\n<p class=\"wp-block-paragraph\">\u23e9 <em><strong>\u00a1Seguinos en redes por <\/strong><\/em><a href=\"https:\/\/twitter.com\/grandepremioES\"><em><u>Twitter <\/u><\/em><\/a><em><strong>e <\/strong><\/em><a href=\"https:\/\/www.instagram.com\/grandepremioes\/\"><em><u>Instagram!<br><\/u><\/em><\/a>\u23e9 <em><strong>Adem\u00e1s, tenemos nuestro <\/strong><\/em><a href=\"https:\/\/whatsapp.com\/channel\/0029VaDZ5zb0gcfDxuwxBM05\"><em><u>canal de Whatsapp<\/u><\/em><\/a><em><strong> con toda la informaci\u00f3n al instante<\/strong><\/em> \ud83c\udfc1<\/p>\n\n\n\n<p class=\"wp-block-paragraph\">La F\u00f3rmula 1 regresar\u00e1 entre el 27 y el 29 de junio, con el Gran Premio de Austria en el Red Bull Ring, para la und\u00e9cima cita del campeonato 2025. Cobertura de GRANDE PREMIO en Espa\u00f1ol.<\/p>\n","protected":false},"excerpt":{"rendered":"<p>Seg\u00fan el portal ingl\u00e9s The Race, Franco Colapinto seguir\u00e1 como titular en el equipo Alpine, que ahora se centra en el desarrollo del coche de la F\u00f3rmula 1, despejando as\u00ed los rumores de otro reemplazo en la segunda butaca. <\/p>\n","protected":false},"author":0,"featured_media":1010347012,"comment_status":"closed","ping_status":"closed","sticky":false,"template":"","format":"standard","meta":{"42wp_featured_image_caption":"","42wp_featured_image_credits":"","42wp_featured_video":"","42wp_featured_image_hidden":false,"42wp_authors_list":[],"footnotes":""},"categories":[5],"tags":[678,1710,2326,179,814,329,10244,2528,1011,427],"42wp_author":[14237],"class_list":["post-6726","post","type-post","status-publish","format-standard","has-post-thumbnail","hentry","category-f1","tag-alpine","tag-f1-2025","tag-flavio-briatore","tag-formula-1","tag-franco-colapinto","tag-gp-de-austria","tag-gp-de-la-emilia-romana-2","tag-imola-2","tag-jack-doohan","tag-pierre-gasly","42wp_author-gabriel-garcia"],"_links":{"self":[{"href":"https:\/\/grandepremio.com\/es\/wp-json\/wp\/v2\/posts\/6726","targetHints":{"allow":["GET"]}}],"collection":[{"href":"https:\/\/grandepremio.com\/es\/wp-json\/wp\/v2\/posts"}],"about":[{"href":"https:\/\/grandepremio.com\/es\/wp-json\/wp\/v2\/types\/post"}],"replies":[{"embeddable":true,"href":"https:\/\/grandepremio.com\/es\/wp-json\/wp\/v2\/comments?post=6726"}],"version-history":[{"count":0,"href":"https:\/\/grandepremio.com\/es\/wp-json\/wp\/v2\/posts\/6726\/revisions"}],"wp:featuredmedia":[{"embeddable":true,"href":"https:\/\/grandepremio.com\/es\/wp-json\/wp\/v2\/media\/1010347012"}],"wp:attachment":[{"href":"https:\/\/grandepremio.com\/es\/wp-json\/wp\/v2\/media?parent=6726"}],"wp:term":[{"taxonomy":"category","embeddable":true,"href":"https:\/\/grandepremio.com\/es\/wp-json\/wp\/v2\/categories?post=6726"},{"taxonomy":"post_tag","embeddable":true,"href":"https:\/\/grandepremio.com\/es\/wp-json\/wp\/v2\/tags?post=6726"},{"taxonomy":"42wp_author","embeddable":true,"href":"https:\/\/grandepremio.com\/es\/wp-json\/wp\/v2\/42wp_author?post=6726"}],"curies":[{"name":"wp","href":"https:\/\/api.w.org\/{rel}","templated":true}]}}