{"id":6728,"date":"2025-06-26T10:08:22","date_gmt":"2025-06-26T13:08:22","guid":{"rendered":"https:\/\/grandepremio.com\/es\/2025\/06\/26\/sainz-se-frustra-baja-candidatura-fia-padre\/"},"modified":"2025-06-26T10:09:08","modified_gmt":"2025-06-26T13:09:08","slug":"sainz-se-frustra-baja-candidatura-fia-padre","status":"publish","type":"post","link":"https:\/\/grandepremio.com\/es\/f1\/sainz-se-frustra-baja-candidatura-fia-padre\/","title":{"rendered":"Sainz se frustra por baja de candidatura en FIA de su padre: \u00abMuchos quer\u00edan verlo intentar\u00bb"},"content":{"rendered":"\n<p class=\"wp-block-paragraph\"><strong>Carlos Sainz<\/strong> admiti\u00f3 sentirse algo frustrado por la decisi\u00f3n de su padre, <a href=\"https:\/\/grandepremio.com\/es\/f1\/carlos-sainz-sr-candidatura-presidencia-fia-mohammed-ben-sulayem\/\"><strong>Carlos Sainz<\/strong> <strong>Sr<\/strong>., de no presentarse a la presidencia de la <strong>Federaci\u00f3n Internacional del Autom\u00f3vil (FIA)<\/strong><\/a> en las elecciones que se celebrar\u00e1n en diciembre de este a\u00f1o. El tetracampe\u00f3n del <strong>Rally Dakar<\/strong> y bicampe\u00f3n del <strong>WRC<\/strong> afirm\u00f3 en un comunicado oficial que \u00ablas circunstancias actuales no son las id\u00f3neas para sentar las bases de una candidatura\u00bb.<\/p>\n\n\n\n<p class=\"wp-block-paragraph\">El nombre de Sainz surgi\u00f3 en un momento en el que el actual presidente, <strong>Mohammed Ben Sulayem<\/strong>, parec\u00eda abocado a la reelecci\u00f3n sin aspirantes. El espa\u00f1ol incluso confirm\u00f3 su inter\u00e9s en luchar por el puesto contra el emirat\u00ed, pero explic\u00f3 que presentarse a la presidencia tambi\u00e9n pondr\u00eda en peligro su preparaci\u00f3n para la pr\u00f3xima edici\u00f3n del Dakar.<\/p>\n\n\n\n<p class=\"wp-block-paragraph\">\ud83d\udfe5&nbsp;<strong><em>\u00a1Todas las novedades te esperan en el canal de&nbsp;<\/em><\/strong><a href=\"https:\/\/www.youtube.com\/@GrandePremioES\"><em>YouTube<\/em><\/a><strong><em>&nbsp;de Grande Pr\u00eamio en Espa\u00f1ol!<\/em><\/strong>&nbsp;\ud83d\udfe8<\/p>\n\n\n\n<figure class=\"wp-block-embed is-type-rich is-provider-gestor-del-servicio wp-block-embed-gestor-del-servicio wp-embed-aspect-16-9 wp-has-aspect-ratio\"><div class=\"wp-block-embed__wrapper\">\nhttps:\/\/youtube.com\/watch?v=Rivdbz2KoVE%3Fversion%3D3%26rel%3D1%26showsearch%3D0%26showinfo%3D1%26iv_load_policy%3D1%26fs%3D1%26hl%3Des-ES%26autohide%3D2%26wmode%3Dtransparent\n<\/div><\/figure>\n\n\n\n<p class=\"wp-block-paragraph\">En una rueda de prensa celebrada este jueves en <strong>Austria<\/strong>, se le pregunt\u00f3 al piloto de <strong>Williams<\/strong> si la decisi\u00f3n de su padre lo hab\u00eda dejado frustrado. \u00abComo hijo, no. Como aficionado al automovilismo, s\u00ed\u00bb, confes\u00f3.<\/p>\n\n\n\n<p class=\"wp-block-paragraph\">\u00abCreo que a mucha gente del sector le gustar\u00eda verlo aprovechar la oportunidad y ver lo que podr\u00eda haber hecho por el deporte. Pero como hijo suyo, y despu\u00e9s de evaluar con \u00e9l todas las cosas en las que tuvo que involucrarse y de las que tuvo que ocuparse para tener alguna posibilidad de presentarse a la presidencia, entiendo por qu\u00e9 lo deja pasar\u00bb, recalc\u00f3.<\/p>\n\n\n\n<p class=\"wp-block-paragraph\">La prensa pregunt\u00f3 entonces a Sainz si su padre podr\u00eda plantearse una futura carrera. \u00abNunca digas nunca\u00bb, comenz\u00f3 el piloto, aunque duda de esa posibilidad.<\/p>\n\n\n\n<p class=\"wp-block-paragraph\">\u00abCreo que el momento ideal era ahora, dada la situaci\u00f3n en la que est\u00e1 todo. Era el momento adecuado para que viniera e intentara tener un impacto positivo. No s\u00e9 si ser\u00e1 as\u00ed dentro de cuatro u ocho a\u00f1os. Nunca he visto que ocurra, pero desde luego ahora no le interesa\u00bb, afirm\u00f3.<\/p>\n\n\n\n<figure class=\"wp-block-image size-full\"><img decoding=\"async\" src=\"https:\/\/grandepremio.com\/es\/wp-content\/uploads\/..\/gp_br_uploads\/2025\/06\/espanha-2025-f1-corrida-williams-carlos-sainz-03.jpg\" alt=\"\" class=\"wp-image-342018\"\/><figcaption class=\"wp-element-caption\">Carlos Sainz lament\u00f3 la baja de su padre a la candidatura de presidente de FIA. (Foto: Williams)<\/figcaption><\/figure>\n\n\n\n<p class=\"wp-block-paragraph\">\u23e9\u00a0<strong><em>\u00a1Seguinos en redes por\u00a0<\/em><\/strong><a href=\"https:\/\/twitter.com\/grandepremioES\"><em>Twitter\u00a0<\/em><\/a><strong><em>e\u00a0<\/em><\/strong><a href=\"https:\/\/www.instagram.com\/grandepremioes\/\"><em>Instagram!<\/em><\/a><br>\u23e9\u00a0<strong><em>Adem\u00e1s, tenemos nuestro\u00a0<\/em><\/strong><a href=\"https:\/\/whatsapp.com\/channel\/0029VaDZ5zb0gcfDxuwxBM05\"><em>canal de Whatsapp<\/em><\/a><strong><em>\u00a0con toda la informaci\u00f3n al instante<\/em><\/strong>\u00a0\ud83c\udfc1<\/p>\n\n\n\n<p class=\"wp-block-paragraph\">Por \u00faltimo, Carlos no ocult\u00f3 su opini\u00f3n sobre la actual gesti\u00f3n de Ben Sulayem. \u00abNo hay ning\u00fan secreto. Hemos sentido en los \u00faltimos a\u00f1os que ha habido un poco de falta de transparencia y entendimiento con el gobierno principal de la FIA, aunque las intenciones hayan sido buenas a veces\u00bb, declar\u00f3.<\/p>\n\n\n\n<p class=\"wp-block-paragraph\">\u00abSiempre se nos ha dejado un poco de lado, y a veces nuestras opiniones no se han escuchado lo suficiente. Ha habido algunas correcciones, y creemos que ha habido una buena reacci\u00f3n a ellas, pero est\u00e1 claro que cada vez no lo sentimos as\u00ed y lo hemos dejado muy claro en nuestras declaraciones, pero s\u00f3lo veo un camino y en \u00e9l estoy, porque s\u00ed, este a\u00f1o ha sido ciertamente frustrante para la mayor\u00eda. A ver si mejora\u00bb, concluy\u00f3.<\/p>\n\n\n\n<p class=\"wp-block-paragraph\">La&nbsp;<strong>F\u00f3rmula 1<\/strong>&nbsp;celebra este fin de semana, del 27 al 29 de junio, el&nbsp;<strong>Gran Premio de Austria<\/strong>&nbsp;en el&nbsp;<strong>Red Bull Ring<\/strong>, und\u00e9cima prueba de la&nbsp;<strong>temporada 2025<\/strong>.<\/p>\n","protected":false},"excerpt":{"rendered":"<p>Carlos Sainz tambi\u00e9n dijo que tiene dudas sobre si su padre, Carlos Sainz Sr., intentar\u00e1 la presidencia de la FIA dentro de unos a\u00f1os. \u00abEl momento ideal ser\u00eda ahora\u00bb, dijo.<\/p>\n","protected":false},"author":0,"featured_media":1010346998,"comment_status":"closed","ping_status":"closed","sticky":false,"template":"","format":"standard","meta":{"42wp_featured_image_caption":"","42wp_featured_image_credits":"","42wp_featured_video":"","42wp_featured_image_hidden":false,"42wp_authors_list":[],"footnotes":""},"categories":[5],"tags":[302,11042,1710,263,179,329,1930,1956,204,1226],"42wp_author":[14240],"class_list":["post-6728","post","type-post","status-publish","format-standard","has-post-thumbnail","hentry","category-f1","tag-carlos-sainz","tag-carlos-sainz-sr-2","tag-f1-2025","tag-fia","tag-formula-1","tag-gp-de-austria","tag-mohammed-ben-sulayem","tag-rally-dakar","tag-williams","tag-wrc","42wp_author-ignacio-bogado"],"_links":{"self":[{"href":"https:\/\/grandepremio.com\/es\/wp-json\/wp\/v2\/posts\/6728","targetHints":{"allow":["GET"]}}],"collection":[{"href":"https:\/\/grandepremio.com\/es\/wp-json\/wp\/v2\/posts"}],"about":[{"href":"https:\/\/grandepremio.com\/es\/wp-json\/wp\/v2\/types\/post"}],"replies":[{"embeddable":true,"href":"https:\/\/grandepremio.com\/es\/wp-json\/wp\/v2\/comments?post=6728"}],"version-history":[{"count":0,"href":"https:\/\/grandepremio.com\/es\/wp-json\/wp\/v2\/posts\/6728\/revisions"}],"wp:featuredmedia":[{"embeddable":true,"href":"https:\/\/grandepremio.com\/es\/wp-json\/wp\/v2\/media\/1010346998"}],"wp:attachment":[{"href":"https:\/\/grandepremio.com\/es\/wp-json\/wp\/v2\/media?parent=6728"}],"wp:term":[{"taxonomy":"category","embeddable":true,"href":"https:\/\/grandepremio.com\/es\/wp-json\/wp\/v2\/categories?post=6728"},{"taxonomy":"post_tag","embeddable":true,"href":"https:\/\/grandepremio.com\/es\/wp-json\/wp\/v2\/tags?post=6728"},{"taxonomy":"42wp_author","embeddable":true,"href":"https:\/\/grandepremio.com\/es\/wp-json\/wp\/v2\/42wp_author?post=6728"}],"curies":[{"name":"wp","href":"https:\/\/api.w.org\/{rel}","templated":true}]}}