{"id":6742,"date":"2025-06-25T12:19:20","date_gmt":"2025-06-25T15:19:20","guid":{"rendered":"https:\/\/grandepremio.com\/es\/2025\/06\/25\/colapinto-destaca-experiencia-austria-sumar-primeros-puntos-alpine\/"},"modified":"2025-06-25T12:19:24","modified_gmt":"2025-06-25T15:19:24","slug":"colapinto-destaca-experiencia-austria-sumar-primeros-puntos-alpine","status":"publish","type":"post","link":"https:\/\/grandepremio.com\/es\/f1\/colapinto-destaca-experiencia-austria-sumar-primeros-puntos-alpine\/","title":{"rendered":"Colapinto destaca su experiencia en Austria para sumar sus primeros puntos con Alpine"},"content":{"rendered":"\n<p class=\"wp-block-paragraph\"><strong>Franco Colapinto<\/strong> llega al <strong>Gran Premio de Austria<\/strong> para disputar su quinta carrera como piloto de <strong>Alpine<\/strong>, en un momento decisivo para el equipo de <strong>Enstone<\/strong>. El argentino ha tenido problemas con el monoplaza franc\u00e9s y no ha sumado ni un solo punto desde que fue anunciado como sustituto de <strong>Jack Doohan<\/strong>.<\/p>\n\n\n\n<p class=\"wp-block-paragraph\">Ahora, Franco llega a su carrera l\u00edmite anunciada Alpine para que muestre su rendimiento &#8211; aunque <strong>Flavio Briatore<\/strong>, figura clave en la direcci\u00f3n del equipo, <a href=\"https:\/\/grandepremio.com\/es\/f1\/flavio-briatore-rumores-franco-colapinto-alpine-continuidad-f1-2025\/\">minimiz\u00f3 posteriormente este l\u00edmite<\/a>.<\/p>\n\n\n\n<p class=\"wp-block-paragraph\">Entusiasmado ante el reto de <strong>Spielberg<\/strong>, Colapinto destac\u00f3 su conocimiento previo del trazado austr\u00edaco. \u00abEs un circuito que conozco bien por haber competido en categor\u00edas de base, y m\u00e1s recientemente consegu\u00ed un podio en la carrera principal de <strong>F\u00f3rmula 2<\/strong> el a\u00f1o pasado. Es un verdadero circuito de pilotos, lo que significa que necesit\u00e1s hacerlo todo bien y mantener un ritmo constante, ya que el tiempo por vuelta es muy corto\u00bb, declar\u00f3 al portal espa\u00f1ol <em>Soy Motor<\/em>.<\/p>\n\n\n\n<p class=\"wp-block-paragraph\">Las comparaciones con Doohan son inevitables. Colapinto muestra una ligera ventaja en t\u00e9rminos de rendimiento general, pero los n\u00fameros no revelan una gran diferencia: sus tres mejores resultados fueron dos 13\u00ba puestos y un 15\u00ba. Por parte del australiano, hubo un 13\u00ba, un 14\u00ba y un 15\u00ba, adem\u00e1s de un par de abandonos.<\/p>\n\n\n\n<p class=\"wp-block-paragraph\">\ud83d\udfe5&nbsp;<strong><em>\u00a1Todas las novedades te esperan en el canal de&nbsp;<\/em><\/strong><a href=\"https:\/\/www.youtube.com\/@GrandePremioES\"><em>YouTube<\/em><\/a><strong><em>&nbsp;de Grande Pr\u00eamio en Espa\u00f1ol!<\/em><\/strong>&nbsp;\ud83d\udfe8<\/p>\n\n\n\n<figure class=\"wp-block-image size-large\"><img decoding=\"async\" src=\"https:\/\/grandepremio.com\/es\/wp-content\/uploads\/2025\/06\/gtv6zqewoaa0gie-1-1536x1025-1-1024x683.jpeg\" alt=\"\" class=\"wp-image-344778\"\/><figcaption class=\"wp-element-caption\">Franco Colapinto conf\u00eda en su experiencia en Austria para lograr un buen resultado. (Foto: Reproducci\u00f3n)<\/figcaption><\/figure>\n\n\n\n<p class=\"wp-block-paragraph\">\u23e9\u00a0<em><strong>\u00a1Seguinos en redes por\u00a0<\/strong><\/em><a href=\"https:\/\/twitter.com\/grandepremioES\"><em><u>Twitter\u00a0<\/u><\/em><\/a><em><strong>e\u00a0<\/strong><\/em><a href=\"https:\/\/www.instagram.com\/grandepremioes\/\"><em><u>Instagram!<br><\/u><\/em><\/a>\u23e9\u00a0<em><strong>Adem\u00e1s, tenemos nuestro\u00a0<\/strong><\/em><a href=\"https:\/\/whatsapp.com\/channel\/0029VaDZ5zb0gcfDxuwxBM05\"><em><u>canal de Whatsapp<\/u><\/em><\/a><em><strong>\u00a0con toda la informaci\u00f3n al instante<\/strong><\/em>\u00a0\ud83c\udfc1<\/p>\n\n\n\n<p class=\"wp-block-paragraph\">En clasificaci\u00f3n, el argentino pas\u00f3 a la Q2 dos veces, con una mejor posici\u00f3n de 12\u00ba &#8211; habiendo salido 10\u00ba gracias a las penalizaciones. Doohan, por su parte, sorprendi\u00f3 al alcanzar la Q3 en <strong>Bahr\u00e9in<\/strong>.<\/p>\n\n\n\n<p class=\"wp-block-paragraph\">Pero el gran problema para Alpine en 2025 es el propio coche. Mientras algunos equipos han evolucionado en su desarrollo, la escuder\u00eda francesa parece estancada, lo que complica la b\u00fasqueda de buenos resultados.<\/p>\n\n\n\n<p class=\"wp-block-paragraph\">\u00abLa presi\u00f3n ser\u00e1 m\u00e1xima. Tenemos que garantizar el mejor rendimiento posible en la clasificaci\u00f3n para tener posibilidades reales de sumar puntos en la carrera. Estamos muy concentrados y sabemos que tenemos que trabajar en perfecta armon\u00eda todo el fin de semana\u00bb, concluy\u00f3 el piloto del #43.<\/p>\n\n\n\n<p class=\"wp-block-paragraph\">La&nbsp;<strong>F\u00f3rmula 1<\/strong>&nbsp;celebra este fin de semana, del 27 al 29 de junio, el&nbsp;<strong>Gran Premio de Austria<\/strong>&nbsp;en el&nbsp;<strong>Red Bull Ring<\/strong>, und\u00e9cima prueba de la&nbsp;<strong>temporada 2025<\/strong>.<\/p>\n\n\n\n<figure class=\"wp-block-embed is-type-rich is-provider-gestor-del-servicio wp-block-embed-gestor-del-servicio wp-embed-aspect-16-9 wp-has-aspect-ratio\"><div class=\"wp-block-embed__wrapper\">\nhttps:\/\/youtube.com\/watch?v=ICNk0AN3d58%3Fversion%3D3%26rel%3D1%26showsearch%3D0%26showinfo%3D1%26iv_load_policy%3D1%26fs%3D1%26hl%3Des-ES%26autohide%3D2%26wmode%3Dtransparent\n<\/div><\/figure>\n","protected":false},"excerpt":{"rendered":"<p>Franco Colapinto disputar\u00e1 su quinta carrera con Alpine en F1 2025. El argentino dijo que necesitaba hacerlo bien en la calificaci\u00f3n para sumar puntos en Spielberg.<\/p>\n","protected":false},"author":0,"featured_media":1010343907,"comment_status":"closed","ping_status":"closed","sticky":false,"template":"","format":"standard","meta":{"42wp_featured_image_caption":"","42wp_featured_image_credits":"","42wp_featured_video":"","42wp_featured_image_hidden":false,"42wp_authors_list":[],"footnotes":""},"categories":[5],"tags":[678,1710,179,814,329,243,2421],"42wp_author":[14240],"class_list":["post-6742","post","type-post","status-publish","format-standard","has-post-thumbnail","hentry","category-f1","tag-alpine","tag-f1-2025","tag-formula-1","tag-franco-colapinto","tag-gp-de-austria","tag-red-bull-ring","tag-spielberg","42wp_author-ignacio-bogado"],"_links":{"self":[{"href":"https:\/\/grandepremio.com\/es\/wp-json\/wp\/v2\/posts\/6742","targetHints":{"allow":["GET"]}}],"collection":[{"href":"https:\/\/grandepremio.com\/es\/wp-json\/wp\/v2\/posts"}],"about":[{"href":"https:\/\/grandepremio.com\/es\/wp-json\/wp\/v2\/types\/post"}],"replies":[{"embeddable":true,"href":"https:\/\/grandepremio.com\/es\/wp-json\/wp\/v2\/comments?post=6742"}],"version-history":[{"count":0,"href":"https:\/\/grandepremio.com\/es\/wp-json\/wp\/v2\/posts\/6742\/revisions"}],"wp:featuredmedia":[{"embeddable":true,"href":"https:\/\/grandepremio.com\/es\/wp-json\/wp\/v2\/media\/1010343907"}],"wp:attachment":[{"href":"https:\/\/grandepremio.com\/es\/wp-json\/wp\/v2\/media?parent=6742"}],"wp:term":[{"taxonomy":"category","embeddable":true,"href":"https:\/\/grandepremio.com\/es\/wp-json\/wp\/v2\/categories?post=6742"},{"taxonomy":"post_tag","embeddable":true,"href":"https:\/\/grandepremio.com\/es\/wp-json\/wp\/v2\/tags?post=6742"},{"taxonomy":"42wp_author","embeddable":true,"href":"https:\/\/grandepremio.com\/es\/wp-json\/wp\/v2\/42wp_author?post=6742"}],"curies":[{"name":"wp","href":"https:\/\/api.w.org\/{rel}","templated":true}]}}