{"id":6767,"date":"2025-06-24T10:55:07","date_gmt":"2025-06-24T13:55:07","guid":{"rendered":"https:\/\/grandepremio.com\/es\/2025\/06\/24\/mercedes-sin-lugar-egoistas-formula-1-2025\/"},"modified":"2025-06-24T10:55:10","modified_gmt":"2025-06-24T13:55:10","slug":"mercedes-sin-lugar-egoistas-formula-1-2025","status":"publish","type":"post","link":"https:\/\/grandepremio.com\/es\/f1\/mercedes-sin-lugar-egoistas-formula-1-2025\/","title":{"rendered":"Mercedes detalla filosof\u00eda de trabajo en grupo: &#8220;No hay lugar para ego\u00edstas en el equipo&#8221;"},"content":{"rendered":"\n<p class=\"wp-block-paragraph\">El jefe de <strong>Mercedes, Toto Wolff, <\/strong>descart\u00f3 cualquier posibilidad de que la escuder\u00eda vuelva al ambiente b\u00e9lico de la \u00e9poca con<strong> Lewis Hamilton y Nico Rosberg<\/strong> entre 2014 y 2016. Al comentar las caracter\u00edsticas de los pilotos que le gusta tener, el austr\u00edaco habl\u00f3 de la importancia de no ser ego\u00edsta y pensar siempre en el equipo como un todo, dado que la estructura cuenta con otros 2.500 empleados que tambi\u00e9n forman parte de su \u00e9xito.<\/p>\n\n\n\n<p class=\"wp-block-paragraph\">Cuando un equipo se convierte en la fuerza a batir en la <strong>F\u00f3rmula 1<\/strong>, es habitual que surjan fricciones entre los pilotos que luchan por el t\u00edtulo. <strong>McLaren<\/strong>, que actualmente domina la categor\u00eda, tuvo el primer chispazo <a href=\"https:\/\/grandepremio.com\/es\/f1\/george-russell-victoria-canada-formula-1-2025\/\">durante el <strong>Gran Premio de Canad\u00e1<\/strong>,<\/a> cuando<strong> Lando Norris <\/strong>abandon\u00f3 la carrera tras golpear la parte trasera del auto de <strong>Oscar Piastri<\/strong> cuando luchaban por el cuarto puesto.<\/p>\n\n\n\n<figure class=\"wp-block-embed is-type-video is-provider-youtube wp-block-embed-youtube wp-embed-aspect-16-9 wp-has-aspect-ratio\"><div class=\"wp-block-embed__wrapper\">\n<iframe loading=\"lazy\" title=\"KUBICA TRIUNFA EN LE MANS Y MUESTRA RESILIENCIA TRAS PASO POR LA F1\" width=\"500\" height=\"281\" src=\"https:\/\/www.youtube.com\/embed\/ICNk0AN3d58?feature=oembed\" frameborder=\"0\" allow=\"accelerometer; autoplay; clipboard-write; encrypted-media; gyroscope; picture-in-picture; web-share\" referrerpolicy=\"strict-origin-when-cross-origin\" allowfullscreen><\/iframe>\n<\/div><\/figure>\n\n\n\n<p class=\"wp-block-paragraph\">Pero en el pasado Mercedes tambi\u00e9n vivi\u00f3 momentos delicados con Hamilton y Rosberg. Luchando entre ellos por el t\u00edtulo durante tres a\u00f1os, la relaci\u00f3n se quebr\u00f3 definitivamente tras el <strong>Gran Premio de Espa\u00f1a de 2016,<\/strong> cuando ambos chocaron y abandonaron la carrera en la primera vuelta.<\/p>\n\n\n\n<p class=\"wp-block-paragraph\">Hoy, lejos de tener un auto capaz de luchar por el t\u00edtulo, con un piloto de punta y el otro acumulando experiencia, Mercedes vive un ambiente cordial, sin sitio para &#8220;ego\u00edstas&#8221;.<\/p>\n\n\n\n<p class=\"wp-block-paragraph\"><strong><em>\u00a1Todas las novedades te esperan en el canal de\u00a0<a href=\"https:\/\/www.youtube.com\/@GrandePremioES\" target=\"_blank\" rel=\"noreferrer noopener\">YouTube<\/a>\u00a0de Grande Pr\u00eamio en Espa\u00f1ol!<\/em><\/strong><\/p>\n\n\n\n<figure class=\"wp-block-image size-full\"><img decoding=\"async\" src=\"https:\/\/grandepremio.com\/es\/wp-content\/uploads\/..\/gp_br_uploads\/2025\/06\/canada-2025-f1-corrida-mercedes-kimi-antonelli-afp-02.jpg\" alt=\"\" class=\"wp-image-345242\"\/><figcaption class=\"wp-element-caption\">Toto Wolff felicit\u00f3 a Russell por la victoria y a Antonelli por su primer podio en F1. (Foto: AFP)<\/figcaption><\/figure>\n\n\n\n<p class=\"wp-block-paragraph\"><strong><em>\u00a1Seguinos en redes por\u00a0<a href=\"https:\/\/twitter.com\/grandepremioES\" target=\"_blank\" rel=\"noreferrer noopener\">Twitter\u00a0<\/a>e\u00a0<a href=\"https:\/\/www.instagram.com\/grandepremioes\/\" target=\"_blank\" rel=\"noreferrer noopener\">Instagram!<\/a><\/em><\/strong><br><strong><em>Adem\u00e1s, tenemos nuestro\u00a0<a href=\"https:\/\/whatsapp.com\/channel\/0029VaDZ5zb0gcfDxuwxBM05\" target=\"_blank\" rel=\"noreferrer noopener\">canal de Whatsapp<\/a>\u00a0con toda la informaci\u00f3n al instante<\/em><\/strong><\/p>\n\n\n\n<p class=\"wp-block-paragraph\">&#8220;Si es ego\u00edsta y pone en peligro el \u00e9xito del equipo, entonces ser\u00e9 implacable. Un piloto as\u00ed no tiene sitio en Mercedes, porque hay otras personas que forman parte de su \u00e9xito. Y la forma en que lo he gestionado desde el primer d\u00eda que estuve en la F\u00f3rmula 1 es que no hago diferencias entre los dos pilotos y el resto de la empresa&#8221;, declar\u00f3 Wolff.<\/p>\n\n\n\n<p class=\"wp-block-paragraph\">&#8220;Les digo que hay 2.500 superestrellas en el equipo. No importa si trabajan en el taller mec\u00e1nico, en la limpieza, en aerodin\u00e1mica o conduciendo el coche, no los tratar\u00e9 de forma diferente a los dem\u00e1s. Esta filosof\u00eda ha funcionado porque nuestros pilotos la han entendido y respetado. Se preocupan de que todo el mundo forme parte del \u00e9xito y se dan cuenta de que cuando chocan entre elloss, la gente no puede pagar sus facturas porque no reciben sus primas&#8221;, concluy\u00f3 el jefe de Mercedes.<\/p>\n\n\n\n<p class=\"wp-block-paragraph\"><strong>La F\u00f3rmula 1 celebra este fin de semana, del 27 al 29 de junio, el Gran Premio de Austria en el Red Bull Ring, und\u00e9cima prueba de la temporada 2025.<\/strong><\/p>\n","protected":false},"excerpt":{"rendered":"<p>Toto Wolff, jefe de Mercedes, manifest\u00f3 que rechaza cualquier actitud &#8220;ego\u00edsta&#8221; por parte de un piloto, al ser perjudicial para el resto de la estructura.<\/p>\n","protected":false},"author":0,"featured_media":1010307430,"comment_status":"closed","ping_status":"closed","sticky":false,"template":"","format":"standard","meta":{"42wp_featured_image_caption":"","42wp_featured_image_credits":"","42wp_featured_video":"","42wp_featured_image_hidden":false,"42wp_authors_list":[],"footnotes":""},"categories":[5],"tags":[181,1710,179,199,197,1174,569],"42wp_author":[14223],"class_list":["post-6767","post","type-post","status-publish","format-standard","has-post-thumbnail","hentry","category-f1","tag-f1","tag-f1-2025","tag-formula-1","tag-lewis-hamilton","tag-mercedes","tag-nico-rosberg","tag-toto-wolff","42wp_author-esteban-nieto"],"_links":{"self":[{"href":"https:\/\/grandepremio.com\/es\/wp-json\/wp\/v2\/posts\/6767","targetHints":{"allow":["GET"]}}],"collection":[{"href":"https:\/\/grandepremio.com\/es\/wp-json\/wp\/v2\/posts"}],"about":[{"href":"https:\/\/grandepremio.com\/es\/wp-json\/wp\/v2\/types\/post"}],"replies":[{"embeddable":true,"href":"https:\/\/grandepremio.com\/es\/wp-json\/wp\/v2\/comments?post=6767"}],"version-history":[{"count":0,"href":"https:\/\/grandepremio.com\/es\/wp-json\/wp\/v2\/posts\/6767\/revisions"}],"wp:featuredmedia":[{"embeddable":true,"href":"https:\/\/grandepremio.com\/es\/wp-json\/wp\/v2\/media\/1010307430"}],"wp:attachment":[{"href":"https:\/\/grandepremio.com\/es\/wp-json\/wp\/v2\/media?parent=6767"}],"wp:term":[{"taxonomy":"category","embeddable":true,"href":"https:\/\/grandepremio.com\/es\/wp-json\/wp\/v2\/categories?post=6767"},{"taxonomy":"post_tag","embeddable":true,"href":"https:\/\/grandepremio.com\/es\/wp-json\/wp\/v2\/tags?post=6767"},{"taxonomy":"42wp_author","embeddable":true,"href":"https:\/\/grandepremio.com\/es\/wp-json\/wp\/v2\/42wp_author?post=6767"}],"curies":[{"name":"wp","href":"https:\/\/api.w.org\/{rel}","templated":true}]}}