{"id":6784,"date":"2025-06-23T13:59:27","date_gmt":"2025-06-23T16:59:27","guid":{"rendered":"https:\/\/grandepremio.com\/es\/2025\/06\/23\/marc-marquez-alex-marquez-rivalidad-motogp-2025\/"},"modified":"2025-06-23T14:00:55","modified_gmt":"2025-06-23T17:00:55","slug":"marc-marquez-alex-marquez-rivalidad-motogp-2025","status":"publish","type":"post","link":"https:\/\/grandepremio.com\/es\/motogp\/marc-marquez-alex-marquez-rivalidad-motogp-2025\/","title":{"rendered":"Marc M\u00e1rquez destaca rivalidad con su hermano: &#8220;De los m\u00e1s fuertes que ya enfrent\u00e9&#8221;"},"content":{"rendered":"\n<p class=\"wp-block-paragraph\"><strong>Marc M\u00e1rquez<\/strong> calific\u00f3 a <strong>\u00c1lex M\u00e1rquez<\/strong> como \u00abuno de los rivales m\u00e1s fuertes\u00bb a los que se ha enfrentado. El #93 asegur\u00f3 que atraviesa uno de los mejores momentos de su carrera, y que su buen rendimiento tambi\u00e9n eleva el prestigio y la jerarqu\u00eda de su hermano.<\/p>\n\n\n\n<p class=\"wp-block-paragraph\">En la 13\u00aa temporada de su carrera, M\u00e1rquez ya se ha enfrentado a rivales como<strong> Valentino Rossi,<\/strong> <strong>Jorge Lorenzo, Dani Pedrosa y Andrea Dovizioso, <\/strong>pero ahora considera que es \u00c1lex quien merece el protagonismo.<\/p>\n\n\n\n<p class=\"wp-block-paragraph\">Tras las nueve primeras carreras del a\u00f1o, Marc lidera el <strong>Campeonato del Mundo de Motociclismo <\/strong>con 270 puntos, 40 m\u00e1s que \u00c1lex, que es su escolta.<strong> Francesco Bagnaia <\/strong>es tercero, ya a 110 puntos de su compa\u00f1ero en el equipo oficial Ducati.<\/p>\n\n\n\n<p class=\"wp-block-paragraph\"><strong><em>\u00a1Todas las novedades te esperan en el canal de\u00a0<a href=\"https:\/\/www.youtube.com\/@GrandePremioES\" target=\"_blank\" rel=\"noreferrer noopener\">YouTube<\/a>\u00a0de Grande Pr\u00eamio en Espa\u00f1ol!<\/em><\/strong><\/p>\n\n\n\n<figure class=\"wp-block-image size-full\"><img decoding=\"async\" src=\"https:\/\/grandepremio.com\/es\/wp-content\/uploads\/..\/gp_br_uploads\/2025\/06\/AFP__20250621__639L7RP__v1__MidRes__MotoPrixItaMotogp.jpg\" alt=\"\" class=\"wp-image-346345\"\/><figcaption class=\"wp-element-caption\">\u00c1lex y Marc M\u00e1rquez (Foto: AFP)<\/figcaption><\/figure>\n\n\n\n<p class=\"wp-block-paragraph\"><strong><em>\u00a1Seguinos en redes por\u00a0<a href=\"https:\/\/twitter.com\/grandepremioES\" target=\"_blank\" rel=\"noreferrer noopener\">Twitter\u00a0<\/a>e\u00a0<a href=\"https:\/\/www.instagram.com\/grandepremioes\/\" target=\"_blank\" rel=\"noreferrer noopener\">Instagram!<\/a><\/em><\/strong><br><strong><em>Adem\u00e1s, tenemos nuestro\u00a0<a href=\"https:\/\/whatsapp.com\/channel\/0029VaDZ5zb0gcfDxuwxBM05\" target=\"_blank\" rel=\"noreferrer noopener\">canal de Whatsapp<\/a>\u00a0con toda la informaci\u00f3n al instante<\/em><\/strong><\/p>\n\n\n\n<p class=\"wp-block-paragraph\">\u00abSiendo un piloto de f\u00e1brica, tienes la presi\u00f3n de luchar por el campeonato, especialmente si est\u00e1s con la Ducati, porque es la mejor moto de la parrilla\u00bb, expres\u00f3 M\u00e1rquez. \u00ab\u00c1lex est\u00e1 pilotando la moto Ducati anterior y el equipo de f\u00e1brica est\u00e1 intentando poner algunas novedades para mejorar esta ventaja\u00bb, continu\u00f3.<\/p>\n\n\n\n<p class=\"wp-block-paragraph\">\u00abPero a\u00fan as\u00ed, \u00c1lex est\u00e1 pilotando superr\u00e1pido y quiero decir -y necesito decirlo- que es s\u00f3lo la novena carrera del campeonato, pero estoy haciendo el mejor tiempo de mi carrera y \u00c1lex est\u00e1 justo ah\u00ed\u00bb, coment\u00f3. \u00abEso significa que es uno de los rivales m\u00e1s fuertes a los que me he enfrentado en mi carrera, porque es superconsistente, superr\u00e1pido y tiene un equilibrio muy bueno en todos los circuitos\u00bb, se\u00f1al\u00f3.<\/p>\n\n\n\n<p class=\"wp-block-paragraph\">\u00abDe momento, estoy disfrutando de un momento dulce para la familia M\u00e1rquez\u00bb, concluy\u00f3.<\/p>\n\n\n\n<p class=\"wp-block-paragraph\"><strong>MotoGP vuelve a la acci\u00f3n del 27 al 29 de junio con el GP de Holanda en Assen, 10\u00aa prueba de la temporada 2025.<\/strong><\/p>\n","protected":false},"excerpt":{"rendered":"<p>Marc M\u00e1rquez ensalz\u00f3 el nivel de su hermano \u00c1lex en el MotoGP 2025, y consider\u00f3 que es uno de los rivales m\u00e1s fuertes que tuvo a lo largo de trayectoria.<\/p>\n","protected":false},"author":0,"featured_media":1010346180,"comment_status":"closed","ping_status":"closed","sticky":false,"template":"","format":"standard","meta":{"42wp_featured_image_caption":"","42wp_featured_image_credits":"","42wp_featured_video":"","42wp_featured_image_hidden":false,"42wp_authors_list":[],"footnotes":""},"categories":[8],"tags":[1825,8584,1293,9621],"42wp_author":[14223],"class_list":["post-6784","post","type-post","status-publish","format-standard","has-post-thumbnail","hentry","category-motogp","tag-alex-marquez","tag-marc-mrquez","tag-motogp","tag-motogp-2025","42wp_author-esteban-nieto"],"_links":{"self":[{"href":"https:\/\/grandepremio.com\/es\/wp-json\/wp\/v2\/posts\/6784","targetHints":{"allow":["GET"]}}],"collection":[{"href":"https:\/\/grandepremio.com\/es\/wp-json\/wp\/v2\/posts"}],"about":[{"href":"https:\/\/grandepremio.com\/es\/wp-json\/wp\/v2\/types\/post"}],"replies":[{"embeddable":true,"href":"https:\/\/grandepremio.com\/es\/wp-json\/wp\/v2\/comments?post=6784"}],"version-history":[{"count":0,"href":"https:\/\/grandepremio.com\/es\/wp-json\/wp\/v2\/posts\/6784\/revisions"}],"wp:featuredmedia":[{"embeddable":true,"href":"https:\/\/grandepremio.com\/es\/wp-json\/wp\/v2\/media\/1010346180"}],"wp:attachment":[{"href":"https:\/\/grandepremio.com\/es\/wp-json\/wp\/v2\/media?parent=6784"}],"wp:term":[{"taxonomy":"category","embeddable":true,"href":"https:\/\/grandepremio.com\/es\/wp-json\/wp\/v2\/categories?post=6784"},{"taxonomy":"post_tag","embeddable":true,"href":"https:\/\/grandepremio.com\/es\/wp-json\/wp\/v2\/tags?post=6784"},{"taxonomy":"42wp_author","embeddable":true,"href":"https:\/\/grandepremio.com\/es\/wp-json\/wp\/v2\/42wp_author?post=6784"}],"curies":[{"name":"wp","href":"https:\/\/api.w.org\/{rel}","templated":true}]}}