{"id":6807,"date":"2025-06-21T15:30:54","date_gmt":"2025-06-21T18:30:54","guid":{"rendered":"https:\/\/grandepremio.com\/es\/2025\/06\/21\/perrone-sancionado-clasificacion-mugello-carpe-pole\/"},"modified":"2025-06-21T15:30:57","modified_gmt":"2025-06-21T18:30:57","slug":"perrone-sancionado-clasificacion-mugello-carpe-pole","status":"publish","type":"post","link":"https:\/\/grandepremio.com\/es\/motogp\/perrone-sancionado-clasificacion-mugello-carpe-pole\/","title":{"rendered":"Perrone es sancionado tras finalizar 6\u00b0 en la clasificaci\u00f3n de Mugello; Carpe logra la pole"},"content":{"rendered":"\n<p class=\"wp-block-paragraph\">El s\u00e1bado para <strong>Valent\u00edn Perrone<\/strong> en <strong>Moto3 <\/strong>hab\u00eda sido muy bueno, ya que, luego de haber quedado 13\u00b0 en la FP2, sali\u00f3 a la Q2 a clasificar y alcanz\u00f3 la sexta colocaci\u00f3n con un tiempo de 1:55.466, marcado en su primera salida a pista, ya que no pudo bajar ese tiempo en la segunda salida al circuito de <strong>Mugello<\/strong>, sede del <strong>GP de Italia<\/strong>.<\/p>\n\n\n\n<p class=\"wp-block-paragraph\">\ud83d\udfe5&nbsp;<strong><em>\u00a1Todas las novedades te esperan en el canal de&nbsp;<\/em><\/strong><a href=\"https:\/\/www.youtube.com\/@GrandePremioES\"><em>YouTube<\/em><\/a><strong><em>&nbsp;de Grande Pr\u00eamio en Espa\u00f1ol!<\/em><\/strong>&nbsp;\ud83d\udfe8<\/p>\n\n\n\n<p class=\"wp-block-paragraph\">Al cabo de la jornada, el piloto del equipo <strong>Tech3 <\/strong>fue penalizado por los comisarios deportivos de la <strong>FIM <\/strong>lo sancionaron por circular m\u00e1s lento de lo debido despu\u00e9s de haber establecido su tiempo, por lo que no largar\u00e1 en segunda fila, sino desde el fondo de la grilla, un golpe a sus posibilidades de sumar buenos puntos.<\/p>\n\n\n\n<p class=\"wp-block-paragraph\">Perrone dialog\u00f3 con <em>\u201cCoraz\u00f3n de F1\u201d <\/em>y coment\u00f3: <strong>\u201cContento con las sensaciones del d\u00eda de hoy, si bien me falta un poco de velocidad cuando giro solo, logr\u00e9 dar muchas vueltas seguir aprendiendo, mejorando poco a poco. Hice una muy buena Qualy al principio estaba segundo, luego otros pilotos mejoraron y yo no pude gestionarlo bien y colocarme bien pero igualmente sexto es un buen resultado, l\u00e1stima que me penalizaron, toca salir desde el fondo es un circuito que el rebufo cuenta mucho, una recta muy larga, me siento bien tengo buen ritmo con la moto y creo que con los rebufos costar\u00e1 un poco llegar pero vamos a dar el 100% de mi, a ver qu\u00e9 pasa si las primeras vueltas me puedo sacar algunos pilotos y con el tema del rebufo haber si puedo llegar hasta el grupo delantero\u201d.<\/strong><\/p>\n\n\n\n<figure class=\"wp-block-embed is-type-video is-provider-youtube wp-block-embed-youtube wp-embed-aspect-16-9 wp-has-aspect-ratio\"><div class=\"wp-block-embed__wrapper\">\n<iframe loading=\"lazy\" title=\"WILLIAMS Y SU CAMINO PARA VOLVER AL \u00c9XITO EN LA F\u00d3RMULA 1\" width=\"500\" height=\"281\" src=\"https:\/\/www.youtube.com\/embed\/ZY3qqTp3wLk?feature=oembed\" frameborder=\"0\" allow=\"accelerometer; autoplay; clipboard-write; encrypted-media; gyroscope; picture-in-picture; web-share\" referrerpolicy=\"strict-origin-when-cross-origin\" allowfullscreen><\/iframe>\n<\/div><\/figure>\n\n\n\n<p class=\"wp-block-paragraph\">Como es habitual, la clasificaci\u00f3n se disput\u00f3 en dos partes. La Q1 comenz\u00f3 con 31 grados cent\u00edgrados en el ambiente y 50 en el asfalto, con vientos de 12 km\/h y una humedad relativa del 45 %. <strong>M\u00e1ximo Quiles<\/strong> se cay\u00f3, pero pas\u00f3 a la Q2 gracias a su 1:56.078 marcado en su primera vuelta. <strong>David Mu\u00f1oz<\/strong>, <strong>Vicente P\u00e9rez <\/strong>y <strong>Dennis Foggia<\/strong> lo acompa\u00f1aron a la definici\u00f3n por la pole.<br><br>La parte final de la clasificaci\u00f3n comenz\u00f3 con un intenso tr\u00e1fico en Mugello, salvo Quiles, cuyos mec\u00e1nicos acondicionaron la moto para que saliera a pista con dos minuto de empezada la tanda. <strong>\u00c1lvaro Carpe<\/strong> logr\u00f3 la primera referencia con 1:55.418, seguido por Perrone y <strong>Scott Ogden<\/strong>.<\/p>\n\n\n\n<p class=\"wp-block-paragraph\">Tras un paso por boxes, Carpe mejor\u00f3 su registro a 1:54.733, con el que super\u00f3 por 0.237s a Jos\u00e9 Antonio Rueda. Ogden baj\u00f3 su tiempo para quedar tercero, a 0.299s, mientras que<strong> \u00c1ngel Piqueras<\/strong> se clasific\u00f3 cuarto, pero a seis d\u00e9cimas del espa\u00f1ol y Jacob Roulstone complet\u00f3 el top cinco. <\/p>\n\n\n\n<p class=\"wp-block-paragraph\">Perrone acab\u00f3 sexto, pero fue sancionado, as\u00ed que los diez primeros para la grilla se completan as\u00ed: Mu\u00f1oz, Quiles, <strong>Joel Kelso<\/strong>, <strong>David Almansa<\/strong> y <strong>Taiyo Furusato<\/strong>.<\/p>\n\n\n\n<p class=\"wp-block-paragraph\">\u23e9 <em><strong>\u00a1Seguinos en redes por <\/strong><\/em><a href=\"https:\/\/twitter.com\/grandepremioES\"><em><u>Twitter <\/u><\/em><\/a><em><strong>e <\/strong><\/em><a href=\"https:\/\/www.instagram.com\/grandepremioes\/\"><em><u>Instagram!<br><\/u><\/em><\/a>\u23e9 <em><strong>Adem\u00e1s, tenemos nuestro <\/strong><\/em><a href=\"https:\/\/whatsapp.com\/channel\/0029VaDZ5zb0gcfDxuwxBM05\"><em><u>canal de Whatsapp<\/u><\/em><\/a><em><strong> con toda la informaci\u00f3n al instante<\/strong><\/em> \ud83c\udfc1<\/p>\n\n\n\n<p class=\"wp-block-paragraph\">Moto3 volver\u00e1 a la pista ma\u00f1ana para la carrera del Gran Premio de Italia desde las 6:00, hora de Buenos Aires y Brasilia, con la cobertura de GRANDE PREMIO en Espa\u00f1ol. <\/p>\n","protected":false},"excerpt":{"rendered":"<p>Valent\u00edn Perrone hab\u00eda realizado su mejor clasificaci\u00f3n en Moto3 con el sexto puesto en la Q2 de hoy en el Gran Premio de Italia, pero fue sancionado por ir lento en pista, por lo que largar\u00e1 \u00faltimo en la carrera de ma\u00f1ana en Mugello. \u00c1lvaro Carpe bati\u00f3 a Jos\u00e9 Antonio Rueda para quedarse con la pole. <\/p>\n","protected":false},"author":0,"featured_media":1010346294,"comment_status":"closed","ping_status":"closed","sticky":false,"template":"","format":"standard","meta":{"42wp_featured_image_caption":"","42wp_featured_image_credits":"","42wp_featured_video":"","42wp_featured_image_hidden":false,"42wp_authors_list":[],"footnotes":""},"categories":[8],"tags":[12069,11778,12070,12074,12079,1448,673,12071,11777,1366,341,12067,12084,1528,10848,12322],"42wp_author":[14237],"class_list":["post-6807","post","type-post","status-publish","format-standard","has-post-thumbnail","hentry","category-motogp","tag-alvaro-carpe","tag-angel-piqueras","tag-david-almansa","tag-david-munoz","tag-dennis-foggia","tag-fim","tag-gp-de-italia","tag-joel-kelso","tag-maximo-quiles","tag-moto3","tag-mugello","tag-scott-ogden","tag-taiyo-furusato","tag-tech3","tag-valentin-perrone","tag-vicente-perez","42wp_author-gabriel-garcia"],"_links":{"self":[{"href":"https:\/\/grandepremio.com\/es\/wp-json\/wp\/v2\/posts\/6807","targetHints":{"allow":["GET"]}}],"collection":[{"href":"https:\/\/grandepremio.com\/es\/wp-json\/wp\/v2\/posts"}],"about":[{"href":"https:\/\/grandepremio.com\/es\/wp-json\/wp\/v2\/types\/post"}],"replies":[{"embeddable":true,"href":"https:\/\/grandepremio.com\/es\/wp-json\/wp\/v2\/comments?post=6807"}],"version-history":[{"count":0,"href":"https:\/\/grandepremio.com\/es\/wp-json\/wp\/v2\/posts\/6807\/revisions"}],"wp:featuredmedia":[{"embeddable":true,"href":"https:\/\/grandepremio.com\/es\/wp-json\/wp\/v2\/media\/1010346294"}],"wp:attachment":[{"href":"https:\/\/grandepremio.com\/es\/wp-json\/wp\/v2\/media?parent=6807"}],"wp:term":[{"taxonomy":"category","embeddable":true,"href":"https:\/\/grandepremio.com\/es\/wp-json\/wp\/v2\/categories?post=6807"},{"taxonomy":"post_tag","embeddable":true,"href":"https:\/\/grandepremio.com\/es\/wp-json\/wp\/v2\/tags?post=6807"},{"taxonomy":"42wp_author","embeddable":true,"href":"https:\/\/grandepremio.com\/es\/wp-json\/wp\/v2\/42wp_author?post=6807"}],"curies":[{"name":"wp","href":"https:\/\/api.w.org\/{rel}","templated":true}]}}