{"id":6821,"date":"2025-06-20T13:14:00","date_gmt":"2025-06-20T16:14:00","guid":{"rendered":"https:\/\/grandepremio.com\/es\/2025\/06\/20\/hulkenberg-agradece-colapinto-gp-canada-f1-2025\/"},"modified":"2025-06-20T13:14:04","modified_gmt":"2025-06-20T16:14:04","slug":"hulkenberg-agradece-colapinto-gp-canada-f1-2025","status":"publish","type":"post","link":"https:\/\/grandepremio.com\/es\/f1\/hulkenberg-agradece-colapinto-gp-canada-f1-2025\/","title":{"rendered":"H\u00fclkenberg agradece el &#8220;favor&#8221; de Colapinto en el GP de Canad\u00e1: &#8220;Dos p\u00e1jaros de un tiro&#8221;"},"content":{"rendered":"\n<p class=\"wp-block-paragraph\">Una de las grandes sorpresas en la <strong>F\u00f3rmula 1<\/strong> de 2025 es el equipo <strong>Sauber<\/strong>, ya que no se esperaba que pudiera sumar puntos en dos carreras consecutivas, pero as\u00ed ha sido: el quinto puesto de <strong>Nico H\u00fclkenberg <\/strong>en el<strong> GP de Espa\u00f1a<\/strong> los impuls\u00f3 a salir del fondo del <strong>Mundial de Constructores<\/strong> y el alem\u00e1n finaliz\u00f3 octavo en el pasado <strong>GP de Canad\u00e1<\/strong>.<\/p>\n\n\n\n<p class=\"wp-block-paragraph\">Estos valiosos puntos, le permitieron alejarse del equipo <strong>Alpine<\/strong>, que sigue luchando por mejorar internamente y en pista, en medio de la renuncia del CEO de Renault, <strong>Luca de Meo<\/strong> y muchas incertidumbres de cara a su futuro. M\u00e1s all\u00e1 de esto, H\u00fclkenberg agradeci\u00f3 a <strong>Franco Colapinto<\/strong> por la batalla en la primera vuelta de Montreal con <strong>Alexander Albon<\/strong>, que le permiti\u00f3 superar a ambos y ascender en el clasificador.<br><br><strong>\u201cFranco me hizo un favor. Tuvo un peque\u00f1o forcejeo con Albon en las curvas 8 y 9, lo que hizo que ambos se desviaran un poco\u201d<\/strong>, explic\u00f3 Nico a la cadena <em>Servus TV<\/em>. <strong>\u201cPude adelantar al salir de la curva y, b\u00e1sicamente, matar dos p\u00e1jaros de un tiro\u201d<\/strong>, dijo el alem\u00e1n.<\/p>\n\n\n\n<figure class=\"wp-block-embed is-type-video is-provider-youtube wp-block-embed-youtube wp-embed-aspect-16-9 wp-has-aspect-ratio\"><div class=\"wp-block-embed__wrapper\">\n<iframe loading=\"lazy\" title=\"WILLIAMS Y SU CAMINO PARA VOLVER AL \u00c9XITO EN LA F\u00d3RMULA 1\" width=\"500\" height=\"281\" src=\"https:\/\/www.youtube.com\/embed\/ZY3qqTp3wLk?feature=oembed\" frameborder=\"0\" allow=\"accelerometer; autoplay; clipboard-write; encrypted-media; gyroscope; picture-in-picture; web-share\" referrerpolicy=\"strict-origin-when-cross-origin\" allowfullscreen><\/iframe>\n<\/div><\/figure>\n\n\n\n<p class=\"wp-block-paragraph\"><strong>\u201cTodav\u00eda no, pero obviamente ser\u00eda genial si pudi\u00e9ramos mantener la racha actual. Pero definitivamente tenemos ese impulso de nuestro lado. Y, como dije, creo que el coche se vuelve un poco m\u00e1s vivo con el ajuste de carrera<\/strong>\u201d, evalu\u00f3 el compa\u00f1ero de <strong>Gabriel Bortoleto<\/strong>.<\/p>\n\n\n\n<p class=\"wp-block-paragraph\">Por \u00faltimo, H\u00fclkenberg desvel\u00f3 que pudieron llevar mejoras al coche y que est\u00e1n dando los resultados esperados: <strong>\u201cLa actualizaci\u00f3n est\u00e1 dando sus frutos con m\u00e1s consistencia y un mejor equilibrio. As\u00ed que ha sido muy bueno. Barcelona y Canad\u00e1 son circuitos muy diferentes, y hemos sido competitivos en ambos dentro del pelot\u00f3n intermedio. As\u00ed que no hay raz\u00f3n para pensar que no\u201d.<\/strong><\/p>\n\n\n\n<p class=\"wp-block-paragraph\">\u23e9 <em><strong>\u00a1Seguinos en redes por <\/strong><\/em><a href=\"https:\/\/twitter.com\/grandepremioES\"><em><u>Twitter <\/u><\/em><\/a><em><strong>e <\/strong><\/em><a href=\"https:\/\/www.instagram.com\/grandepremioes\/\"><em><u>Instagram!<br><\/u><\/em><\/a>\u23e9 <em><strong>Adem\u00e1s, tenemos nuestro <\/strong><\/em><a href=\"https:\/\/whatsapp.com\/channel\/0029VaDZ5zb0gcfDxuwxBM05\"><em><u>canal de Whatsapp<\/u><\/em><\/a><em><strong> con toda la informaci\u00f3n al instante<\/strong><\/em> \ud83c\udfc1<\/p>\n\n\n\n<p class=\"wp-block-paragraph\">La F\u00f3rmula 1 regresar\u00e1 la semana venidera, entre el 27 y el 29 de junio, con el Gran Premio de Austria en el Red Bull Ring, para la und\u00e9cima cita del campeonato 2025. Cobertura de GRANDE PREMIO en Espa\u00f1ol.<\/p>\n","protected":false},"excerpt":{"rendered":"<p>Franco Colapinto libr\u00f3 una re\u00f1ida batalla con Alexander Albon al comienzo del Gran Premio de Canad\u00e1, lo que permiti\u00f3 el adelantamiento de Nico H\u00fclkenberg y le dio la oportunidad de conseguir un gran resultado. <\/p>\n","protected":false},"author":0,"featured_media":1010346035,"comment_status":"closed","ping_status":"closed","sticky":false,"template":"","format":"standard","meta":{"42wp_featured_image_caption":"","42wp_featured_image_credits":"","42wp_featured_video":"","42wp_featured_image_hidden":false,"42wp_authors_list":[],"footnotes":""},"categories":[5],"tags":[293,678,179,814,4071,1298,588,683,1203,486,497],"42wp_author":[14237],"class_list":["post-6821","post","type-post","status-publish","format-standard","has-post-thumbnail","hentry","category-f1","tag-alexander-albon","tag-alpine","tag-formula-1","tag-franco-colapinto","tag-gabriel-bortoleto","tag-gp-de-canada","tag-gp-de-espana","tag-luca-de-meo","tag-mundial-de-constructores","tag-nico-hulkenberg","tag-sauber","42wp_author-gabriel-garcia"],"_links":{"self":[{"href":"https:\/\/grandepremio.com\/es\/wp-json\/wp\/v2\/posts\/6821","targetHints":{"allow":["GET"]}}],"collection":[{"href":"https:\/\/grandepremio.com\/es\/wp-json\/wp\/v2\/posts"}],"about":[{"href":"https:\/\/grandepremio.com\/es\/wp-json\/wp\/v2\/types\/post"}],"replies":[{"embeddable":true,"href":"https:\/\/grandepremio.com\/es\/wp-json\/wp\/v2\/comments?post=6821"}],"version-history":[{"count":0,"href":"https:\/\/grandepremio.com\/es\/wp-json\/wp\/v2\/posts\/6821\/revisions"}],"wp:featuredmedia":[{"embeddable":true,"href":"https:\/\/grandepremio.com\/es\/wp-json\/wp\/v2\/media\/1010346035"}],"wp:attachment":[{"href":"https:\/\/grandepremio.com\/es\/wp-json\/wp\/v2\/media?parent=6821"}],"wp:term":[{"taxonomy":"category","embeddable":true,"href":"https:\/\/grandepremio.com\/es\/wp-json\/wp\/v2\/categories?post=6821"},{"taxonomy":"post_tag","embeddable":true,"href":"https:\/\/grandepremio.com\/es\/wp-json\/wp\/v2\/tags?post=6821"},{"taxonomy":"42wp_author","embeddable":true,"href":"https:\/\/grandepremio.com\/es\/wp-json\/wp\/v2\/42wp_author?post=6821"}],"curies":[{"name":"wp","href":"https:\/\/api.w.org\/{rel}","templated":true}]}}