{"id":6825,"date":"2025-06-20T10:52:10","date_gmt":"2025-06-20T13:52:10","guid":{"rendered":"https:\/\/grandepremio.com\/es\/2025\/06\/20\/almansa-lidera-entrenamientos-moto3-mugello-perrone\/"},"modified":"2025-06-20T10:52:13","modified_gmt":"2025-06-20T13:52:13","slug":"almansa-lidera-entrenamientos-moto3-mugello-perrone","status":"publish","type":"post","link":"https:\/\/grandepremio.com\/es\/motogp\/almansa-lidera-entrenamientos-moto3-mugello-perrone\/","title":{"rendered":"Almansa lidera los entrenamientos de Moto3 en Mugello; Perrone finaliza octavo"},"content":{"rendered":"\n<p class=\"wp-block-paragraph\">La continuidad del <strong>Mundial de Motociclismo<\/strong> hace que la parada en el Aut\u00f3dromo del <strong>Mugello <\/strong>sea especial para<strong> Valent\u00edn Perrone<\/strong>, ya que fue en el circuito del <strong>GP de Italia<\/strong> donde obtuvo su primer triunfo el a\u00f1o pasado en la <strong>Red Bull Rookies Cup<\/strong>. En la FP1 de hoy por la ma\u00f1ana, el piloto argentino se ubic\u00f3 19\u00b0 con un tiempo de 1:57.372, en una tanda que no suele ser de referencia para el resto del fin de semana.<\/p>\n\n\n\n<p class=\"wp-block-paragraph\">\ud83d\udfe5&nbsp;<strong><em>\u00a1Todas las novedades te esperan en el canal de&nbsp;<\/em><\/strong><a href=\"https:\/\/www.youtube.com\/@GrandePremioES\"><em>YouTube<\/em><\/a><strong><em>&nbsp;de Grande Pr\u00eamio en Espa\u00f1ol!<\/em><\/strong>&nbsp;\ud83d\udfe8<\/p>\n\n\n\n<p class=\"wp-block-paragraph\">Ya por la tarde, Perrone mejor\u00f3 much\u00edsimo el tiempo en el entrenamiento con 1:55.953, acabando el d\u00eda en la octava colocaci\u00f3n, garantiz\u00e1ndose as\u00ed un nuevo paso a la Q2 directamente, lo que ha empezado a lograr con regularidad desde las primeras carreras del a\u00f1o en <strong>Moto3<\/strong>. De cara a la FP2 de ma\u00f1ana, intentar\u00e1 afinar aun m\u00e1s el ritmo de clasificaci\u00f3n y carrera.<\/p>\n\n\n\n<p class=\"wp-block-paragraph\">Al cabo de la jornada, esto coment\u00f3 Valent\u00edn: <strong>\u201c\u00a1Hoy he tenido muy buenas sensaciones! Me encanta este circuito, es donde gan\u00e9 mi primera carrera en la Rookies Cup la temporada pasada, as\u00ed que guardo muy buenos recuerdos de \u00e9l. Me sent\u00ed muy c\u00f3modo desde el primer momento en los entrenamientos libres 1 y luego mejoramos en los entrenamientos. Tenemos buenas sensaciones, la puesta a punto tambi\u00e9n es buena, as\u00ed que vamos a seguir trabajando para llegar a la clasificaci\u00f3n de la mejor manera posible\u201d.<\/strong><\/p>\n\n\n\n<figure class=\"wp-block-image size-full\"><img decoding=\"async\" src=\"https:\/\/grandepremio.com\/es\/wp-content\/uploads\/2025\/06\/21dca573-4302-980a-422c-cfe21b064909-scaled-1.webp\" alt=\"\" class=\"wp-image-345987\"\/><figcaption class=\"wp-element-caption\">David Almansa fue el m\u00e1s veloz del viernes en Mugello. (Foto: MotoGP)<\/figcaption><\/figure>\n\n\n\n<p class=\"wp-block-paragraph\">El calor del verano se hizo sentir en las tandas libres de hoy en Moto3, ya que las temperaturas por la tarde marcaban 31 grados cent\u00edgrados en el ambiente y 48 en el asfalto, adem\u00e1s de vientos de 6 km\/h y un 40 % de humedad relativa. Fue <strong>David Almansa<\/strong> el m\u00e1s veloz con 1:55.567 y super\u00f3 a <strong>Taiyo Furusato<\/strong> por 0,032s en su vuelta realizada en los \u00faltimos minutos de la sesi\u00f3n.<\/p>\n\n\n\n<p class=\"wp-block-paragraph\"><strong>Ryusei Yamanaka<\/strong> termin\u00f3 tercero, a 0.187s, seguido por <strong>Joel Kelso<\/strong> en cuarta posici\u00f3n y por Luca Lunetta en quinto, a dos d\u00e9cimas del piloto del <strong>Leopard Racing<\/strong>. Scott Odgen acab\u00f3 sexto, <strong>\u00c1lvaro Carpe<\/strong> fue s\u00e9ptimo, con Perrone a cuatro d\u00e9cimas del espa\u00f1ol en 8\u00b0, mientras que \u00c1ngel Piqueras y <strong>Jos\u00e9 Antonio Rueda<\/strong> completaron los diez primeros.<br><br><strong>Guido Pini<\/strong> protagoniz\u00f3 una espectacular ca\u00edda a la salida de la curva 14 tras haber perdido el control de la moto, aunque no se vio que tuviera lesiones gravbes producto del impacto contra el piso. Tras esto, los pilotos bajaron los tiempos, se metieron a boxes, y volvieron apara los minutos finales de la tanda, donde Almansa bati\u00f3 a Furusato para quedarse con lo mejor del d\u00eda.<\/p>\n\n\n\n<figure class=\"wp-block-embed is-type-video is-provider-youtube wp-block-embed-youtube wp-embed-aspect-16-9 wp-has-aspect-ratio\"><div class=\"wp-block-embed__wrapper\">\n<iframe loading=\"lazy\" title=\"WILLIAMS Y SU CAMINO PARA VOLVER AL \u00c9XITO EN LA F\u00d3RMULA 1\" width=\"500\" height=\"281\" src=\"https:\/\/www.youtube.com\/embed\/ZY3qqTp3wLk?feature=oembed\" frameborder=\"0\" allow=\"accelerometer; autoplay; clipboard-write; encrypted-media; gyroscope; picture-in-picture; web-share\" referrerpolicy=\"strict-origin-when-cross-origin\" allowfullscreen><\/iframe>\n<\/div><\/figure>\n\n\n\n<p class=\"wp-block-paragraph\">\u23e9 <em><strong>\u00a1Seguinos en redes por <\/strong><\/em><a href=\"https:\/\/twitter.com\/grandepremioES\"><em><u>Twitter <\/u><\/em><\/a><em><strong>e <\/strong><\/em><a href=\"https:\/\/www.instagram.com\/grandepremioes\/\"><em><u>Instagram!<br><\/u><\/em><\/a>\u23e9 <em><strong>Adem\u00e1s, tenemos nuestro <\/strong><\/em><a href=\"https:\/\/whatsapp.com\/channel\/0029VaDZ5zb0gcfDxuwxBM05\"><em><u>canal de Whatsapp<\/u><\/em><\/a><em><strong> con toda la informaci\u00f3n al instante<\/strong><\/em> \ud83c\udfc1<\/p>\n\n\n\n<p class=\"wp-block-paragraph\">Moto3 tendr\u00e1 ma\u00f1ana temprano la FP2 del GP de Italia y volver\u00e1 para la clasificaci\u00f3n desde las 7:50, hora de Buenos Aires y Brasilia, con la Q1 y seguido por la Q2. Cobertura de GRANDE PREMIO.<\/p>\n\n\n\n<h2 class=\"wp-block-heading\" id=\"h-moto3-2025-gp-da-italia-mugello-treino-livre-resultado-final\"><strong>Moto3 2025, GP de Italia, Entrenamiento:<\/strong><\/h2>\n\n\n\n<figure class=\"wp-block-table\"><table class=\"has-fixed-layout\"><tbody><tr><td>POS<\/td><td>Piloto<\/td><td>Equipo<\/td><td>Tiempo<\/td><td>Dif<\/td><\/tr><tr><td>1<\/td><td>D ALMANSA<\/td><td>Leopard Racing Honda<\/td><td>1:55.535<\/td><td>&nbsp;<\/td><\/tr><tr><td>2<\/td><td>T FURUSATO<\/td><td>Honda Team Asia<\/td><td>1:55.567<\/td><td>+0.032<\/td><\/tr><tr><td>3<\/td><td>R YAMANAKA<\/td><td>MT Helmets \u2013 MSi KTM<\/td><td>1:55.722<\/td><td>+0.187<\/td><\/tr><tr><td>4<\/td><td>J KELSO<\/td><td>Level Up MTA KTM<\/td><td>1:55.741<\/td><td>+0.206<\/td><\/tr><tr><td>5<\/td><td>L LUNETTA<\/td><td>Sic58 Squadra Corse Honda<\/td><td>1:55.801<\/td><td>+0.266<\/td><\/tr><tr><td>6<\/td><td>S OGDEN<\/td><td>CIP Green Power KTM<\/td><td>1:55.807<\/td><td>+0.272<\/td><\/tr><tr><td>7<\/td><td>A CARPE<\/td><td>Red Bull KTM Ajo<\/td><td>1:55.916<\/td><td>+0.381<\/td><\/tr><tr><td>8<\/td><td>V PERRONE<\/td><td>Tech3 KTM<\/td><td>1:55.953<\/td><td>+0.418<\/td><\/tr><tr><td>9<\/td><td>A PIQUERAS<\/td><td>MT Helmets \u2013 MSi KTM<\/td><td>1:55.967<\/td><td>+0.432<\/td><\/tr><tr><td>10<\/td><td>JA RUEDA<\/td><td>Red Bull KTM Ajo<\/td><td>1:55.978<\/td><td>+0.443<\/td><\/tr><tr><td>11<\/td><td>R ROSSI<\/td><td>Rivacold Snipers Honda<\/td><td>1:56.003<\/td><td>+0.468<\/td><\/tr><tr><td>12<\/td><td>N CARRARO<\/td><td>Rivacold Snipers Honda<\/td><td>1:56.039<\/td><td>+0.504<\/td><\/tr><tr><td>13<\/td><td>J ROULSTONE<\/td><td>Tech3 KTM<\/td><td>1:56.201<\/td><td>+0.666<\/td><\/tr><tr><td>14<\/td><td>A FERN\u00c1NDEZ<\/td><td>Leopard Racing Honda<\/td><td>1:56.239<\/td><td>+0.704<\/td><\/tr><tr><td>15<\/td><td>D FOGGIA<\/td><td>CFMoto Aspar KTM Team<\/td><td>1:56.305<\/td><td>+0.770<\/td><\/tr><tr><td>16<\/td><td>D MU\u00d1OZ<\/td><td>Liqui Moly Intact KTM<\/td><td>1:56.306<\/td><td>+0.771<\/td><\/tr><tr><td>17<\/td><td>R MOODLEY<\/td><td>Bo\u00e9 KTM Motorsports<\/td><td>1:56.348<\/td><td>+0.813<\/td><\/tr><tr><td>18<\/td><td>M QUILES<\/td><td>CFMoto Aspar KTM Team<\/td><td>1:56.411<\/td><td>+0.876<\/td><\/tr><tr><td>19<\/td><td>S NEPA<\/td><td>Sic58 Squadra Corse Honda<\/td><td>1:56.549<\/td><td>+1.014<\/td><\/tr><tr><td>20<\/td><td>T BUASRI<\/td><td>Honda Team Asia<\/td><td>1:56.549<\/td><td>+1.014<\/td><\/tr><tr><td>21<\/td><td>C BUCHANAN<\/td><td>Bo\u00e9 KTM Motorsports<\/td><td>1:56.717<\/td><td>+1.182<\/td><\/tr><tr><td>22<\/td><td>E O\u2019SHEA<\/td><td>Mlav Honda<\/td><td>1:56.952<\/td><td>+1.417<\/td><\/tr><tr><td>23<\/td><td>V P\u00c9REZ<\/td><td>Level Up MTA KTM<\/td><td>1:56.979<\/td><td>+1.444<\/td><\/tr><tr><td>24<\/td><td>N DETTWILER<\/td><td>CIP Green Power KTM<\/td><td>1:57.302<\/td><td>+1.767<\/td><\/tr><tr><td>25<\/td><td>G PINI<\/td><td>Liqui Moly Intact KTM<\/td><td>1:57.825<\/td><td>+2.290<\/td><\/tr><tr><td>26<\/td><td>M URIARTE<\/td><td>Mlav Honda<\/td><td>1:58.014<\/td><td>+2.479<\/td><\/tr><\/tbody><\/table><\/figure>\n","protected":false},"excerpt":{"rendered":"<p>David Almansa logr\u00f3 sobre el final del entrenamiento de la tarde de Moto3 para el Gran Premio de Italia, en Mugelli, el mejor tiempo del viernes para encabeza la tabla de tiempos, mientras que Valent\u00edn Perrone termin\u00f3 el d\u00eda con un s\u00f3lido octavo puesto, que lo clasifica directamente a la Q2 de ma\u00f1ana. <\/p>\n","protected":false},"author":0,"featured_media":1010345976,"comment_status":"closed","ping_status":"closed","sticky":false,"template":"","format":"standard","meta":{"42wp_featured_image_caption":"","42wp_featured_image_credits":"","42wp_featured_video":"","42wp_featured_image_hidden":false,"42wp_authors_list":[],"footnotes":""},"categories":[8],"tags":[12069,12070,673,12072,12071,12068,12073,1366,341,1764,1768,12169,12084,10848],"42wp_author":[14237],"class_list":["post-6825","post","type-post","status-publish","format-standard","has-post-thumbnail","hentry","category-motogp","tag-alvaro-carpe","tag-david-almansa","tag-gp-de-italia","tag-guido-pini","tag-joel-kelso","tag-jose-antonio-rueda","tag-leopard-racing","tag-moto3","tag-mugello","tag-mundial-de-motociclismo","tag-red-bull-rookies-cup","tag-ryusei-yamanaka","tag-taiyo-furusato","tag-valentin-perrone","42wp_author-gabriel-garcia"],"_links":{"self":[{"href":"https:\/\/grandepremio.com\/es\/wp-json\/wp\/v2\/posts\/6825","targetHints":{"allow":["GET"]}}],"collection":[{"href":"https:\/\/grandepremio.com\/es\/wp-json\/wp\/v2\/posts"}],"about":[{"href":"https:\/\/grandepremio.com\/es\/wp-json\/wp\/v2\/types\/post"}],"replies":[{"embeddable":true,"href":"https:\/\/grandepremio.com\/es\/wp-json\/wp\/v2\/comments?post=6825"}],"version-history":[{"count":0,"href":"https:\/\/grandepremio.com\/es\/wp-json\/wp\/v2\/posts\/6825\/revisions"}],"wp:featuredmedia":[{"embeddable":true,"href":"https:\/\/grandepremio.com\/es\/wp-json\/wp\/v2\/media\/1010345976"}],"wp:attachment":[{"href":"https:\/\/grandepremio.com\/es\/wp-json\/wp\/v2\/media?parent=6825"}],"wp:term":[{"taxonomy":"category","embeddable":true,"href":"https:\/\/grandepremio.com\/es\/wp-json\/wp\/v2\/categories?post=6825"},{"taxonomy":"post_tag","embeddable":true,"href":"https:\/\/grandepremio.com\/es\/wp-json\/wp\/v2\/tags?post=6825"},{"taxonomy":"42wp_author","embeddable":true,"href":"https:\/\/grandepremio.com\/es\/wp-json\/wp\/v2\/42wp_author?post=6825"}],"curies":[{"name":"wp","href":"https:\/\/api.w.org\/{rel}","templated":true}]}}