{"id":6840,"date":"2025-06-19T10:18:01","date_gmt":"2025-06-19T13:18:01","guid":{"rendered":"https:\/\/grandepremio.com\/es\/2025\/06\/19\/verstappen-critica-expansion-calendario-f1\/"},"modified":"2025-06-19T10:18:04","modified_gmt":"2025-06-19T13:18:04","slug":"verstappen-critica-expansion-calendario-f1","status":"publish","type":"post","link":"https:\/\/grandepremio.com\/es\/f1\/verstappen-critica-expansion-calendario-f1\/","title":{"rendered":"Verstappen critica expansi\u00f3n del calendario de F1: \u00abPor m\u00ed, ser\u00eda diferente y m\u00e1s peque\u00f1o\u00bb"},"content":{"rendered":"\n<p class=\"wp-block-paragraph\"><strong>Max Verstappen<\/strong> volvi\u00f3 a criticar el elevado n\u00famero de carreras del calendario de <strong>F\u00f3rmula 1<\/strong>. En una entrevista concedida a <em>Formula 1 Magazine<\/em>, asegur\u00f3 que si por \u00e9l fuera, la temporada tendr\u00eda menos etapas y priorizar\u00eda los circuitos que realmente representan la esencia del automovilismo, destacando la importancia de preservar el ADN deportivo de la categor\u00eda incluso ante la expansi\u00f3n global a nuevos mercados.<\/p>\n\n\n\n<p class=\"wp-block-paragraph\">La <strong>temporada 2026<\/strong> de la categor\u00eda tendr\u00e1 24 carreras, repitiendo el n\u00famero de la edici\u00f3n actual. Para el tetracampe\u00f3n, el exceso de eventos tiene un impacto negativo no solo en la fatiga f\u00edsica y mental, sino tambi\u00e9n en el valor deportivo de cada GP.<\/p>\n\n\n\n<p class=\"wp-block-paragraph\">\ud83d\udfe5&nbsp;<strong><em>\u00a1Todas las novedades te esperan en el canal de&nbsp;<\/em><\/strong><a href=\"https:\/\/www.youtube.com\/@GrandePremioES\"><em>YouTube<\/em><\/a><strong><em>&nbsp;de Grande Pr\u00eamio en Espa\u00f1ol!<\/em><\/strong>&nbsp;\ud83d\udfe8<\/p>\n\n\n\n<figure class=\"wp-block-embed is-type-video is-provider-youtube wp-block-embed-youtube wp-embed-aspect-16-9 wp-has-aspect-ratio\"><div class=\"wp-block-embed__wrapper\">\n<iframe loading=\"lazy\" title=\"WILLIAMS Y SU CAMINO PARA VOLVER AL \u00c9XITO EN LA F\u00d3RMULA 1\" width=\"500\" height=\"281\" src=\"https:\/\/www.youtube.com\/embed\/ZY3qqTp3wLk?feature=oembed\" frameborder=\"0\" allow=\"accelerometer; autoplay; clipboard-write; encrypted-media; gyroscope; picture-in-picture; web-share\" referrerpolicy=\"strict-origin-when-cross-origin\" allowfullscreen><\/iframe>\n<\/div><\/figure>\n\n\n\n<p class=\"wp-block-paragraph\">\u00abSi fuera por m\u00ed, el calendario ser\u00eda muy diferente y habr\u00eda menos carreras. Uno espera que se desarrolle una cultura del automovilismo en los nuevos pa\u00edses, pero no creo que el camino a seguir sea simplemente a\u00f1adir carreras. Tenemos que analizar lo que realmente representa la esencia de la F1\u00bb, afirm\u00f3.<\/p>\n\n\n\n<p class=\"wp-block-paragraph\">Dentro de esta l\u00f3gica, defendi\u00f3 que las pistas tradicionales deber\u00edan estar siempre en el calendario: \u00abAlgunos circuitos, en mi opini\u00f3n, merecen un &#8216;estatus especial&#8217; y deber\u00edan estar siempre en el calendario. Por su calidad deportiva, destacar\u00eda <strong>Spa-Francorchamps<\/strong>, <strong>Zandvoort<\/strong>, <strong>Silverstone<\/strong>, <strong>Imola<\/strong>, <strong>Suzuka<\/strong> e <strong>Interlagos<\/strong>\u00bb, afirm\u00f3.<\/p>\n\n\n\n<p class=\"wp-block-paragraph\">La declaraci\u00f3n se produjo en medio de noticias sobre la <a href=\"https:\/\/grandepremio.com\/es\/f1\/circuito-de-kyalami-aprobacion-plan-reforma-proyecto-regreso-gp-de-sudafrica-f1\/\">posible inclusi\u00f3n de <strong>Kyalami<\/strong>, en <strong>Sud\u00e1frica<\/strong><\/a>, en el calendario de los pr\u00f3ximos a\u00f1os. El pa\u00eds no acoge una ronda de F1 desde <strong>1993<\/strong>. <a href=\"https:\/\/grandepremio.com\/es\/f1\/aprobacion-proyecto-gp-de-tailandia-circuito-urbano-bangkok-f1\/\"><strong>Tailandia<\/strong> tambi\u00e9n ha formalizado una propuesta para entrar en el Mundial<\/a>, mientras que el n\u00famero actual de carreras -24 en 2025- sigue siendo criticado por parte del paddock.<\/p>\n\n\n\n<figure class=\"wp-block-image size-full\"><img decoding=\"async\" src=\"https:\/\/grandepremio.com\/es\/wp-content\/uploads\/..\/gp_br_uploads\/2025\/06\/canada-2025-f1-classificacao-red-bull-max-verstappen-01.jpg\" alt=\"\" class=\"wp-image-344692\"\/><figcaption class=\"wp-element-caption\">Max Verstappen defendi\u00f3 a los circuitos tradicionales de la F1. (Foto: Red Bull Content Pool)<\/figcaption><\/figure>\n\n\n\n<p class=\"wp-block-paragraph\">\u23e9\u00a0<strong><em>\u00a1Seguinos en redes por\u00a0<\/em><\/strong><a href=\"https:\/\/twitter.com\/grandepremioES\"><em>Twitter\u00a0<\/em><\/a><strong><em>e\u00a0<\/em><\/strong><a href=\"https:\/\/www.instagram.com\/grandepremioes\/\"><em>Instagram!<br><\/em><\/a>\u23e9\u00a0<strong><em>Adem\u00e1s, tenemos nuestro\u00a0<\/em><\/strong><a href=\"https:\/\/whatsapp.com\/channel\/0029VaDZ5zb0gcfDxuwxBM05\"><em>canal de Whatsapp<\/em><\/a><strong><em>\u00a0con toda la informaci\u00f3n al instante<\/em><\/strong>\u00a0\ud83c\udfc1<\/p>\n\n\n\n<p class=\"wp-block-paragraph\">Fan declarado de los circuitos de la \u00abvieja escuela\u00bb, en varias ocasiones ha elogiado el circuito belga de Spa -donde recientemente realiz\u00f3 pruebas con su equipo <strong>GT3<\/strong>-, as\u00ed como Suzuka y Silverstone. Ahora, hizo hincapi\u00e9 en su deseo de que se protejan estas pistas ante los constantes cambios en la F1.<\/p>\n\n\n\n<p class=\"wp-block-paragraph\">El neerland\u00e9s tambi\u00e9n habl\u00f3 con buen humor de su reciente aparici\u00f3n secreta en el legendario <strong>N\u00f6rdschleife<\/strong> de N\u00fcrburgring, donde corri\u00f3 en <strong>GT3<\/strong> bajo el seud\u00f3nimo de \u00ab<strong>Franz Hermann<\/strong>\u00bb. Cuando se le pregunt\u00f3 por la posibilidad de que la F1 volviera al trazado alem\u00e1n, descart\u00f3 esa posibilidad.<\/p>\n\n\n\n<p class=\"wp-block-paragraph\">\u00abCon la velocidad del GT3, es manejable. Pero con los F1 actuales, no va a ser posible. Es demasiado r\u00e1pido. Antes era peligroso, hoy es imposible\u00bb, concluy\u00f3.<\/p>\n\n\n\n<p class=\"wp-block-paragraph\">La&nbsp;<strong>F\u00f3rmula 1<\/strong>&nbsp;regresa entre el 27 y 29 de junio con el&nbsp;<strong>Gran Premio de Austria<\/strong>&nbsp;en el&nbsp;<strong>Red Bull Ring<\/strong>, fecha n\u00b011 de la&nbsp;<strong>temporada 2025<\/strong>.<\/p>\n","protected":false},"excerpt":{"rendered":"<p>Max Verstappen volvi\u00f3 a criticar la sobreexpansi\u00f3n del calendario de F\u00f3rmula 1 y pidi\u00f3 un espacio fijo para circuitos cl\u00e1sicos como Spa-Francorchamps, Suzuka e Interlagos.<\/p>\n","protected":false},"author":0,"featured_media":1010344782,"comment_status":"closed","ping_status":"closed","sticky":false,"template":"","format":"standard","meta":{"42wp_featured_image_caption":"","42wp_featured_image_credits":"","42wp_featured_video":"","42wp_featured_image_hidden":false,"42wp_authors_list":[],"footnotes":""},"categories":[5],"tags":[1710,179,1431,448,474,249,12513,206,637,3484,808],"42wp_author":[14240],"class_list":["post-6840","post","type-post","status-publish","format-standard","has-post-thumbnail","hentry","category-f1","tag-f1-2025","tag-formula-1","tag-gt3","tag-imola","tag-interlagos","tag-max-verstappen","tag-nordschleife-2","tag-red-bull","tag-spa-francorchamps","tag-suzuka","tag-zandvoort","42wp_author-ignacio-bogado"],"_links":{"self":[{"href":"https:\/\/grandepremio.com\/es\/wp-json\/wp\/v2\/posts\/6840","targetHints":{"allow":["GET"]}}],"collection":[{"href":"https:\/\/grandepremio.com\/es\/wp-json\/wp\/v2\/posts"}],"about":[{"href":"https:\/\/grandepremio.com\/es\/wp-json\/wp\/v2\/types\/post"}],"replies":[{"embeddable":true,"href":"https:\/\/grandepremio.com\/es\/wp-json\/wp\/v2\/comments?post=6840"}],"version-history":[{"count":0,"href":"https:\/\/grandepremio.com\/es\/wp-json\/wp\/v2\/posts\/6840\/revisions"}],"wp:featuredmedia":[{"embeddable":true,"href":"https:\/\/grandepremio.com\/es\/wp-json\/wp\/v2\/media\/1010344782"}],"wp:attachment":[{"href":"https:\/\/grandepremio.com\/es\/wp-json\/wp\/v2\/media?parent=6840"}],"wp:term":[{"taxonomy":"category","embeddable":true,"href":"https:\/\/grandepremio.com\/es\/wp-json\/wp\/v2\/categories?post=6840"},{"taxonomy":"post_tag","embeddable":true,"href":"https:\/\/grandepremio.com\/es\/wp-json\/wp\/v2\/tags?post=6840"},{"taxonomy":"42wp_author","embeddable":true,"href":"https:\/\/grandepremio.com\/es\/wp-json\/wp\/v2\/42wp_author?post=6840"}],"curies":[{"name":"wp","href":"https:\/\/api.w.org\/{rel}","templated":true}]}}