{"id":6888,"date":"2025-06-16T14:48:17","date_gmt":"2025-06-16T17:48:17","guid":{"rendered":"https:\/\/grandepremio.com\/es\/2025\/06\/16\/bortoleto-ve-hulkenberg-como-referencia-f1-2025\/"},"modified":"2025-06-16T14:48:21","modified_gmt":"2025-06-16T17:48:21","slug":"bortoleto-ve-hulkenberg-como-referencia-f1-2025","status":"publish","type":"post","link":"https:\/\/grandepremio.com\/es\/f1\/bortoleto-ve-hulkenberg-como-referencia-f1-2025\/","title":{"rendered":"Bortoleto ve a H\u00fclkenberg como referencia y admite: \u00abA\u00fan no entiendo la carrera como \u00e9l\u00bb"},"content":{"rendered":"\n<p class=\"wp-block-paragraph\"><strong>Gabriel Bortoleto<\/strong> reconoci\u00f3 el valor de <strong>Nico H\u00fclkenberg<\/strong> tras el <strong>Gran Premio de Canad\u00e1<\/strong> del domingo. Tras la carrera, destac\u00f3 la consistencia del veterano para extraer el m\u00e1ximo rendimiento del coche y admiti\u00f3 que a\u00fan estaba aprendiendo.<\/p>\n\n\n\n<p class=\"wp-block-paragraph\">El brasile\u00f1o termin\u00f3 la carrera en 14\u00aa posici\u00f3n y sigue buscando sus primeros puntos en la <strong>F\u00f3rmula 1<\/strong>. Por su parte, H\u00fclkenberg sum\u00f3 algunos m\u00e1s con el octavo puesto y sigue siendo el m\u00e1s destacado del equipo suizo esta temporada.<\/p>\n\n\n\n<p class=\"wp-block-paragraph\">\u00abYa lo he dicho antes, pero Nico est\u00e1 sacando del coche m\u00e1s de lo que deber\u00eda ser posible. Es un piloto excelente\u00bb, reconoci\u00f3 Gabriel.<\/p>\n\n\n\n<p class=\"wp-block-paragraph\">\u00abRealmente admiro todo lo que est\u00e1 haciendo, porque me parece impresionante. Estoy contento porque tenemos un ritmo muy similar en clasificaci\u00f3n y tambi\u00e9n en las carreras. Consigue aprovechar todas las oportunidades, y creo que eso se debe en gran parte a su experiencia\u00bb, a\u00f1adi\u00f3.<\/p>\n\n\n\n<p class=\"wp-block-paragraph\">\ud83d\udfe5&nbsp;<strong><em>\u00a1Todas las novedades te esperan en el canal de&nbsp;<\/em><\/strong><a href=\"https:\/\/www.youtube.com\/@GrandePremioES\"><em>YouTube<\/em><\/a><strong><em>&nbsp;de Grande Pr\u00eamio en Espa\u00f1ol!<\/em><\/strong>&nbsp;\ud83d\udfe8<\/p>\n\n\n\n<figure class=\"wp-block-image size-full\"><img decoding=\"async\" src=\"https:\/\/grandepremio.com\/es\/wp-content\/uploads\/..\/gp_br_uploads\/2025\/06\/output.auto-9.jpg\" alt=\"\" class=\"wp-image-345294\"\/><figcaption class=\"wp-element-caption\">Gabriel Bortoleto elogi\u00f3 a Nico H\u00fclkenberg por su lectura de las carreras. (Foto: Sauber)<\/figcaption><\/figure>\n\n\n\n<p class=\"wp-block-paragraph\">\u23e9\u00a0<strong><em>\u00a1Seguinos en redes por\u00a0<\/em><\/strong><a href=\"https:\/\/twitter.com\/grandepremioES\"><em>Twitter\u00a0<\/em><\/a><strong><em>e\u00a0<\/em><\/strong><a href=\"https:\/\/www.instagram.com\/grandepremioes\/\"><em>Instagram!<br><\/em><\/a>\u23e9\u00a0<strong><em>Adem\u00e1s, tenemos nuestro\u00a0<\/em><\/strong><a href=\"https:\/\/whatsapp.com\/channel\/0029VaDZ5zb0gcfDxuwxBM05\"><em>canal de Whatsapp<\/em><\/a><strong><em>\u00a0con toda la informaci\u00f3n al instante<\/em><\/strong>\u00a0\ud83c\udfc1<\/p>\n\n\n\n<p class=\"wp-block-paragraph\">El piloto paulista tambi\u00e9n se\u00f1al\u00f3 que todav\u00eda ve lagunas en su propia comprensi\u00f3n de las competencias, algo que atribuye a las primeras etapas de su carrera en la F1. La experiencia acumulada por H\u00fclkenberg le permite leer las distintas situaciones con mayor precisi\u00f3n.<\/p>\n\n\n\n<p class=\"wp-block-paragraph\">\u00abEmpiezas a ver la carrera de otra manera. Es algo que yo todav\u00eda no puedo hacer, pero Nico lo hace muy bien. As\u00ed que estoy aprendiendo de \u00e9l y espero seguir los mismos pasos que \u00e9l est\u00e1 dando ahora. Y empezar a sumar puntos para el equipo\u00bb, concluy\u00f3.<\/p>\n\n\n\n<p class=\"wp-block-paragraph\">Luego de nueve pruebas en <strong>2025<\/strong>, Bortoleto est\u00e1 sin unidades en el campeonato, mientras que H\u00fclkenberg es und\u00e9cimo en el <strong>Mundial de Pilotos<\/strong>. Sauber es noveno en el <strong>Campeonato de Constructores<\/strong>, con 20 puntos, todos conseguidos por el alem\u00e1n.<\/p>\n\n\n\n<p class=\"wp-block-paragraph\">La&nbsp;<strong>F\u00f3rmula 1<\/strong>&nbsp;regresa entre el 27 y 29 de junio con el&nbsp;<strong>Gran Premio de Austria<\/strong>&nbsp;en el&nbsp;<strong>Red Bull Ring<\/strong>, fecha n\u00b011 de la&nbsp;<strong>temporada 2025<\/strong>.<\/p>\n\n\n\n<figure class=\"wp-block-embed is-type-rich is-provider-gestor-del-servicio wp-block-embed-gestor-del-servicio wp-embed-aspect-16-9 wp-has-aspect-ratio\"><div class=\"wp-block-embed__wrapper\">\nhttps:\/\/youtube.com\/watch?v=9NUggwUxYME%3Ffeature%3Doembed%26version%3D3%26rel%3D1%26showsearch%3D0%26showinfo%3D1%26iv_load_policy%3D1%26fs%3D1%26hl%3Des-ES%26autohide%3D2%26wmode%3Dtransparent\n<\/div><\/figure>\n","protected":false},"excerpt":{"rendered":"<p>Gabriel Bortoleto dice que Nico H\u00fclkenberg \u00absaca m\u00e1s de lo que deber\u00eda ser posible\u00bb del Sauber y espera seguir los pasos de su compa\u00f1ero de equipo.<\/p>\n","protected":false},"author":0,"featured_media":1010318174,"comment_status":"closed","ping_status":"closed","sticky":false,"template":"","format":"standard","meta":{"42wp_featured_image_caption":"","42wp_featured_image_credits":"","42wp_featured_video":"","42wp_featured_image_hidden":false,"42wp_authors_list":[],"footnotes":""},"categories":[5],"tags":[2911,1710,179,4071,1298,1299,486,497],"42wp_author":[14240],"class_list":["post-6888","post","type-post","status-publish","format-standard","has-post-thumbnail","hentry","category-f1","tag-circuito-gilles-villeneuve","tag-f1-2025","tag-formula-1","tag-gabriel-bortoleto","tag-gp-de-canada","tag-montreal","tag-nico-hulkenberg","tag-sauber","42wp_author-ignacio-bogado"],"_links":{"self":[{"href":"https:\/\/grandepremio.com\/es\/wp-json\/wp\/v2\/posts\/6888","targetHints":{"allow":["GET"]}}],"collection":[{"href":"https:\/\/grandepremio.com\/es\/wp-json\/wp\/v2\/posts"}],"about":[{"href":"https:\/\/grandepremio.com\/es\/wp-json\/wp\/v2\/types\/post"}],"replies":[{"embeddable":true,"href":"https:\/\/grandepremio.com\/es\/wp-json\/wp\/v2\/comments?post=6888"}],"version-history":[{"count":0,"href":"https:\/\/grandepremio.com\/es\/wp-json\/wp\/v2\/posts\/6888\/revisions"}],"wp:featuredmedia":[{"embeddable":true,"href":"https:\/\/grandepremio.com\/es\/wp-json\/wp\/v2\/media\/1010318174"}],"wp:attachment":[{"href":"https:\/\/grandepremio.com\/es\/wp-json\/wp\/v2\/media?parent=6888"}],"wp:term":[{"taxonomy":"category","embeddable":true,"href":"https:\/\/grandepremio.com\/es\/wp-json\/wp\/v2\/categories?post=6888"},{"taxonomy":"post_tag","embeddable":true,"href":"https:\/\/grandepremio.com\/es\/wp-json\/wp\/v2\/tags?post=6888"},{"taxonomy":"42wp_author","embeddable":true,"href":"https:\/\/grandepremio.com\/es\/wp-json\/wp\/v2\/42wp_author?post=6888"}],"curies":[{"name":"wp","href":"https:\/\/api.w.org\/{rel}","templated":true}]}}