{"id":6895,"date":"2025-06-16T12:11:37","date_gmt":"2025-06-16T15:11:37","guid":{"rendered":"https:\/\/grandepremio.com\/es\/2025\/06\/16\/gasly-lamenta-salida-ceo-pide-alpine-unida\/"},"modified":"2025-06-16T12:12:01","modified_gmt":"2025-06-16T15:12:01","slug":"gasly-lamenta-salida-ceo-pide-alpine-unida","status":"publish","type":"post","link":"https:\/\/grandepremio.com\/es\/f1\/gasly-lamenta-salida-ceo-pide-alpine-unida\/","title":{"rendered":"Gasly lamenta salida del CEO y pide una Alpine unida: \u00abImportante confiar unos con otros\u00bb"},"content":{"rendered":"\n<p class=\"wp-block-paragraph\"><strong>Pierre Gasly<\/strong> lament\u00f3 la marcha de <strong>Luca de Meo<\/strong> como <strong>Director General<\/strong> del <strong>Grupo Renault<\/strong>. Llevado a <strong>Alpine <\/strong>por el dirigente italiano, subray\u00f3 la importancia entre bastidores y se mostr\u00f3 preocupado por el posible impacto del cambio. A\u00fan as\u00ed, hizo hincapi\u00e9 en la necesidad de que <strong>Alpine<\/strong> siga centrada en el proyecto a largo plazo con vistas a la nueva reglamentaci\u00f3n de la <strong>F\u00f3rmula 1<\/strong> en <strong>2026<\/strong>.<\/p>\n\n\n\n<p class=\"wp-block-paragraph\"><a href=\"https:\/\/grandepremio.com\/es\/f1\/luca-de-meo-renuncia-ceo-grupo-renault-alpine-f1-2025\/\">De Meo anunci\u00f3 el pasado domingo que dejar\u00e1 el cargo<\/a> que ha ocupado durante cinco a\u00f1os a partir de julio para perseguir \u00abnuevos retos fuera del sector del autom\u00f3vil\u00bb. Preguntado sobre si su marcha podr\u00eda desestabilizar al equipo en medio de un a\u00f1o ya de por s\u00ed problem\u00e1tico, Gasly prefiri\u00f3 mantener la cautela.<\/p>\n\n\n\n<p class=\"wp-block-paragraph\">\ud83d\udfe5&nbsp;<strong><em>\u00a1Todas las novedades te esperan en el canal de&nbsp;<\/em><\/strong><a href=\"https:\/\/www.youtube.com\/@GrandePremioES\"><em>YouTube<\/em><\/a><strong><em>&nbsp;de Grande Pr\u00eamio en Espa\u00f1ol!<\/em><\/strong>&nbsp;\ud83d\udfe8<\/p>\n\n\n\n<figure class=\"wp-block-embed is-type-video is-provider-youtube wp-block-embed-youtube wp-embed-aspect-16-9 wp-has-aspect-ratio\"><div class=\"wp-block-embed__wrapper\">\n<iframe loading=\"lazy\" title=\"RUSSELL GANA EN CANAD\u00c1 Y MERCEDES POR FIN SONR\u00cdE EN LA F1 2025\" width=\"500\" height=\"281\" src=\"https:\/\/www.youtube.com\/embed\/9NUggwUxYME?feature=oembed\" frameborder=\"0\" allow=\"accelerometer; autoplay; clipboard-write; encrypted-media; gyroscope; picture-in-picture; web-share\" referrerpolicy=\"strict-origin-when-cross-origin\" allowfullscreen><\/iframe>\n<\/div><\/figure>\n\n\n\n<p class=\"wp-block-paragraph\">\u00abEn primer lugar, necesito tener toda la informaci\u00f3n. Tengo una gran relaci\u00f3n con Luca. Fue \u00e9l quien me trajo al equipo y es una persona muy inspiradora. As\u00ed que mi primera reacci\u00f3n es estar muy triste por su renuncia\u00bb, declar\u00f3 el franc\u00e9s.<\/p>\n\n\n\n<p class=\"wp-block-paragraph\">\u00abEstoy seguro de que hay buenas razones para ello, y creo que al fin y al cabo, aunque no todo sea estupendo en este momento, siguen ocurriendo muchas cosas positivas en la f\u00e1brica. Para m\u00ed, es importante mantener este impulso de cara a 2026, porque el escenario podr\u00eda ser muy diferente, y tenemos que tenerlo en cuenta\u00bb, prosigui\u00f3.<\/p>\n\n\n\n<p class=\"wp-block-paragraph\">Alpine atraviesa una gran inestabilidad entre bastidores. Desde la marcha de <strong>Otmar Szafnauer<\/strong> y <strong>Alan Permane<\/strong> -ex director del equipo y director deportivo, respectivamente- a mediados de <strong>2023<\/strong>, el equipo ha sufrido una serie de cambios en la direcci\u00f3n. <strong>Bruno Famin<\/strong> asumi\u00f3 el cargo de forma interina, pero lo sucedi\u00f3 <a href=\"https:\/\/grandepremio.com\/es\/f1\/oliver-oakes-renuncia-franco-colapinto-formula-1-2025\/\"><strong>Oliver Oakes<\/strong>, que renunci\u00f3 poco despu\u00e9s del <strong>GP de Miami<\/strong><\/a>. Se espera la <a href=\"https:\/\/grandepremio.com\/es\/f1\/alpine-anuncio-steve-nielsen-jefe-de-equipo-colapinto-gasly-formula-1-2025\/\">llegada de <strong>Steve Nielsen<\/strong> en los pr\u00f3ximos d\u00edas<\/a>. En medio de este panorama, <a href=\"https:\/\/grandepremio.com\/es\/f1\/alpine-oficial-regreso-briatore-f1-consejero-ejecutivo\/\"><strong>Flavio Briatore<\/strong> regres\u00f3 a la estructura como consejero ejecutivo el a\u00f1o pasado<\/a> y asumi\u00f3 temporalmente el cargo tras la marcha de Oakes.<\/p>\n\n\n\n<figure class=\"wp-block-image size-full\"><img decoding=\"async\" src=\"https:\/\/grandepremio.com\/es\/wp-content\/uploads\/2025\/06\/De-Meo.jpg\" alt=\"\" class=\"wp-image-345077\"\/><figcaption class=\"wp-element-caption\">Luca de Meo deja su cargo como CEO del Grupo Renault (Foto: Renault)<\/figcaption><\/figure>\n\n\n\n<p class=\"wp-block-paragraph\">\u23e9\u00a0<strong><em>\u00a1Seguinos en redes por\u00a0<\/em><\/strong><a href=\"https:\/\/twitter.com\/grandepremioES\"><em>Twitter\u00a0<\/em><\/a><strong><em>e\u00a0<\/em><\/strong><a href=\"https:\/\/www.instagram.com\/grandepremioes\/\"><em>Instagram!<br><\/em><\/a>\u23e9\u00a0<strong><em>Adem\u00e1s, tenemos nuestro\u00a0<\/em><\/strong><a href=\"https:\/\/whatsapp.com\/channel\/0029VaDZ5zb0gcfDxuwxBM05\"><em>canal de Whatsapp<\/em><\/a><strong><em>\u00a0con toda la informaci\u00f3n al instante<\/em><\/strong>\u00a0\ud83c\udfc1<\/p>\n\n\n\n<p class=\"wp-block-paragraph\">Gasly admiti\u00f3 que el ambiente inestable podr\u00eda afectar a la concentraci\u00f3n del equipo. Dijo que tiene intenci\u00f3n de hablar con la direcci\u00f3n de Alpine, pero pidi\u00f3 unidad.<\/p>\n\n\n\n<p class=\"wp-block-paragraph\">\u00abNecesito sentarme con la direcci\u00f3n y entender mejor lo que esto significa para el equipo. Pero al fin y al cabo, todos tenemos nuestro trabajo y nuestro papel, y tenemos que centrarnos en lo que tenemos que hacer, y hacerlo de la mejor manera posible. Pero s\u00ed, voy a hablar con todos\u00bb, afirm\u00f3.<\/p>\n\n\n\n<p class=\"wp-block-paragraph\">\u00abEs completamente normal sentirse as\u00ed. Es humano. Creo que lo m\u00e1s importante en estos momentos es permanecer unidos como equipo, confiar los unos en los otros y seguir creyendo en el plan a largo plazo\u00bb, concluy\u00f3.<\/p>\n\n\n\n<p class=\"wp-block-paragraph\">La&nbsp;<strong>F\u00f3rmula 1<\/strong>&nbsp;regresa entre el 27 y 29 de junio con el&nbsp;<strong>Gran Premio de Austria<\/strong>&nbsp;en el&nbsp;<strong>Red Bull Ring<\/strong>, fecha n\u00b011 de la&nbsp;<strong>temporada 2025<\/strong>.<\/p>\n","protected":false},"excerpt":{"rendered":"<p>Pierre Gasly expres\u00f3 su tristeza por la marcha de Luca de Meo del tim\u00f3n del Grupo Renault, pero subray\u00f3 la importancia de que Alpine se mantenga cohesionada ante los cambios reglamentarios de la F1.<\/p>\n","protected":false},"author":0,"featured_media":1010327724,"comment_status":"closed","ping_status":"closed","sticky":false,"template":"","format":"standard","meta":{"42wp_featured_image_caption":"","42wp_featured_image_credits":"","42wp_featured_video":"","42wp_featured_image_hidden":false,"42wp_authors_list":[],"footnotes":""},"categories":[5],"tags":[678,1710,2326,179,683,10593,427,210,1860],"42wp_author":[14240],"class_list":["post-6895","post","type-post","status-publish","format-standard","has-post-thumbnail","hentry","category-f1","tag-alpine","tag-f1-2025","tag-flavio-briatore","tag-formula-1","tag-luca-de-meo","tag-oliver-oakes","tag-pierre-gasly","tag-renault","tag-steve-nielsen","42wp_author-ignacio-bogado"],"_links":{"self":[{"href":"https:\/\/grandepremio.com\/es\/wp-json\/wp\/v2\/posts\/6895","targetHints":{"allow":["GET"]}}],"collection":[{"href":"https:\/\/grandepremio.com\/es\/wp-json\/wp\/v2\/posts"}],"about":[{"href":"https:\/\/grandepremio.com\/es\/wp-json\/wp\/v2\/types\/post"}],"replies":[{"embeddable":true,"href":"https:\/\/grandepremio.com\/es\/wp-json\/wp\/v2\/comments?post=6895"}],"version-history":[{"count":0,"href":"https:\/\/grandepremio.com\/es\/wp-json\/wp\/v2\/posts\/6895\/revisions"}],"wp:featuredmedia":[{"embeddable":true,"href":"https:\/\/grandepremio.com\/es\/wp-json\/wp\/v2\/media\/1010327724"}],"wp:attachment":[{"href":"https:\/\/grandepremio.com\/es\/wp-json\/wp\/v2\/media?parent=6895"}],"wp:term":[{"taxonomy":"category","embeddable":true,"href":"https:\/\/grandepremio.com\/es\/wp-json\/wp\/v2\/categories?post=6895"},{"taxonomy":"post_tag","embeddable":true,"href":"https:\/\/grandepremio.com\/es\/wp-json\/wp\/v2\/tags?post=6895"},{"taxonomy":"42wp_author","embeddable":true,"href":"https:\/\/grandepremio.com\/es\/wp-json\/wp\/v2\/42wp_author?post=6895"}],"curies":[{"name":"wp","href":"https:\/\/api.w.org\/{rel}","templated":true}]}}