{"id":6958,"date":"2025-06-13T22:20:29","date_gmt":"2025-06-14T01:20:29","guid":{"rendered":"https:\/\/grandepremio.com\/es\/2025\/06\/13\/leclerc-lamenta-dia-fuera-coche-por-accidente-muy-estupido-fp1-canada\/"},"modified":"2025-06-13T22:20:33","modified_gmt":"2025-06-14T01:20:33","slug":"leclerc-lamenta-dia-fuera-coche-por-accidente-muy-estupido-fp1-canada","status":"publish","type":"post","link":"https:\/\/grandepremio.com\/es\/f1\/leclerc-lamenta-dia-fuera-coche-por-accidente-muy-estupido-fp1-canada\/","title":{"rendered":"Leclerc lamenta \u00abd\u00eda fuera del coche\u00bb por accidente \u00abmuy est\u00fapido\u00bb en la FP1 en Canad\u00e1"},"content":{"rendered":"\n<p class=\"wp-block-paragraph\"><strong>Charles Leclerc<\/strong> termin\u00f3 el viernes, el d\u00eda de las dos primeras sesiones de entrenamientos libres para el <strong>Gran Premio de Canad\u00e1<\/strong> de <strong>F\u00f3rmula 1<\/strong>, antes de tiempo debido a un accidente en la FP1. El monegasco asumi\u00f3 la responsabilidad por el error que le dej\u00f3 fuera de casi todo el d\u00eda en <strong>Montreal<\/strong> &#8211; s\u00f3lo rod\u00f3 nueve vueltas.<\/p>\n\n\n\n<p class=\"wp-block-paragraph\">Lo que empeor\u00f3 las cosas para Leclerc fueron los da\u00f1os estructurales en el chasis, que dejaron la pieza irreparable. Como el reglamento no permite cambios de chasis durante el mismo d\u00eda, Ferrari no tuvo m\u00e1s remedio que dejar al monegasco fuera de los libres 2.<\/p>\n\n\n\n<p class=\"wp-block-paragraph\">\u00abEn primer lugar, me siento mal por todo el equipo, porque obviamente esto nunca es algo que quieras que ocurra. Ha sido un choque muy est\u00fapido. Bloque\u00e9 las ruedas y pens\u00e9 que podr\u00eda tomar la curva de todas formas. Sab\u00eda que me iba al c\u00e9sped, pero pens\u00e9 que ser\u00eda suficiente para evitar golpear el muro. Por desgracia, cuando acab\u00e9 en la hierba, me di cuenta de que no hab\u00eda m\u00e1s espacio\u00bb, relat\u00f3 el #16.<\/p>\n\n\n\n<p class=\"wp-block-paragraph\">\ud83d\udfe5&nbsp;<strong><em>\u00a1Todas las novedades te esperan en el canal de&nbsp;<\/em><\/strong><a href=\"https:\/\/www.youtube.com\/@GrandePremioES\"><em>YouTube<\/em><\/a><strong><em>&nbsp;de Grande Pr\u00eamio en Espa\u00f1ol!<\/em><\/strong>&nbsp;\ud83d\udfe8<\/p>\n\n\n\n<figure class=\"wp-block-video\"><video class=\"video-js vjs-big-play-centered\" data-gp-vjs=\"1\" controls src=\"https:\/\/grandepremio.com\/es\/wp-content\/uploads\/2025\/06\/Tremendo-choque-de-Charles-Leclerc-en-la-curva-3-de-Canada-https___t.co_kcg1k3GW.mp4\"><\/video><figcaption class=\"wp-element-caption\">Charles Leclerc se accident\u00f3 en la FP1 de Canad\u00e1 y no pudo salir a la FP2 por los da\u00f1os en el chasis. (Video: Reproducci\u00f3n\/F1)<\/figcaption><\/figure>\n\n\n\n<p class=\"wp-block-paragraph\">\u23e9\u00a0<strong><em>\u00a1Seguinos en redes por\u00a0<\/em><\/strong><a href=\"https:\/\/twitter.com\/grandepremioES\"><em>Twitter\u00a0<\/em><\/a><strong><em>e\u00a0<\/em><\/strong><a href=\"https:\/\/www.instagram.com\/grandepremioes\/\"><em>Instagram!<br><\/em><\/a>\u23e9\u00a0<strong><em>Adem\u00e1s, tenemos nuestro\u00a0<\/em><\/strong><a href=\"https:\/\/whatsapp.com\/channel\/0029VaDZ5zb0gcfDxuwxBM05\"><em>canal de Whatsapp<\/em><\/a><strong><em>\u00a0con toda la informaci\u00f3n al instante<\/em><\/strong>\u00a0\ud83c\udfc1<\/p>\n\n\n\n<p class=\"wp-block-paragraph\">\u00abFue un error de c\u00e1lculo, pero nos cost\u00f3 caro, porque la forma en que la rueda golpe\u00f3 el chasis acab\u00f3 agriet\u00e1ndolo, y no podemos usar dos el mismo d\u00eda. Eso signific\u00f3 b\u00e1sicamente que el viernes entero no pudimos utilizar el coche. Eso duele, por supuesto, porque hoy hemos perdido varias vueltas\u00bb, a\u00f1adi\u00f3.<\/p>\n\n\n\n<p class=\"wp-block-paragraph\">Sin embargo, Leclerc encontr\u00f3 aspectos positivos en los pocos minutos que estuvo en pista y se\u00f1al\u00f3 que la <strong>SF-25<\/strong> se mostr\u00f3 competitivo en la sesi\u00f3n de clasificaci\u00f3n. El representante de Ferrari cree que estar\u00e1 \u00abal cien por cien\u00bb en la sesi\u00f3n que fija la parrilla de salida del Gran Premio de Canad\u00e1.<\/p>\n\n\n\n<p class=\"wp-block-paragraph\">\u00abLo m\u00e1s positivo es que me sent\u00ed muy confiado con el coche. \u00c9ramos muy competitivos en ese momento, era s\u00f3lo la tercera vuelta [r\u00e1pida] del d\u00eda. No afecta a mi confianza, y estoy seguro de que no se interpondr\u00e1 en el camino del fin de semana\u00bb, coment\u00f3.<\/p>\n\n\n\n<p class=\"wp-block-paragraph\">\u00abEstoy seguro de que estar\u00e9 a la altura en la sesi\u00f3n de clasificaci\u00f3n. Lo competitivos que seamos es otra historia. Ya veremos. Estoy seguro de que, personalmente, estar\u00e9 al 100%\u00bb, concluy\u00f3.<\/p>\n\n\n\n<p class=\"wp-block-paragraph\">La&nbsp;<strong>F\u00f3rmula 1<\/strong>&nbsp;celebra este fin de semana, del 13 al 15 de junio, el&nbsp;<strong>Gran Premio de Canad\u00e1<\/strong>&nbsp;en&nbsp;<strong>Montreal<\/strong>, d\u00e9cima prueba de la&nbsp;<strong>temporada 2025<\/strong>.<\/p>\n\n\n\n<figure class=\"wp-block-embed is-type-rich is-provider-gestor-del-servicio wp-block-embed-gestor-del-servicio wp-embed-aspect-16-9 wp-has-aspect-ratio\"><div class=\"wp-block-embed__wrapper\">\nhttps:\/\/youtube.com\/watch?v=UrHk-KxZ-dQ%3Fversion%3D3%26rel%3D1%26showsearch%3D0%26showinfo%3D1%26iv_load_policy%3D1%26fs%3D1%26hl%3Des-ES%26autohide%3D2%26wmode%3Dtransparent\n<\/div><\/figure>\n","protected":false},"excerpt":{"rendered":"<p>Charles Leclerc carg\u00f3 con la culpa de un accidente durante la FP1 del Gran Premio de Canad\u00e1. Sin embargo, unas pocas vueltas bastaron para ver un coche competitivo.<\/p>\n","protected":false},"author":0,"featured_media":1010344107,"comment_status":"closed","ping_status":"closed","sticky":false,"template":"","format":"standard","meta":{"42wp_featured_image_caption":"","42wp_featured_image_credits":"","42wp_featured_video":"","42wp_featured_image_hidden":false,"42wp_authors_list":[],"footnotes":""},"categories":[5],"tags":[247,2911,1710,185,179,1298,1299],"42wp_author":[14240],"class_list":["post-6958","post","type-post","status-publish","format-standard","has-post-thumbnail","hentry","category-f1","tag-charles-leclerc","tag-circuito-gilles-villeneuve","tag-f1-2025","tag-ferrari","tag-formula-1","tag-gp-de-canada","tag-montreal","42wp_author-ignacio-bogado"],"_links":{"self":[{"href":"https:\/\/grandepremio.com\/es\/wp-json\/wp\/v2\/posts\/6958","targetHints":{"allow":["GET"]}}],"collection":[{"href":"https:\/\/grandepremio.com\/es\/wp-json\/wp\/v2\/posts"}],"about":[{"href":"https:\/\/grandepremio.com\/es\/wp-json\/wp\/v2\/types\/post"}],"replies":[{"embeddable":true,"href":"https:\/\/grandepremio.com\/es\/wp-json\/wp\/v2\/comments?post=6958"}],"version-history":[{"count":0,"href":"https:\/\/grandepremio.com\/es\/wp-json\/wp\/v2\/posts\/6958\/revisions"}],"wp:featuredmedia":[{"embeddable":true,"href":"https:\/\/grandepremio.com\/es\/wp-json\/wp\/v2\/media\/1010344107"}],"wp:attachment":[{"href":"https:\/\/grandepremio.com\/es\/wp-json\/wp\/v2\/media?parent=6958"}],"wp:term":[{"taxonomy":"category","embeddable":true,"href":"https:\/\/grandepremio.com\/es\/wp-json\/wp\/v2\/categories?post=6958"},{"taxonomy":"post_tag","embeddable":true,"href":"https:\/\/grandepremio.com\/es\/wp-json\/wp\/v2\/tags?post=6958"},{"taxonomy":"42wp_author","embeddable":true,"href":"https:\/\/grandepremio.com\/es\/wp-json\/wp\/v2\/42wp_author?post=6958"}],"curies":[{"name":"wp","href":"https:\/\/api.w.org\/{rel}","templated":true}]}}