{"id":6972,"date":"2025-06-13T19:04:03","date_gmt":"2025-06-13T22:04:03","guid":{"rendered":"https:\/\/grandepremio.com\/es\/2025\/06\/13\/ford-genesis-confirman-socio-empleados-wec\/"},"modified":"2025-06-13T19:04:07","modified_gmt":"2025-06-13T22:04:07","slug":"ford-genesis-confirman-socio-empleados-wec","status":"publish","type":"post","link":"https:\/\/grandepremio.com\/es\/resistencia\/ford-genesis-confirman-socio-empleados-wec\/","title":{"rendered":"Ford y Genesis confirman socios y empleados clave para su ingreso al WEC"},"content":{"rendered":"\n<p class=\"wp-block-paragraph\">Ha sido un d\u00eda muy movido en la previa de las <strong>24 horas de Le Mans<\/strong> del <strong>WEC<\/strong>, que comenzar\u00e1n ma\u00f1ana, dado que tres fabricantes han realizado anuncios oficiales. Adem\u00e1s de <strong><a href=\"https:\/\/grandepremio.com\/es\/resistencia\/mclaren-confirma-barclay-jefe-socios-wec-2027\/\" target=\"_blank\" rel=\"noreferrer noopener\">McLaren<\/a><\/strong>, tanto <strong>Ford <\/strong>como <strong>Genesis <\/strong>dieron a conocer detalles de sus programas deportivos para la clase <strong>Hypercar <\/strong>y competir por el premio mayor en la carrera de endurance.<\/p>\n\n\n\n<p class=\"wp-block-paragraph\">\ud83d\udfe5&nbsp;<strong><em>\u00a1Todas las novedades te esperan en el canal de&nbsp;<\/em><\/strong><a href=\"https:\/\/www.youtube.com\/@GrandePremioES\"><em>YouTube<\/em><\/a><strong><em>&nbsp;de Grande Pr\u00eamio en Espa\u00f1ol!<\/em><\/strong>&nbsp;\ud83d\udfe8<\/p>\n\n\n\n<p class=\"wp-block-paragraph\">Ford ha confirmado que su pr\u00f3ximo coche de <strong>LMDh <\/strong>se basar\u00e1 en un chasis <strong>ORECA<\/strong>, al tiempo que ha nombrado a Dan Sayers como su jefe de equipo desde 2027. La empresa francesa se manifest\u00f3 en la voz de su presidente, Hugues de Chaunac: <strong>\u201cNos sentimos honrados de que Ford haya elegido a ORECA para dise\u00f1ar el futuro Hypercar del WEC para su regreso a la m\u00e1xima categor\u00eda de las carreras de resistencia. Esta asociaci\u00f3n estrat\u00e9gica es una parte fundamental de nuestro compromiso continuo con el m\u00e1s alto nivel de competici\u00f3n y con la legendaria carrera de las 24 Horas de Le Mans\u201d.<\/strong><\/p>\n\n\n\n<p class=\"wp-block-paragraph\">Sayers, que se desempa\u00f1aba como director de programas de Red Bull Ford Powertrains de <strong>F\u00f3rmula 1<\/strong>, coment\u00f3: <strong>\u201cFord Performance est\u00e1 asumiendo muchos retos diferentes en el mundo de las carreras, pero llevar a Ford de vuelta a su hogar espiritual en Le Mans era un reto que no pod\u00eda rechazar. Despu\u00e9s de haber llevado a Aston Martin a m\u00faltiples victorias en Le Mans, la oportunidad de conseguir el t\u00edtulo absoluto con Ford es algo muy especial. Me ha encantado trabajar en el programa de F1 con Red Bull Ford Powertrains, as\u00ed que esto es como unirme a otra parte de la misma familia\u201d.<\/strong><br><br>El director global de Ford Performance, <strong>Mark Rushbrook<\/strong>, a\u00f1adi\u00f3: <strong>\u201cEl socio de chasis y el director del programa son elementos fundamentales en cualquier programa importante de f\u00e1brica. ORECA y Dan Sayers nos proporcionan la plataforma adecuada para desarrollar todo este programa. Todos hemos estado trabajando en estrecha colaboraci\u00f3n desde que se tomaron estas decisiones, y cada paso ha demostrado ser acertado\u201d.<\/strong><\/p>\n\n\n\n<figure class=\"wp-block-image size-full\"><img decoding=\"async\" src=\"https:\/\/grandepremio.com\/cdn-cgi\/image\/width=893,height=558,fit=contain,gravity=0.5x0.5,quality=75,format=webp\/es\/wp-content\/uploads\/2025\/06\/2025LM_RT_121.jpg\" alt=\"\" class=\"wp-image-344309\"\/><figcaption class=\"wp-element-caption\">Genesis dio a conocer importentes nombramientos para su ingreso en el WEC en 2026. (Foto: Hyundai)<\/figcaption><\/figure>\n\n\n\n<p class=\"wp-block-paragraph\"><strong>Genesis anuncia a Tarquini como parte de su programa del WEC<\/strong><\/p>\n\n\n\n<p class=\"wp-block-paragraph\">La marca de lujo de <strong>Hyundai <\/strong>ingresar\u00e1 al <strong>Mundial de Resistencia<\/strong> el a\u00f1o que viene y han hecho nombramientos imporyantes como Anouck Abadie como director de equipo, Justin Taylor como ingeniero jefe y nada menos que <strong>Gabriele Tarquini<\/strong> como el director deportivo. Todos estar\u00e1n a las ordenes de <strong>Cyril Abiteboul<\/strong>, el jefe del proyecto.<\/p>\n\n\n\n<p class=\"wp-block-paragraph\"><strong>\u201cAnouck, Justin y Gabriele son fant\u00e1sticas incorporaciones al equipo Genesis Magma Racing. Todos cuentan con una amplia experiencia en el automovilismo, que se complementar\u00e1 con la experiencia adicional en carreras de resistencia de los dem\u00e1s miembros del equipo que reclutaremos en los pr\u00f3ximos meses\u201d<\/strong>, declar\u00f3 el franc\u00e9s, ex F1.<\/p>\n\n\n\n<p class=\"wp-block-paragraph\">Tarquini, multicampe\u00f3n de turismos, deja su puesto como director de Hyundai en el TCR World Tour, donde gui\u00f3 al equipo a cuatro t\u00edtulos en tres a\u00f1os: <strong>\u201cCuando dej\u00e9 de competir en 2021, la evoluci\u00f3n natural fue dedicarme al automovilismo, empezando por el mundo que conozco: los turismos. He tenido temporadas muy exitosas, pero unirme a Genesis Magma Racing es un nuevo reto para m\u00ed. Tengo mucho que aprender sobre el WEC, pero usar\u00e9 toda mi experiencia como piloto, entrenador y director de equipo para prepararme para la pr\u00f3xima temporada\u201d.<\/strong><\/p>\n\n\n\n<figure class=\"wp-block-embed is-type-video is-provider-youtube wp-block-embed-youtube wp-embed-aspect-16-9 wp-has-aspect-ratio\"><div class=\"wp-block-embed__wrapper\">\n<iframe loading=\"lazy\" title=\"GP DE CANAD\u00c1 2025 - LA PREVIA\" width=\"500\" height=\"281\" src=\"https:\/\/www.youtube.com\/embed\/UrHk-KxZ-dQ?feature=oembed\" frameborder=\"0\" allow=\"accelerometer; autoplay; clipboard-write; encrypted-media; gyroscope; picture-in-picture; web-share\" referrerpolicy=\"strict-origin-when-cross-origin\" allowfullscreen><\/iframe>\n<\/div><\/figure>\n\n\n\n<p class=\"wp-block-paragraph\">Por \u00faltimo, Genesis ha nombrado a Mia Sharizman, quien se convertir\u00e1 en asesora del programa de pilotos del equipo, y Warren Scheckter, quien asumir\u00e1 el cargo de director comercial, de marketing y comunicaci\u00f3n, adem\u00e1s de una expansi\u00f3n de la empresa a otros mercados europeos y a <strong>Oreca <\/strong>como socio en el chasis, al igual que Ford. <\/p>\n\n\n\n<p class=\"wp-block-paragraph\">\u23e9 <em><strong>\u00a1Seguinos en redes por <\/strong><\/em><a href=\"https:\/\/twitter.com\/grandepremioES\"><em><u>Twitter <\/u><\/em><\/a><em><strong>e <\/strong><\/em><a href=\"https:\/\/www.instagram.com\/grandepremioes\/\"><em><u>Instagram!<br><\/u><\/em><\/a>\u23e9 <em><strong>Adem\u00e1s, tenemos nuestro <\/strong><\/em><a href=\"https:\/\/whatsapp.com\/channel\/0029VaDZ5zb0gcfDxuwxBM05\"><em><u>canal de Whatsapp<\/u><\/em><\/a><em><strong> con toda la informaci\u00f3n al instante<\/strong><\/em> \ud83c\udfc1<\/p>\n\n\n\n<p class=\"wp-block-paragraph\">El WEC volver\u00e1 a pista reci\u00e9n el s\u00e1bado con el Warm Up el s\u00e1bado a las 7:00, hora de Brasilia y Buenos Aires, y las 24 horas de Le Mans se pondr\u00e1n en marcha a las 11:00. Cobertura de GRANDE PREMIO en Espa\u00f1ol.<\/p>\n","protected":false},"excerpt":{"rendered":"<p>A trav\u00e9s de una conferencia de prensa en el Circuit de La Sarthe, en la previa de las 24 horas de Le Mans, Ford y Genesis confirmaron sus colaboraciones y algunos empleados importantes para su participaci\u00f3n en la clase mayor del Mundial de Resistencia. <\/p>\n","protected":false},"author":0,"featured_media":1010344203,"comment_status":"closed","ping_status":"closed","sticky":false,"template":"","format":"standard","meta":{"42wp_featured_image_caption":"","42wp_featured_image_credits":"","42wp_featured_video":"","42wp_featured_image_hidden":false,"42wp_authors_list":[],"footnotes":""},"categories":[19],"tags":[320,684,2111,179,12493,10821,1480,1542,3097,5330,269,1830,8125,311],"42wp_author":[14237],"class_list":["post-6972","post","type-post","status-publish","format-standard","has-post-thumbnail","hentry","category-resistencia","tag-24-horas-de-le-mans","tag-cyril-abiteboul","tag-ford","tag-formula-1","tag-gabriele-tarquini","tag-genesis","tag-hypercar","tag-hyundai","tag-lmdh","tag-mark-rushbrook","tag-mclaren","tag-mundial-de-resistencia","tag-oreca","tag-wec","42wp_author-gabriel-garcia"],"_links":{"self":[{"href":"https:\/\/grandepremio.com\/es\/wp-json\/wp\/v2\/posts\/6972","targetHints":{"allow":["GET"]}}],"collection":[{"href":"https:\/\/grandepremio.com\/es\/wp-json\/wp\/v2\/posts"}],"about":[{"href":"https:\/\/grandepremio.com\/es\/wp-json\/wp\/v2\/types\/post"}],"replies":[{"embeddable":true,"href":"https:\/\/grandepremio.com\/es\/wp-json\/wp\/v2\/comments?post=6972"}],"version-history":[{"count":0,"href":"https:\/\/grandepremio.com\/es\/wp-json\/wp\/v2\/posts\/6972\/revisions"}],"wp:featuredmedia":[{"embeddable":true,"href":"https:\/\/grandepremio.com\/es\/wp-json\/wp\/v2\/media\/1010344203"}],"wp:attachment":[{"href":"https:\/\/grandepremio.com\/es\/wp-json\/wp\/v2\/media?parent=6972"}],"wp:term":[{"taxonomy":"category","embeddable":true,"href":"https:\/\/grandepremio.com\/es\/wp-json\/wp\/v2\/categories?post=6972"},{"taxonomy":"post_tag","embeddable":true,"href":"https:\/\/grandepremio.com\/es\/wp-json\/wp\/v2\/tags?post=6972"},{"taxonomy":"42wp_author","embeddable":true,"href":"https:\/\/grandepremio.com\/es\/wp-json\/wp\/v2\/42wp_author?post=6972"}],"curies":[{"name":"wp","href":"https:\/\/api.w.org\/{rel}","templated":true}]}}