{"id":6981,"date":"2025-06-13T16:09:29","date_gmt":"2025-06-13T19:09:29","guid":{"rendered":"https:\/\/grandepremio.com\/es\/2025\/06\/13\/mercedes-cambia-completo-motores-russell-antonelli-gp-canada\/"},"modified":"2025-06-13T16:09:32","modified_gmt":"2025-06-13T19:09:32","slug":"mercedes-cambia-completo-motores-russell-antonelli-gp-canada","status":"publish","type":"post","link":"https:\/\/grandepremio.com\/es\/f1\/mercedes-cambia-completo-motores-russell-antonelli-gp-canada\/","title":{"rendered":"Mercedes cambia por completo los motores de Russell y Antonelli para el GP de Canad\u00e1"},"content":{"rendered":"\n<p class=\"wp-block-paragraph\">En un momento bajo de la temporada, <strong>Mercedes<\/strong> ha cambiado los motores de <strong>George Russell<\/strong> y <strong>Andrea Kimi Antonelli<\/strong> para el <strong>Gran Premio de Canad\u00e1<\/strong>, que se disputa este fin de semana en el <strong>Circuito Gilles Villeneuve<\/strong>. La <strong>FIA<\/strong> ha publicado un informe t\u00e9cnico sobre las nuevas piezas para el cambio completo de la unidad de potencia de los dos pilotos.<\/p>\n\n\n\n<p class=\"wp-block-paragraph\">Russell y Antonelli correr\u00e1n con el tercer motor de la <strong>temporada 2025<\/strong>. <strong>Fernando Alonso<\/strong>, de <strong>Aston Martin<\/strong>, tambi\u00e9n sufri\u00f3 un cambio completo de unidad de potencia. <strong>Liam Lawson<\/strong>, de <strong>Racing Bulls<\/strong>, recibi\u00f3 varias piezas nuevas, pero no es un cambio al 100% debido a la MGU-K, que sigue siendo la misma.<\/p>\n\n\n\n<p class=\"wp-block-paragraph\">\ud83d\udfe5&nbsp;<strong><em>\u00a1Todas las novedades te esperan en el canal de&nbsp;<\/em><\/strong><a href=\"https:\/\/www.youtube.com\/@GrandePremioES\"><em>YouTube<\/em><\/a><strong><em>&nbsp;de Grande Pr\u00eamio en Espa\u00f1ol!<\/em><\/strong>&nbsp;\ud83d\udfe8<\/p>\n\n\n\n<figure class=\"wp-block-image size-full\"><img decoding=\"async\" src=\"https:\/\/grandepremio.com\/es\/wp-content\/uploads\/..\/gp_br_uploads\/2025\/06\/canada-2025-f1-quinta-feira-mercedes-kimi-antonelli-01-1.jpg\" alt=\"\" class=\"wp-image-344114\"\/><figcaption class=\"wp-element-caption\">Mercedes reemplaza las unidades de potencia en ambos coches en Canad\u00e1. (Foto: Mercedes)<\/figcaption><\/figure>\n\n\n\n<p class=\"wp-block-paragraph\">\u23e9\u00a0<strong><em>\u00a1Seguinos en redes por\u00a0<\/em><\/strong><a href=\"https:\/\/twitter.com\/grandepremioES\"><em>Twitter\u00a0<\/em><\/a><strong><em>e\u00a0<\/em><\/strong><a href=\"https:\/\/www.instagram.com\/grandepremioes\/\"><em>Instagram!<br><\/em><\/a>\u23e9\u00a0<strong><em>Adem\u00e1s, tenemos nuestro\u00a0<\/em><\/strong><a href=\"https:\/\/whatsapp.com\/channel\/0029VaDZ5zb0gcfDxuwxBM05\"><em>canal de Whatsapp<\/em><\/a><strong><em>\u00a0con toda la informaci\u00f3n al instante<\/em><\/strong>\u00a0\ud83c\udfc1<\/p>\n\n\n\n<p class=\"wp-block-paragraph\">En la primera sesi\u00f3n de entrenamientos libres del fin de semana, Russell ya destac\u00f3 con el cuarto puesto, <a href=\"https:\/\/grandepremio.com\/es\/f1\/max-verstappen-primer-entrenamiento-canada-formula-1-2025\/\">por detr\u00e1s de <strong>Max Verstappen<\/strong><\/a>, de <strong>Red Bull<\/strong>, y <strong>Alexander Albon<\/strong> y <strong>Carlos Sainz<\/strong>, ambos de <strong>Williams<\/strong>. Antonelli se situ\u00f3 m\u00e1s atr\u00e1s, en 13\u00aa posici\u00f3n.<\/p>\n\n\n\n<p class=\"wp-block-paragraph\">Mercedes ha perdido terreno recientemente y ha ca\u00eddo al tercer puesto en el <strong>Campeonato del Mundo de Constructores<\/strong>. George Russell, con cuatro podios en 2025, es cuarto en el <strong>Campeonato del Mundo de Pilotos<\/strong>, mientras que Andrea Kimi Antonelli es s\u00e9ptimo.<\/p>\n\n\n\n<p class=\"wp-block-paragraph\">La F\u00f3rmula 1 celebra este fin de semana, del 13 al 15 de junio, el Gran Premio de Canad\u00e1 en Montreal, d\u00e9cima prueba de la temporada 2025.<\/p>\n\n\n\n<figure class=\"wp-block-embed is-type-video is-provider-youtube wp-block-embed-youtube wp-embed-aspect-16-9 wp-has-aspect-ratio\"><div class=\"wp-block-embed__wrapper\">\n<iframe loading=\"lazy\" title=\"GP DE CANAD\u00c1 2025 - LA PREVIA\" width=\"500\" height=\"281\" src=\"https:\/\/www.youtube.com\/embed\/UrHk-KxZ-dQ?feature=oembed\" frameborder=\"0\" allow=\"accelerometer; autoplay; clipboard-write; encrypted-media; gyroscope; picture-in-picture; web-share\" referrerpolicy=\"strict-origin-when-cross-origin\" allowfullscreen><\/iframe>\n<\/div><\/figure>\n","protected":false},"excerpt":{"rendered":"<p>Tras perder el segundo puesto en el Campeonato del Mundo de Constructores frente a Ferrari, Mercedes decidi\u00f3 introducir la tercera unidad de potencia en los coches de George Russell y Andrea Kimi Antonelli en Montreal.<\/p>\n","protected":false},"author":0,"featured_media":1010344156,"comment_status":"closed","ping_status":"closed","sticky":false,"template":"","format":"standard","meta":{"42wp_featured_image_caption":"","42wp_featured_image_credits":"","42wp_featured_video":"","42wp_featured_image_hidden":false,"42wp_authors_list":[],"footnotes":""},"categories":[5],"tags":[6800,209,2911,1710,184,179,253,1298,279,197,1299,9812],"42wp_author":[14240],"class_list":["post-6981","post","type-post","status-publish","format-standard","has-post-thumbnail","hentry","category-f1","tag-andrea-kimi-antonelli","tag-aston-martin","tag-circuito-gilles-villeneuve","tag-f1-2025","tag-fernando-alonso","tag-formula-1","tag-george-russell","tag-gp-de-canada","tag-liam-lawson","tag-mercedes","tag-montreal","tag-racing-bulls","42wp_author-ignacio-bogado"],"_links":{"self":[{"href":"https:\/\/grandepremio.com\/es\/wp-json\/wp\/v2\/posts\/6981","targetHints":{"allow":["GET"]}}],"collection":[{"href":"https:\/\/grandepremio.com\/es\/wp-json\/wp\/v2\/posts"}],"about":[{"href":"https:\/\/grandepremio.com\/es\/wp-json\/wp\/v2\/types\/post"}],"replies":[{"embeddable":true,"href":"https:\/\/grandepremio.com\/es\/wp-json\/wp\/v2\/comments?post=6981"}],"version-history":[{"count":0,"href":"https:\/\/grandepremio.com\/es\/wp-json\/wp\/v2\/posts\/6981\/revisions"}],"wp:featuredmedia":[{"embeddable":true,"href":"https:\/\/grandepremio.com\/es\/wp-json\/wp\/v2\/media\/1010344156"}],"wp:attachment":[{"href":"https:\/\/grandepremio.com\/es\/wp-json\/wp\/v2\/media?parent=6981"}],"wp:term":[{"taxonomy":"category","embeddable":true,"href":"https:\/\/grandepremio.com\/es\/wp-json\/wp\/v2\/categories?post=6981"},{"taxonomy":"post_tag","embeddable":true,"href":"https:\/\/grandepremio.com\/es\/wp-json\/wp\/v2\/tags?post=6981"},{"taxonomy":"42wp_author","embeddable":true,"href":"https:\/\/grandepremio.com\/es\/wp-json\/wp\/v2\/42wp_author?post=6981"}],"curies":[{"name":"wp","href":"https:\/\/api.w.org\/{rel}","templated":true}]}}