{"id":6982,"date":"2025-06-13T15:39:41","date_gmt":"2025-06-13T18:39:41","guid":{"rendered":"https:\/\/grandepremio.com\/es\/2025\/06\/13\/max-verstappen-primer-entrenamiento-canada-formula-1-2025\/"},"modified":"2025-06-13T16:15:11","modified_gmt":"2025-06-13T19:15:11","slug":"max-verstappen-primer-entrenamiento-canada-formula-1-2025","status":"publish","type":"post","link":"https:\/\/grandepremio.com\/es\/f1\/max-verstappen-primer-entrenamiento-canada-formula-1-2025\/","title":{"rendered":"Verstappen comanda primera pr\u00e1ctica del GP de Canad\u00e1; Piastri es 14\u00b0 y Colapinto, 19\u00b0"},"content":{"rendered":"\n<p class=\"wp-block-paragraph\">En una sesi\u00f3n que tuvo a <strong>McLaren<\/strong> lejos de la punta -presumiblemente por estar probando nuevos elementos-, <strong>Max Verstappen <\/strong>fue el dominador del primer entrenamiento de la <strong>F\u00f3rmula 1 <\/strong>en el <strong>GP de Canad\u00e1<\/strong>. El piloto de <strong>Red Bull<\/strong> comand\u00f3 la tanda con un tiempo de 1m13s193, por delante de los <strong>Williams<\/strong> de<strong> Alex Albon y Carlos Sainz <\/strong>en el top-3, a 0s039 y 0s082 respectivamente.<\/p>\n\n\n\n<p class=\"wp-block-paragraph\">M\u00e1s atr\u00e1s en el clasificador, <strong>George Russell se ubic\u00f3 cuarto con Mercedes, seguido por la Ferrari de Lewis Hamilton. Luego, Isack Hadjar (Racing Bulls), Lando Norris (McLaren), Liam Lawson (Racing Bulls), Pierre Gasly (Alpine) y Charles Leclerc (Ferrari) <\/strong>en los diez primeros lugares. En lo que respecta al monegasco, un choque cuando se disputaba el primer cuarto de la sesi\u00f3n lo dej\u00f3 sin poder participar en la restante actividad por los da\u00f1os en su<strong> SF-25.<\/strong><\/p>\n\n\n\n<p class=\"wp-block-paragraph\">Fuera del top-10, <strong>Fernando Alonso <\/strong>qued\u00f3 12\u00b0 con<strong> Aston Martin,<\/strong> mientras que el l\u00edder del campeonato, <strong>Oscar Piastri, <\/strong>fue 14\u00b0 con<strong> McLaren.<\/strong> Por \u00faltimo,en lo que respecta a <strong>Franco Colapinto<\/strong>, el argentino se ubic\u00f3 19\u00b0 a 1s452 de la punta y a ocho d\u00e9cimas de Gasly, su compa\u00f1ero de equipo en <strong>Alpine.<\/strong><\/p>\n\n\n\n<p class=\"wp-block-paragraph\"><strong>La actividad de la F\u00f3rmula 1 proseguir\u00e1 este mismo viernes, cuando se lleve a cabo el segundo entrenamiento del GP de Canad\u00e1. <\/strong><\/p>\n\n\n\n<p class=\"wp-block-paragraph\"><strong><em>\u00a1Todas las novedades te esperan en el canal de\u00a0<a href=\"https:\/\/www.youtube.com\/@GrandePremioES\" target=\"_blank\" rel=\"noreferrer noopener\">YouTube<\/a>\u00a0de Grande Pr\u00eamio en Espa\u00f1ol!<\/em><\/strong><\/p>\n\n\n\n<figure class=\"wp-block-embed is-type-video is-provider-youtube wp-block-embed-youtube wp-embed-aspect-16-9 wp-has-aspect-ratio\"><div class=\"wp-block-embed__wrapper\">\n<iframe loading=\"lazy\" title=\"GP DE CANAD\u00c1 2025 - LA PREVIA\" width=\"500\" height=\"281\" src=\"https:\/\/www.youtube.com\/embed\/UrHk-KxZ-dQ?feature=oembed\" frameborder=\"0\" allow=\"accelerometer; autoplay; clipboard-write; encrypted-media; gyroscope; picture-in-picture; web-share\" referrerpolicy=\"strict-origin-when-cross-origin\" allowfullscreen><\/iframe>\n<\/div><\/figure>\n\n\n\n<p class=\"wp-block-paragraph\"><strong><em>\u00a1Seguinos en redes por\u00a0<a href=\"https:\/\/twitter.com\/grandepremioES\" target=\"_blank\" rel=\"noreferrer noopener\">Twitter\u00a0<\/a>e\u00a0<a href=\"https:\/\/www.instagram.com\/grandepremioes\/\" target=\"_blank\" rel=\"noreferrer noopener\">Instagram!<\/a><\/em><\/strong><br><strong><em>Adem\u00e1s, tenemos nuestro\u00a0<a href=\"https:\/\/whatsapp.com\/channel\/0029VaDZ5zb0gcfDxuwxBM05\" target=\"_blank\" rel=\"noreferrer noopener\">canal de Whatsapp<\/a>\u00a0con toda la informaci\u00f3n al instante<\/em><\/strong><\/p>\n\n\n\n<p class=\"wp-block-paragraph\"><strong>\u00bfC\u00f3mo fue el primer entrenamiento del GP de Canad\u00e1?<\/strong><\/p>\n\n\n\n<p class=\"wp-block-paragraph\">Despu\u00e9s de su gira por Europa, la F\u00f3rmula 1 cruz\u00f3 el Oc\u00e9ano Atl\u00e1ntico para disputar el GP de Canad\u00e1 en el circuito Gilles Villeneuve de Montreal. Y como relevante para esta primera sesi\u00f3n, lo m\u00e1s destacado fue el retorno de Lance Stroll, despu\u00e9s de su ausencia en el GP de Espa\u00f1a.<\/p>\n\n\n\n<p class=\"wp-block-paragraph\">Con un d\u00eda soleado, y 16\u00b0 grados en el ambiente, la bandera verde se agit\u00f3 a las 13:30 locales y la F\u00f3rmula 1 comenz\u00f3 con varios autos en pista su primera tanda de pr\u00e1cticas. La gran mayor\u00eda de los autos decidi\u00f3 calzar goma blanda, con unos pocos con neum\u00e1tico medio. En los primeros instantes, Franco Colapinto tuvo una leve salida de pista sin contratiempos en su Alpine, y poco despu\u00e9s, tambi\u00e9n Kimi Antonelli se pas\u00f3 en unas de las curvas, aunque indemne tambi\u00e9n con su Mercedes.<\/p>\n\n\n\n<p class=\"wp-block-paragraph\">Otro que comenz\u00f3 con algunos problemas de puesta a puesto fue Max Verstappen, que se quej\u00f3 de tener una direcci\u00f3n muy pesada en su RB21. No obstante, el neerland\u00e9s fue el encargado de establecer la primera referencia en los tiempos, con un registro 1m16s067. A continuaci\u00f3n, con el neum\u00e1tico medio, otro que pas\u00f3 al frente fue Isack Hadjar, con 1m15s419.<\/p>\n\n\n\n<figure class=\"wp-block-image size-full\"><img decoding=\"async\" src=\"https:\/\/grandepremio.com\/es\/wp-content\/uploads\/..\/gp_br_uploads\/2025\/06\/canada-2025-f1-quinta-feira-alpine-franco-colapinto-afp-01-1.jpg\" alt=\"\" class=\"wp-image-344083\"\/><figcaption class=\"wp-element-caption\">Franco Colapinto hizo un trompo al inicio de la FP1. (Foto: AFP) <\/figcaption><\/figure>\n\n\n\n<p class=\"wp-block-paragraph\">Al cabo de diez minutos de actividad, Verstappen estaba nuevamente al frente con 1m14s478. Y como respuesta, Norris intent\u00f3 bajarle el tiempo con r\u00e9cord en los dos primeros parciales, pero un err\u00e1tico tr\u00e1nsito en la horquilla lo dej\u00f3 en el quinto lugar a 0s603.<\/p>\n\n\n\n<p class=\"wp-block-paragraph\">Al cabo de 15 minutos, el l\u00edder pas\u00f3 a ser Leclerc con 1m13s885, y en un top-10 completado por Russell, Norris, Verstappen, Hadjar, Albon, Tsunoda, Sainz, Gasly y Alonso. Sin embargo, el momento cumbre para el monegasco se tronch\u00f3 al golpearse en una de las chicanas con su SF-25. De esta manera, la direcci\u00f3n de carrera activ\u00f3 una bandera roja.<\/p>\n\n\n\n<p class=\"wp-block-paragraph\">Ya una vez que se retom\u00f3 la actividad en pista, los primeros minutos hubo ciertos aprietos para Russell y Hamilton, con una salida de pista del primero y con un trompo del segundo, aunque sin consecuencias para sus respectivos Mercedes y Ferrari. Y rozando la media hora, Verstappen pudo por fin doblegar del accidentado monegasco, mediante un registro de 1m13s863. <\/p>\n\n\n\n<figure class=\"wp-block-image size-full\"><img decoding=\"async\" src=\"https:\/\/grandepremio.com\/es\/wp-content\/uploads\/..\/gp_br_uploads\/2025\/06\/canada-2025-f1-quinta-feira-ferrari-charles-leclerc-02.jpg\" alt=\"\" class=\"wp-image-344079\"\/><figcaption class=\"wp-element-caption\">Charles Leclerc choc\u00f3 la Ferrari en la FP1. (Foto: Reproducci\u00f3n\/F1)<\/figcaption><\/figure>\n\n\n\n<p class=\"wp-block-paragraph\">En los minutos siguientes, la punta pas\u00f3 sucesivamente por Russell, Sainz y Verstappen,que nuevamente se puso en la cima con 1m13s193. Poco despu\u00e9s, el propio neerland\u00e9s tuvo que hacer una maniobra arriesgada para esquivar a un lento Lewis Hamilton, con un leve toque del pasto del circuito de Montreal. A esta altura, el equipo que sorpresivamente no se hab\u00eda mostrado r\u00e1pido era McLaren, que ten\u00eda a Norris en el puesto 13\u00b0 y Piastri en el 15\u00b0.<\/p>\n\n\n\n<p class=\"wp-block-paragraph\">Con 15 minutos restantes, Verstappen se manten\u00eda como l\u00edder, seguido por Albon, Sainz, Russell, Hamilton, Hadjar, Leclerc, Tsunoda, Lawson y Alonso en el top-10, mientras que Colapinto era 18\u00b0. Por lo pronto, la impresi\u00f3n era que McLaren estaba probando nuevos desarrollos, aunque con algunos problemas en las curvas. Reci\u00e9n en la parte final de la tanda, quien m\u00e1s pudo acercarse fue Norris, para ser s\u00e9ptimo a 0s458 de Verstappen.  <\/p>\n\n\n\n<figure class=\"wp-block-image size-full\"><img decoding=\"async\" src=\"https:\/\/grandepremio.com\/es\/wp-content\/uploads\/..\/gp_br_uploads\/2025\/06\/canada-2025-f1-quinta-feira-mclaren-oscar-piastri-03.jpg\" alt=\"\" class=\"wp-image-344140\"\/><figcaption class=\"wp-element-caption\">Oscar Piastri qued\u00f3 lejos de la punta en la FP1. (Foto: McLaren)<\/figcaption><\/figure>\n\n\n\n<p class=\"wp-block-paragraph\">Ya para el cierre, algunos autos decidieron probar el ritmo de carrera con los tanques de combustible llenos, mientras que otros decidieron probar la durabilidad del C6, el neum\u00e1tico blando que se presupone como el predilecto a la hora de la carrera. Y sin cambios posicionales, la sesi\u00f3n termin\u00f3 con el &#8220;1&#8221; de Verstappen, seguido por los Williams de Albon y Sainz.<\/p>\n\n\n\n<p class=\"wp-block-paragraph\"><strong>F\u00f3rmula 1 2025 &#8211; GP de Canad\u00e1 &#8211; 1\u00b0 Entrenamiento<\/strong><\/p>\n\n\n\n<figure class=\"wp-block-table\"><table class=\"has-fixed-layout\"><tbody><tr><td><strong>1<\/strong><\/td><td>M VERSTAPPEN<\/td><td>Red Bull Honda RBPT<\/td><td>1:13.193<\/td><td>&nbsp;<\/td><td>26<\/td><\/tr><tr><td><strong>2<\/strong><\/td><td>A ALBON<\/td><td>Williams Mercedes<\/td><td>1:13.232<\/td><td>+0.039<\/td><td>25<\/td><\/tr><tr><td><strong>3<\/strong><\/td><td>C SAINZ<\/td><td>Williams Mercedes<\/td><td>1:13.275<\/td><td>+0.082<\/td><td>28<\/td><\/tr><tr><td><strong>4<\/strong><\/td><td>G RUSSELL<\/td><td>Mercedes<\/td><td>1:13.535<\/td><td>+0.342<\/td><td>26<\/td><\/tr><tr><td><strong>5<\/strong><\/td><td>L HAMILTON<\/td><td>Ferrari<\/td><td>1:13.620<\/td><td>+0.427<\/td><td>28<\/td><\/tr><tr><td><strong>6<\/strong><\/td><td>I HADJAR<\/td><td>Racing Bulls Honda RBPT<\/td><td>1:13.631<\/td><td>+0.438<\/td><td>28<\/td><\/tr><tr><td><strong>7<\/strong><\/td><td>L NORRIS<\/td><td>McLaren Mercedes<\/td><td>1:13.651<\/td><td>+0.458<\/td><td>27<\/td><\/tr><tr><td><strong>8<\/strong><\/td><td>L LAWSON<\/td><td>Racing Bulls Honda RBPT<\/td><td>1:13.737<\/td><td>+0.544<\/td><td>27<\/td><\/tr><tr><td><strong>9<\/strong><\/td><td>P GASLY<\/td><td>Alpine Renault<\/td><td>1:13.817<\/td><td>+0.624<\/td><td>27<\/td><\/tr><tr><td><strong>10<\/strong><\/td><td>C LECLERC<\/td><td>Ferrari<\/td><td>1:13.885<\/td><td>+0.692<\/td><td>9<\/td><\/tr><tr><td><strong>11<\/strong><\/td><td>Y TSUNODA<\/td><td>Red Bull Honda RBPT<\/td><td>1:13.927<\/td><td>+0.734<\/td><td>24<\/td><\/tr><tr><td><strong>12<\/strong><\/td><td>F ALONSO<\/td><td>Aston Martin Mercedes<\/td><td>1:13.972<\/td><td>+0.779<\/td><td>23<\/td><\/tr><tr><td><strong>13<\/strong><\/td><td>A ANTONELLI<\/td><td>Mercedes<\/td><td>1:14.002<\/td><td>+0.809<\/td><td>27<\/td><\/tr><tr><td><strong>14<\/strong><\/td><td>O PIASTRI<\/td><td>McLaren Mercedes<\/td><td>1:14.198<\/td><td>+1.005<\/td><td>25<\/td><\/tr><tr><td><strong>15<\/strong><\/td><td>L STROLL<\/td><td>Aston Martin Mercedes<\/td><td>1:14.203<\/td><td>+1.010<\/td><td>22<\/td><\/tr><tr><td><strong>16<\/strong><\/td><td>G BORTOLETO<\/td><td>Sauber Ferrari<\/td><td>1:14.324<\/td><td>+1.131<\/td><td>28<\/td><\/tr><tr><td><strong>17<\/strong><\/td><td>O BEARMAN<\/td><td>Haas Ferrari<\/td><td>1:14.520<\/td><td>+1.327<\/td><td>27<\/td><\/tr><tr><td><strong>18<\/strong><\/td><td>E OCON<\/td><td>Haas Ferrari<\/td><td>1:14.605<\/td><td>+1.412<\/td><td>20<\/td><\/tr><tr><td><strong>19<\/strong><\/td><td>F COLAPINTO<\/td><td>Alpine Renault<\/td><td>1:14.645<\/td><td>+1.452<\/td><td>26<\/td><\/tr><tr><td><strong>20<\/strong><\/td><td>N H\u00dcLKENBERG<\/td><td>Sauber Ferrari<\/td><td>1:14.821<\/td><td>+1.628<\/td><td>25<\/td><\/tr><\/tbody><\/table><\/figure>\n\n\n\n<p class=\"wp-block-paragraph\"><\/p>\n\n\n\n<p class=\"wp-block-paragraph\"><\/p>\n\n\n\n<p class=\"wp-block-paragraph\"><\/p>\n","protected":false},"excerpt":{"rendered":"<p>Max Verstappen termin\u00f3 al frente en el primer entrenamiento del GP de Canad\u00e1, escoltado por los Williams de Alex Albon y Carlos Sainz se completaron el top-3. Franco Colapinto termin\u00f3 19\u00b0. <\/p>\n","protected":false},"author":0,"featured_media":1010344131,"comment_status":"closed","ping_status":"closed","sticky":false,"template":"","format":"standard","meta":{"42wp_featured_image_caption":"","42wp_featured_image_credits":"","42wp_featured_video":"","42wp_featured_image_hidden":false,"42wp_authors_list":[],"footnotes":""},"categories":[5],"tags":[181,1710,179,1298,268,249,269,278,206,204],"42wp_author":[14223],"class_list":["post-6982","post","type-post","status-publish","format-standard","has-post-thumbnail","hentry","category-f1","tag-f1","tag-f1-2025","tag-formula-1","tag-gp-de-canada","tag-lando-norris","tag-max-verstappen","tag-mclaren","tag-oscar-piastri","tag-red-bull","tag-williams","42wp_author-esteban-nieto"],"_links":{"self":[{"href":"https:\/\/grandepremio.com\/es\/wp-json\/wp\/v2\/posts\/6982","targetHints":{"allow":["GET"]}}],"collection":[{"href":"https:\/\/grandepremio.com\/es\/wp-json\/wp\/v2\/posts"}],"about":[{"href":"https:\/\/grandepremio.com\/es\/wp-json\/wp\/v2\/types\/post"}],"replies":[{"embeddable":true,"href":"https:\/\/grandepremio.com\/es\/wp-json\/wp\/v2\/comments?post=6982"}],"version-history":[{"count":0,"href":"https:\/\/grandepremio.com\/es\/wp-json\/wp\/v2\/posts\/6982\/revisions"}],"wp:featuredmedia":[{"embeddable":true,"href":"https:\/\/grandepremio.com\/es\/wp-json\/wp\/v2\/media\/1010344131"}],"wp:attachment":[{"href":"https:\/\/grandepremio.com\/es\/wp-json\/wp\/v2\/media?parent=6982"}],"wp:term":[{"taxonomy":"category","embeddable":true,"href":"https:\/\/grandepremio.com\/es\/wp-json\/wp\/v2\/categories?post=6982"},{"taxonomy":"post_tag","embeddable":true,"href":"https:\/\/grandepremio.com\/es\/wp-json\/wp\/v2\/tags?post=6982"},{"taxonomy":"42wp_author","embeddable":true,"href":"https:\/\/grandepremio.com\/es\/wp-json\/wp\/v2\/42wp_author?post=6982"}],"curies":[{"name":"wp","href":"https:\/\/api.w.org\/{rel}","templated":true}]}}