{"id":6983,"date":"2025-06-13T15:39:26","date_gmt":"2025-06-13T18:39:26","guid":{"rendered":"https:\/\/grandepremio.com\/es\/2025\/06\/13\/leonel-pernia-revela-debut-tcr-world-tour-monza-2025\/"},"modified":"2025-06-13T15:39:31","modified_gmt":"2025-06-13T18:39:31","slug":"leonel-pernia-revela-debut-tcr-world-tour-monza-2025","status":"publish","type":"post","link":"https:\/\/grandepremio.com\/es\/turismo\/leonel-pernia-revela-debut-tcr-world-tour-monza-2025\/","title":{"rendered":"Leonel Pern\u00eda revela debut en el TCR World Tour en Monza: \u00abQuiero pelear por la victoria\u00bb"},"content":{"rendered":"\n<p class=\"wp-block-paragraph\">El <strong>TCR World Tour<\/strong> disputa este fin de semana su segunda fecha de la <strong>temporada 2025<\/strong> en <strong>Valencia<\/strong>, pero de cara al pr\u00f3ximo compromiso en <strong>Monza<\/strong>, este viernes se anunci\u00f3 el desembarco de un nuevo piloto argentino. <strong>Leonel Pern\u00eda<\/strong>, actual l\u00edder del <strong>TCR Sudamericano<\/strong>, volver\u00e1 al campeonato mundial con un <strong>Honda Civic<\/strong> de <strong>ALM Motorsport<\/strong>.<\/p>\n\n\n\n<p class=\"wp-block-paragraph\">El experimentado competidor en el automovilismo argentino regresar\u00e1 al plano mundial tras dos participaciones en el extinto <strong>Campeonato Mundial de Turismos (WTCC)<\/strong> en <strong>2010<\/strong>. Pern\u00eda comenz\u00f3 el 2025 ganando las primeras competencias en los eventos del TCR Sudamericano en <strong>Rosario<\/strong>, <strong>Ober\u00e1<\/strong> y <strong>San Juan<\/strong>, alcanzando el primer lugar en el campeonato de pilotos con el mismo Honda con el que debutar\u00e1 en el TCR World Tour en Monza entre el pr\u00f3ximo 20 y 22 de junio.<\/p>\n\n\n\n<p class=\"wp-block-paragraph\">\u00abQuiero empezar agradeciendo a todos los que hicieron posible de correr en el mundial de TCR. Medirme con el m\u00e1s alto nivel del TCR es algo que ven\u00eda buscando hace mucho tiempo y es algo que me motiva de sobremanera\u00bb, declar\u00f3 Leonel tras el anuncio.<\/p>\n\n\n\n<p class=\"wp-block-paragraph\">\ud83d\udfe5&nbsp;<strong><em>\u00a1Todas las novedades te esperan en el canal de&nbsp;<\/em><\/strong><a href=\"https:\/\/www.youtube.com\/@GrandePremioES\"><em>YouTube<\/em><\/a><strong><em>&nbsp;de Grande Pr\u00eamio en Espa\u00f1ol!<\/em><\/strong>&nbsp;\ud83d\udfe8<\/p>\n\n\n\n<figure class=\"wp-block-image size-large\"><img decoding=\"async\" src=\"https:\/\/grandepremio.com\/cdn-cgi\/image\/width=893,height=558,fit=contain,gravity=0.5x0.5,quality=75,format=webp\/es\/wp-content\/uploads\/2025\/06\/unnamed-1-1-1024x682.jpg\" alt=\"\" class=\"wp-image-344142\"\/><figcaption class=\"wp-element-caption\">Leonel Pern\u00eda gan\u00f3 en Rosario, Ober\u00e1 y San Juan y lidera el campeonato de pilotos. (Foto: TCR Sudamericano)<\/figcaption><\/figure>\n\n\n\n<p class=\"wp-block-paragraph\">\u23e9\u00a0<strong><em>\u00a1Seguinos en redes por\u00a0<\/em><\/strong><a href=\"https:\/\/twitter.com\/grandepremioES\"><em>Twitter\u00a0<\/em><\/a><strong><em>e\u00a0<\/em><\/strong><a href=\"https:\/\/www.instagram.com\/grandepremioes\/\"><em>Instagram!<br><\/em><\/a>\u23e9\u00a0<strong><em>Adem\u00e1s, tenemos nuestro\u00a0<\/em><\/strong><a href=\"https:\/\/whatsapp.com\/channel\/0029VaDZ5zb0gcfDxuwxBM05\"><em>canal de Whatsapp<\/em><\/a><strong><em>\u00a0con toda la informaci\u00f3n al instante<\/em><\/strong>\u00a0\ud83c\udfc1<\/p>\n\n\n\n<p class=\"wp-block-paragraph\">Adem\u00e1s, agradeci\u00f3 a <strong>Sebasti\u00e1n Martino<\/strong>, quien lidera el equipo oficial Honda en el TCR Sudamericano, y a la categor\u00eda regional por darle la oportunidad de saltar al campeonato mundial.<\/p>\n\n\n\n<p class=\"wp-block-paragraph\">\u00abVamos a encarar este desaf\u00edo con la seriedad de siempre, con la disciplina que me caracteriza y obviamente dejando todo para hacer un gran fin de semana, disfrutando mucho\u00bb, agreg\u00f3.<\/p>\n\n\n\n<p class=\"wp-block-paragraph\">Con la premisa de buscar continuidad en el proyecto, el tandilense se enfoc\u00f3 antes que nada en su primera experiencia en el trazado italiano en 2025.<\/p>\n\n\n\n<p class=\"wp-block-paragraph\">\u00abLa presi\u00f3n est\u00e1, me la pongo yo mismo porque quiero pelear por la victoria y no veo la hora de que llegue ya el fin de semana para empezar a acelerar en Monza\u00bb, concluy\u00f3.<\/p>\n\n\n\n<p class=\"wp-block-paragraph\">El <strong>TCR World Tour<\/strong> disputa su segunda fecha de la <strong>temporada 2025<\/strong> este fin de semana en el <strong>Aut\u00f3dromo Ricardo Tormo<\/strong> de <strong>Valencia<\/strong>, en <strong>Espa\u00f1a<\/strong>.<\/p>\n\n\n\n<figure class=\"wp-block-embed is-type-video is-provider-youtube wp-block-embed-youtube wp-embed-aspect-16-9 wp-has-aspect-ratio\"><div class=\"wp-block-embed__wrapper\">\n<iframe loading=\"lazy\" title=\"GP DE CANAD\u00c1 2025 - LA PREVIA\" width=\"500\" height=\"281\" src=\"https:\/\/www.youtube.com\/embed\/UrHk-KxZ-dQ?feature=oembed\" frameborder=\"0\" allow=\"accelerometer; autoplay; clipboard-write; encrypted-media; gyroscope; picture-in-picture; web-share\" referrerpolicy=\"strict-origin-when-cross-origin\" allowfullscreen><\/iframe>\n<\/div><\/figure>\n","protected":false},"excerpt":{"rendered":"<p>Con un inicio victorioso y liderando el campeonato del TCR Sudamericano, Leonel Pern\u00eda anunci\u00f3 el regreso al plano mundial con un Honda Civic en el pr\u00f3ximo compromiso del TCR World Tour en Italia.<\/p>\n","protected":false},"author":0,"featured_media":1010344143,"comment_status":"closed","ping_status":"closed","sticky":false,"template":"","format":"standard","meta":{"42wp_featured_image_caption":"","42wp_featured_image_credits":"","42wp_featured_video":"","42wp_featured_image_hidden":false,"42wp_authors_list":[],"footnotes":""},"categories":[11],"tags":[11101,221,9576,645,12492,1320,6765,12009,10881],"42wp_author":[14240],"class_list":["post-6983","post","type-post","status-publish","format-standard","has-post-thumbnail","hentry","category-turismo","tag-alm-motorsport","tag-honda","tag-leonel-pernia","tag-monza","tag-sebastian-martino","tag-tcr-sudamericano","tag-tcr-world-tour","tag-tcr-world-tour-2025","tag-wtcc","42wp_author-ignacio-bogado"],"_links":{"self":[{"href":"https:\/\/grandepremio.com\/es\/wp-json\/wp\/v2\/posts\/6983","targetHints":{"allow":["GET"]}}],"collection":[{"href":"https:\/\/grandepremio.com\/es\/wp-json\/wp\/v2\/posts"}],"about":[{"href":"https:\/\/grandepremio.com\/es\/wp-json\/wp\/v2\/types\/post"}],"replies":[{"embeddable":true,"href":"https:\/\/grandepremio.com\/es\/wp-json\/wp\/v2\/comments?post=6983"}],"version-history":[{"count":0,"href":"https:\/\/grandepremio.com\/es\/wp-json\/wp\/v2\/posts\/6983\/revisions"}],"wp:featuredmedia":[{"embeddable":true,"href":"https:\/\/grandepremio.com\/es\/wp-json\/wp\/v2\/media\/1010344143"}],"wp:attachment":[{"href":"https:\/\/grandepremio.com\/es\/wp-json\/wp\/v2\/media?parent=6983"}],"wp:term":[{"taxonomy":"category","embeddable":true,"href":"https:\/\/grandepremio.com\/es\/wp-json\/wp\/v2\/categories?post=6983"},{"taxonomy":"post_tag","embeddable":true,"href":"https:\/\/grandepremio.com\/es\/wp-json\/wp\/v2\/tags?post=6983"},{"taxonomy":"42wp_author","embeddable":true,"href":"https:\/\/grandepremio.com\/es\/wp-json\/wp\/v2\/42wp_author?post=6983"}],"curies":[{"name":"wp","href":"https:\/\/api.w.org\/{rel}","templated":true}]}}