{"id":6988,"date":"2025-06-13T14:16:52","date_gmt":"2025-06-13T17:16:52","guid":{"rendered":"https:\/\/grandepremio.com\/es\/2025\/06\/13\/novedades-equipos-gp-canada-mclaren\/"},"modified":"2025-06-13T14:16:56","modified_gmt":"2025-06-13T17:16:56","slug":"novedades-equipos-gp-canada-mclaren","status":"publish","type":"post","link":"https:\/\/grandepremio.com\/es\/f1\/novedades-equipos-gp-canada-mclaren\/","title":{"rendered":"Las novedades de los equipos para el GP de Canad\u00e1: McLaren cambia aler\u00f3n y suspensi\u00f3n"},"content":{"rendered":"\n<p class=\"wp-block-paragraph\">De cara al inminente comienzo del<strong> GP de Canad\u00e1<\/strong> de la<strong> F\u00f3rmula 1<\/strong>, se han conocido las modificaciones o actualizaciones de los equipos para una nueva ronda del campeonato. <strong>McLaren <\/strong>ha llevado una actualizaci\u00f3n en el aler\u00f3n delantero para revisar el acondicionamiento del flujo de aire y su rendimiento aerodin\u00e1mico.<\/p>\n\n\n\n<p class=\"wp-block-paragraph\">Por su parte, la nueva suspensi\u00f3n delantera es un ajuste mec\u00e1nico que tambi\u00e9n optimiza el flujo local en los autos de<strong> Lando Norris<\/strong> y <strong>Oscar Piastri<\/strong>. Adem\u00e1s, han llevado un aler\u00f3n trasero con una configuraci\u00f3n de presi\u00f3n aerodin\u00e1mica media, pero se trata de un cambio espec\u00edfico para el<strong> circuito Gilles Villeneuve<\/strong>.<br><br><strong>Mercedes<\/strong>, por su parte, apuesta por una actualizaci\u00f3n permanente en los bordes del suelo, situados en la parte delantera de la pieza, para aumentar la carga aerodin\u00e1mica. El <strong>W16 <\/strong>tambi\u00e9n ha incorporado especialmente para Canad\u00e1 conductos de frenos delanteros m\u00e1s anchos para ayudar a la refrigeraci\u00f3n.<\/p>\n\n\n\n<figure class=\"wp-block-embed is-type-video is-provider-youtube wp-block-embed-youtube wp-embed-aspect-16-9 wp-has-aspect-ratio\"><div class=\"wp-block-embed__wrapper\">\n<iframe loading=\"lazy\" title=\"GP DE CANAD\u00c1 2025 - LA PREVIA\" width=\"500\" height=\"281\" src=\"https:\/\/www.youtube.com\/embed\/UrHk-KxZ-dQ?feature=oembed\" frameborder=\"0\" allow=\"accelerometer; autoplay; clipboard-write; encrypted-media; gyroscope; picture-in-picture; web-share\" referrerpolicy=\"strict-origin-when-cross-origin\" allowfullscreen><\/iframe>\n<\/div><\/figure>\n\n\n\n<p class=\"wp-block-paragraph\"><strong>Aston Martin<\/strong>, por cierto, llev\u00f3 el mismo cambio solo para Canad\u00e1: conductos de frenos delanteros con salidas m\u00e1s anchas debido a la temperatura. <strong>Alpine<\/strong>, por su parte, redise\u00f1\u00f3 el aler\u00f3n delantero, acort\u00e1ndolo para generar menos carga y mejorar el equilibrio aerodin\u00e1mico.<br><br><strong>Racing Bulls<\/strong> acudi\u00f3 a Montreal con dos cambios: uno espec\u00edfico por tratarse de una pista urbana, con el aler\u00f3n delantero m\u00e1s peque\u00f1o para ayudar al equilibrio, y otro permanente (una revisi\u00f3n del winglet de las entradas de aire cerca de las ruedas traseras). Por \u00faltimo, <strong>Ferrari<\/strong>, Red Bull, Haas, Williams y Sauber no realizaron ninguna actualizaci\u00f3n.<\/p>\n\n\n\n<p class=\"wp-block-paragraph\">\u23e9 <em><strong>\u00a1Seguinos en redes por <\/strong><\/em><a href=\"https:\/\/twitter.com\/grandepremioES\"><em><u>Twitter <\/u><\/em><\/a><em><strong>e <\/strong><\/em><a href=\"https:\/\/www.instagram.com\/grandepremioes\/\"><em><u>Instagram!<br><\/u><\/em><\/a>\u23e9 <em><strong>Adem\u00e1s, tenemos nuestro <\/strong><\/em><a href=\"https:\/\/whatsapp.com\/channel\/0029VaDZ5zb0gcfDxuwxBM05\"><em><u>canal de Whatsapp<\/u><\/em><\/a><em><strong> con toda la informaci\u00f3n al instante<\/strong><\/em> \ud83c\udfc1<\/p>\n\n\n\n<p class=\"wp-block-paragraph\">La F\u00f3rmula 1 regresar\u00e1 esta tarde a las pistas con los dos primeros entrenamientos del Gran Premio de Canad\u00e1, la d\u00e9cima cita del campeonato 2025. Cobertura de GRANDE PREMIO en Espa\u00f1ol.<\/p>\n","protected":false},"excerpt":{"rendered":"<p>McLaren y Mercedes son los \u00fanicos punteros que han tra\u00eddo novedades al GP de Canad\u00e1 de la F\u00f3rmula 1, en tanto que otras escuder\u00edas han realizado cambios espec\u00edficos para la pista callejera de Montreal. <\/p>\n","protected":false},"author":0,"featured_media":1010344053,"comment_status":"closed","ping_status":"closed","sticky":false,"template":"","format":"standard","meta":{"42wp_featured_image_caption":"","42wp_featured_image_credits":"","42wp_featured_video":"","42wp_featured_image_hidden":false,"42wp_authors_list":[],"footnotes":""},"categories":[5],"tags":[678,209,2911,185,179,1298,268,269,197,278,9812,11524],"42wp_author":[14237],"class_list":["post-6988","post","type-post","status-publish","format-standard","has-post-thumbnail","hentry","category-f1","tag-alpine","tag-aston-martin","tag-circuito-gilles-villeneuve","tag-ferrari","tag-formula-1","tag-gp-de-canada","tag-lando-norris","tag-mclaren","tag-mercedes","tag-oscar-piastri","tag-racing-bulls","tag-w16","42wp_author-gabriel-garcia"],"_links":{"self":[{"href":"https:\/\/grandepremio.com\/es\/wp-json\/wp\/v2\/posts\/6988","targetHints":{"allow":["GET"]}}],"collection":[{"href":"https:\/\/grandepremio.com\/es\/wp-json\/wp\/v2\/posts"}],"about":[{"href":"https:\/\/grandepremio.com\/es\/wp-json\/wp\/v2\/types\/post"}],"replies":[{"embeddable":true,"href":"https:\/\/grandepremio.com\/es\/wp-json\/wp\/v2\/comments?post=6988"}],"version-history":[{"count":0,"href":"https:\/\/grandepremio.com\/es\/wp-json\/wp\/v2\/posts\/6988\/revisions"}],"wp:featuredmedia":[{"embeddable":true,"href":"https:\/\/grandepremio.com\/es\/wp-json\/wp\/v2\/media\/1010344053"}],"wp:attachment":[{"href":"https:\/\/grandepremio.com\/es\/wp-json\/wp\/v2\/media?parent=6988"}],"wp:term":[{"taxonomy":"category","embeddable":true,"href":"https:\/\/grandepremio.com\/es\/wp-json\/wp\/v2\/categories?post=6988"},{"taxonomy":"post_tag","embeddable":true,"href":"https:\/\/grandepremio.com\/es\/wp-json\/wp\/v2\/tags?post=6988"},{"taxonomy":"42wp_author","embeddable":true,"href":"https:\/\/grandepremio.com\/es\/wp-json\/wp\/v2\/42wp_author?post=6988"}],"curies":[{"name":"wp","href":"https:\/\/api.w.org\/{rel}","templated":true}]}}