{"id":6995,"date":"2025-06-12T18:31:10","date_gmt":"2025-06-12T21:31:10","guid":{"rendered":"https:\/\/grandepremio.com\/es\/2025\/06\/12\/hamilton-apoyo-vasseur-principal-ferrari-f1-2025\/"},"modified":"2025-06-12T18:31:13","modified_gmt":"2025-06-12T21:31:13","slug":"hamilton-apoyo-vasseur-principal-ferrari-f1-2025","status":"publish","type":"post","link":"https:\/\/grandepremio.com\/es\/f1\/hamilton-apoyo-vasseur-principal-ferrari-f1-2025\/","title":{"rendered":"Hamilton declara su &#8220;pleno apoyo&#8221; a Vasseur: &#8220;La principal raz\u00f3n por la que estoy en Ferrari&#8221;"},"content":{"rendered":"\n<p class=\"wp-block-paragraph\"><em>La Gazzetta dello Sport<\/em> inform\u00f3 esta semana que <strong>John Elkann<\/strong> y <strong>Benedetto Vigna<\/strong>, los principales directivos de <strong>Ferrari<\/strong>, habr\u00edan perdido la paciencia con el jefe de la <strong>F\u00f3rmula 1<\/strong>, el franc\u00e9s <strong>Frederic Vasseur<\/strong>, y le habr\u00edan puesto un plazo de tres carreras para que mejore el rendimiento en la temporada 2025.<\/p>\n\n\n\n<p class=\"wp-block-paragraph\">\ud83d\udfe5&nbsp;<strong><em>\u00a1Todas las novedades te esperan en el canal de&nbsp;<\/em><\/strong><a href=\"https:\/\/www.youtube.com\/@GrandePremioES\"><em>YouTube<\/em><\/a><strong><em>&nbsp;de Grande Pr\u00eamio en Espa\u00f1ol!<\/em><\/strong>&nbsp;\ud83d\udfe8<\/p>\n\n\n\n<p class=\"wp-block-paragraph\">Si Vasseur fuera destituido, la versi\u00f3n italiana de <em>Motorsport<\/em> inform\u00f3 que <strong>Antonello Coletta<\/strong>, jefe de Ferrari en el <strong>WEC<\/strong>, ser\u00eda el gran candidato a tomar su lugar. Estas noticias no fueron indiferente para<strong> Lewis Hamilton<\/strong>, que fue consultado por el tema en la previa del <strong>GP de Canad\u00e1<\/strong> y respald\u00f3 la labor del actual jefe y dijo que no hay razones para efectuar un cambio.<\/p>\n\n\n\n<p class=\"wp-block-paragraph\"><strong>\u201cMe informaron sobre las especulaciones poco antes de llegar, as\u00ed que no le\u00ed los art\u00edculos. Definitivamente no es agradable saber que circulan este tipo de historias\u201d,<\/strong> comenz\u00f3 Hamilton en una entrevista con el sitio web holand\u00e9s <em>RacingNews365<\/em>, en Montreal, sede del GP de Canad\u00e1 de este fin de semana. <strong>\u201cAntes que nada, me encanta trabajar con Fred. \u00c9l es la raz\u00f3n principal por la que estoy en este equipo y la raz\u00f3n por la que he tenido la oportunidad de estar aqu\u00ed, por lo que estar\u00e9 eternamente agradecido, y estamos juntos en esto\u201d,<\/strong> continu\u00f3.<\/p>\n\n\n\n<figure class=\"wp-block-embed is-type-video is-provider-youtube wp-block-embed-youtube wp-embed-aspect-16-9 wp-has-aspect-ratio\"><div class=\"wp-block-embed__wrapper\">\n<iframe loading=\"lazy\" title=\"GP DE CANAD\u00c1 2025 - LA PREVIA\" width=\"500\" height=\"281\" src=\"https:\/\/www.youtube.com\/embed\/UrHk-KxZ-dQ?feature=oembed\" frameborder=\"0\" allow=\"accelerometer; autoplay; clipboard-write; encrypted-media; gyroscope; picture-in-picture; web-share\" referrerpolicy=\"strict-origin-when-cross-origin\" allowfullscreen><\/iframe>\n<\/div><\/figure>\n\n\n\n<p class=\"wp-block-paragraph\"><strong>\u201cEstamos trabajando duro entre bastidores. Las cosas no son perfectas, pero como dije, estoy aqu\u00ed para trabajar con el equipo, pero tambi\u00e9n con Fred. Quiero que Fred est\u00e9 aqu\u00ed. Creo firmemente que es la persona indicada para llevarnos a la cima. As\u00ed que, al final, todo esto que se escribe es una tonter\u00eda\u201d,<\/strong> critic\u00f3 el compa\u00f1ero de Charles Leclerc.<\/p>\n\n\n\n<p class=\"wp-block-paragraph\">Hamilton a\u00f1adi\u00f3 que no hay discusiones internas a pesar de que el rendimiento del <strong>SF-25<\/strong>, que tiene un concepto totalmente renovado para este a\u00f1o, no ha sido el esperado, por lo cual comenzaron los cuestionamientos a Vasseur: <strong>\u201cLa mayor\u00eda de la gente no sabe lo que realmente ocurre entre bastidores, y no es del todo f\u00e1cil. No es un camino de rosas. Tenemos que hacer cambios y hay mucho trabajo por hacer. Naturalmente, hay mucha presi\u00f3n porque queremos ganar\u201d.<\/strong><br><br><strong>\u201cRepito, que yo sepa, [la salida de Fred] no est\u00e1 en los planes, y desde luego no es algo que yo apoyar\u00eda. Integrar a nuevas personas, nuevos profesionales \u2014ya sea piloto, ingenieros o alguien que dirija una organizaci\u00f3n\u2014 requiere tiempo de adaptaci\u00f3n, y el impacto es significativo. As\u00ed que eso no est\u00e1 en discusi\u00f3n. Estoy aqu\u00ed para ganar con Fred, y \u00e9l cuenta con todo mi apoyo\u201d<\/strong>, declar\u00f3.<\/p>\n\n\n\n<figure class=\"wp-block-image size-large\"><img decoding=\"async\" src=\"https:\/\/grandepremio.com\/cdn-cgi\/image\/width=893,height=558,fit=contain,gravity=0.5x0.5,quality=75,format=webp\/es\/wp-content\/uploads\/2025\/06\/australia-2025-f1-quinta-feira-ferrari-lewis-hamilton-frederic-vasseur-01-1200x800-2-1024x683.jpeg\" alt=\"\" class=\"wp-image-343991\"\/><figcaption class=\"wp-element-caption\">Lewis Hamilton sali\u00f3 en defensa de Frederic Vasseur por los rumores de despido. (Foto: Ferrari)<\/figcaption><\/figure>\n\n\n\n<p class=\"wp-block-paragraph\"><strong>\u201cY tambi\u00e9n, para todos los que escriben que estoy pensando en irme, literalmente acabo de empezar en Ferrari. Estar\u00e9 aqu\u00ed varios a\u00f1os. Estoy aqu\u00ed para el largo plazo, as\u00ed que no hay duda de d\u00f3nde tengo puesta la cabeza y qu\u00e9 busco lograr con este equipo. No hay duda, as\u00ed que por favor, dejen de inventarse historias\u201d<\/strong>, concluy\u00f3.<\/p>\n\n\n\n<p class=\"wp-block-paragraph\">\u23e9 <em><strong>\u00a1Seguinos en redes por <\/strong><\/em><a href=\"https:\/\/twitter.com\/grandepremioES\"><em><u>Twitter <\/u><\/em><\/a><em><strong>e <\/strong><\/em><a href=\"https:\/\/www.instagram.com\/grandepremioes\/\"><em><u>Instagram!<br><\/u><\/em><\/a>\u23e9 <em><strong>Adem\u00e1s, tenemos nuestro <\/strong><\/em><a href=\"https:\/\/whatsapp.com\/channel\/0029VaDZ5zb0gcfDxuwxBM05\"><em><u>canal de Whatsapp<\/u><\/em><\/a><em><strong> con toda la informaci\u00f3n al instante<\/strong><\/em> \ud83c\udfc1<\/p>\n\n\n\n<p class=\"wp-block-paragraph\">La F\u00f3rmula 1 regresar\u00e1 ma\u00f1ana a las pistas con los dos primeros entrenamientos del Gran Premio de Canad\u00e1, la d\u00e9cima cita del campeonato 2025. Cobertura de GRANDE PREMIO en Espa\u00f1ol.<\/p>\n","protected":false},"excerpt":{"rendered":"<p>Lewis Hamilton sali\u00f3 en defensa del actual jefe de Ferrari y afirm\u00f3 que Fr\u00e9d\u00e9ric Vasseur &#8220;es la persona indicada para llevar al equipo a la cima&#8221; de la F\u00f3rmula 1 en el futuro, luego de los rumores de la prensa italiana de que su cargo estar\u00eda en peligro si no mejoran los resultados.<\/p>\n","protected":false},"author":0,"featured_media":1010343989,"comment_status":"closed","ping_status":"closed","sticky":false,"template":"","format":"standard","meta":{"42wp_featured_image_caption":"","42wp_featured_image_credits":"","42wp_featured_video":"","42wp_featured_image_hidden":false,"42wp_authors_list":[],"footnotes":""},"categories":[5],"tags":[10454,4184,185,179,1496,1298,2641,199,11776,311],"42wp_author":[14237],"class_list":["post-6995","post","type-post","status-publish","format-standard","has-post-thumbnail","hentry","category-f1","tag-antonello-coletta","tag-benedetto-vigna","tag-ferrari","tag-formula-1","tag-frederic-vasseur","tag-gp-de-canada","tag-john-elkann","tag-lewis-hamilton","tag-sf-25","tag-wec","42wp_author-gabriel-garcia"],"_links":{"self":[{"href":"https:\/\/grandepremio.com\/es\/wp-json\/wp\/v2\/posts\/6995","targetHints":{"allow":["GET"]}}],"collection":[{"href":"https:\/\/grandepremio.com\/es\/wp-json\/wp\/v2\/posts"}],"about":[{"href":"https:\/\/grandepremio.com\/es\/wp-json\/wp\/v2\/types\/post"}],"replies":[{"embeddable":true,"href":"https:\/\/grandepremio.com\/es\/wp-json\/wp\/v2\/comments?post=6995"}],"version-history":[{"count":0,"href":"https:\/\/grandepremio.com\/es\/wp-json\/wp\/v2\/posts\/6995\/revisions"}],"wp:featuredmedia":[{"embeddable":true,"href":"https:\/\/grandepremio.com\/es\/wp-json\/wp\/v2\/media\/1010343989"}],"wp:attachment":[{"href":"https:\/\/grandepremio.com\/es\/wp-json\/wp\/v2\/media?parent=6995"}],"wp:term":[{"taxonomy":"category","embeddable":true,"href":"https:\/\/grandepremio.com\/es\/wp-json\/wp\/v2\/categories?post=6995"},{"taxonomy":"post_tag","embeddable":true,"href":"https:\/\/grandepremio.com\/es\/wp-json\/wp\/v2\/tags?post=6995"},{"taxonomy":"42wp_author","embeddable":true,"href":"https:\/\/grandepremio.com\/es\/wp-json\/wp\/v2\/42wp_author?post=6995"}],"curies":[{"name":"wp","href":"https:\/\/api.w.org\/{rel}","templated":true}]}}