{"id":7002,"date":"2025-06-12T14:36:17","date_gmt":"2025-06-12T17:36:17","guid":{"rendered":"https:\/\/grandepremio.com\/es\/2025\/06\/12\/yamaha-probo-funcionalidad-v4-no-evaluar-rendimiento\/"},"modified":"2025-06-12T14:36:21","modified_gmt":"2025-06-12T17:36:21","slug":"yamaha-probo-funcionalidad-v4-no-evaluar-rendimiento","status":"publish","type":"post","link":"https:\/\/grandepremio.com\/es\/motogp\/yamaha-probo-funcionalidad-v4-no-evaluar-rendimiento\/","title":{"rendered":"Yamaha dice que prob\u00f3 &#8220;funcionalidad&#8221; en el V4: &#8220;No es momento de evaluar el rendimiento&#8221;"},"content":{"rendered":"\n<p class=\"wp-block-paragraph\">Los test privados de los equipos de <strong>MotoGP <\/strong>en <strong>Barcelona <\/strong>le sirvieron a <strong>Yamaha <\/strong>para poner en pista a su nuevo <strong>motor V4<\/strong>, quer podr\u00eda reemplazar de cuatro cilindros en l\u00ednea, pero el jefe del fabricante japon\u00e9s, Massimo Meregalli, dijo que no est\u00e1n evaluando el rendimiento del impulsor.<\/p>\n\n\n\n<p class=\"wp-block-paragraph\">\ud83d\udfe5&nbsp;<strong><em>\u00a1Todas las novedades te esperan en el canal de&nbsp;<\/em><\/strong><a href=\"https:\/\/www.youtube.com\/@GrandePremioES\"><em>YouTube<\/em><\/a><strong><em>&nbsp;de Grande Pr\u00eamio en Espa\u00f1ol!<\/em><\/strong>&nbsp;\ud83d\udfe8<\/p>\n\n\n\n<p class=\"wp-block-paragraph\">Tras las pruebas con <strong>Augusto Fern\u00e1ndez<\/strong> y <strong>Andrea Dovizioso<\/strong>, los tester de la casa de <strong>Iwata<\/strong>, Meregalli afirm\u00f3 que solo probaron como funciona la nueva planta motriz y que podr\u00eda ayudar a recuperar la competitividad pasada en el Mundial de Motociclismo.<\/p>\n\n\n\n<p class=\"wp-block-paragraph\"><strong>\u201cEl equipo de pruebas est\u00e1 ocupado desarrollando los dos. La moto actual [con motor de cuatro cilindros en l\u00ednea] y la nueva moto [motor V4]. Con la nueva moto, solo hemos hecho una prueba de funcionalidad\u201d<\/strong>, declar\u00f3 el funcionario.<br><br><strong>\u201cNo estamos en condiciones de evaluar el rendimiento. Los chicos de la f\u00e1brica probar\u00e1n esta moto solo cuando creamos que el rendimiento es lo suficientemente bueno como para ser percibido y comprendido\u201d<\/strong>, explic\u00f3.<\/p>\n\n\n\n<figure class=\"wp-block-embed is-type-video is-provider-youtube wp-block-embed-youtube wp-embed-aspect-16-9 wp-has-aspect-ratio\"><div class=\"wp-block-embed__wrapper\">\n<iframe loading=\"lazy\" title=\"CADILLAC SE APROXIMA A SU DEBUT EN F1 2026 Y EST\u00c1 CERCA DE DEFINIR A SUS PILOTOS\" width=\"500\" height=\"281\" src=\"https:\/\/www.youtube.com\/embed\/8KSF9FS_n0w?feature=oembed\" frameborder=\"0\" allow=\"accelerometer; autoplay; clipboard-write; encrypted-media; gyroscope; picture-in-picture; web-share\" referrerpolicy=\"strict-origin-when-cross-origin\" allowfullscreen><\/iframe>\n<\/div><\/figure>\n\n\n\n<p class=\"wp-block-paragraph\"><strong>\u201c\u00bfSi lo comparamos con el a\u00f1o pasado? Terminamos con una diferencia de 39 segundos, pero [este a\u00f1o] fue de 19 segundos. La vuelta m\u00e1s r\u00e1pida del a\u00f1o pasado fue de 1,3 segundos, [este a\u00f1o] fue menos de cuatro d\u00e9cimas. Eso es lo que estamos supervisando en la evoluci\u00f3n de la moto. Fabio hizo una vuelta realmente buena. Me gust\u00f3 el hecho de que sufrieramos el viernes, pero el s\u00e1bado lleg\u00e1ramos a la Q2 para empezar la carrera en la tercera fila\u201d<\/strong>, desarroll\u00f3 Meregalli.<br><br><strong>\u201cHemos hecho algunas actualizaciones en el motor, solo peque\u00f1as actualizaciones. Siempre exploramos los ajustes que no podemos explorar durante el fin de semana de carrera. El plan era mayor que el tiempo que ten\u00edamos. Nuestra forma de trabajar es la siguiente: si no ven puntos negativos, entonces es el camino que vamos a seguir. Es una cuesti\u00f3n de ajuste fino\u201d,<\/strong> concluy\u00f3.<\/p>\n\n\n\n<p class=\"wp-block-paragraph\">\u23e9 <em><strong>\u00a1Seguinos en redes por <\/strong><\/em><a href=\"https:\/\/twitter.com\/grandepremioES\"><em><u>Twitter <\/u><\/em><\/a><em><strong>e <\/strong><\/em><a href=\"https:\/\/www.instagram.com\/grandepremioes\/\"><em><u>Instagram!<br><\/u><\/em><\/a>\u23e9 <em><strong>Adem\u00e1s, tenemos nuestro <\/strong><\/em><a href=\"https:\/\/whatsapp.com\/channel\/0029VaDZ5zb0gcfDxuwxBM05\"><em><u>canal de Whatsapp<\/u><\/em><\/a><em><strong> con toda la informaci\u00f3n al instante<\/strong><\/em> \ud83c\udfc1<br><br>MotoGP vuelve a acelerar entre el 20 y el 22 de junio con el GP de Italia, en Mugello, novena prueba de la temporada 2025. GRANDE PR\u00caMIO ofrece una cobertura completa del evento.<\/p>\n","protected":false},"excerpt":{"rendered":"<p>El jefe de Yamaha, Massimo Meregalli, explic\u00f3 que Fabio Quartararo y \u00c1lex Rins solo podr\u00e1n probar el nuevo motor V4 cuando el rendimiento sea lo suficientemente bueno \u00abcomo para notarse\u00bb.<\/p>\n","protected":false},"author":0,"featured_media":1010343921,"comment_status":"closed","ping_status":"closed","sticky":false,"template":"","format":"standard","meta":{"42wp_featured_image_caption":"","42wp_featured_image_credits":"","42wp_featured_video":"","42wp_featured_image_hidden":false,"42wp_authors_list":[],"footnotes":""},"categories":[8],"tags":[1581,3341,577,9953,1293,12486,1309],"42wp_author":[14237],"class_list":["post-7002","post","type-post","status-publish","format-standard","has-post-thumbnail","hentry","category-motogp","tag-andrea-dovizioso","tag-augusto-fernandez","tag-barcelona","tag-iwata","tag-motogp","tag-motor-v4","tag-yamaha","42wp_author-gabriel-garcia"],"_links":{"self":[{"href":"https:\/\/grandepremio.com\/es\/wp-json\/wp\/v2\/posts\/7002","targetHints":{"allow":["GET"]}}],"collection":[{"href":"https:\/\/grandepremio.com\/es\/wp-json\/wp\/v2\/posts"}],"about":[{"href":"https:\/\/grandepremio.com\/es\/wp-json\/wp\/v2\/types\/post"}],"replies":[{"embeddable":true,"href":"https:\/\/grandepremio.com\/es\/wp-json\/wp\/v2\/comments?post=7002"}],"version-history":[{"count":0,"href":"https:\/\/grandepremio.com\/es\/wp-json\/wp\/v2\/posts\/7002\/revisions"}],"wp:featuredmedia":[{"embeddable":true,"href":"https:\/\/grandepremio.com\/es\/wp-json\/wp\/v2\/media\/1010343921"}],"wp:attachment":[{"href":"https:\/\/grandepremio.com\/es\/wp-json\/wp\/v2\/media?parent=7002"}],"wp:term":[{"taxonomy":"category","embeddable":true,"href":"https:\/\/grandepremio.com\/es\/wp-json\/wp\/v2\/categories?post=7002"},{"taxonomy":"post_tag","embeddable":true,"href":"https:\/\/grandepremio.com\/es\/wp-json\/wp\/v2\/tags?post=7002"},{"taxonomy":"42wp_author","embeddable":true,"href":"https:\/\/grandepremio.com\/es\/wp-json\/wp\/v2\/42wp_author?post=7002"}],"curies":[{"name":"wp","href":"https:\/\/api.w.org\/{rel}","templated":true}]}}