{"id":7008,"date":"2025-06-12T11:46:30","date_gmt":"2025-06-12T14:46:30","guid":{"rendered":"https:\/\/grandepremio.com\/es\/2025\/06\/12\/horarios-y-transmisiones-24-horas-de-le-mans-wec-temporada-2025\/"},"modified":"2025-06-12T11:46:33","modified_gmt":"2025-06-12T14:46:33","slug":"horarios-y-transmisiones-24-horas-de-le-mans-wec-temporada-2025","status":"publish","type":"post","link":"https:\/\/grandepremio.com\/es\/resistencia\/horarios-y-transmisiones-24-horas-de-le-mans-wec-temporada-2025\/","title":{"rendered":"Horarios y Transmisiones de las 24 Horas de Le Mans, cuarta fecha del WEC 2025"},"content":{"rendered":"\n<p class=\"wp-block-paragraph\">Este fin de semana, se disputar\u00e1 la carrera de resistencia m\u00e1s importante del mundo y uno de los grandes eventos automovil\u00edsticos del a\u00f1o. En el <strong>Circuito de La Sarthe<\/strong>, se celebrar\u00e1 la edici\u00f3n 93 de las <strong>24 Horas de Le Mans<\/strong>, siendo adem\u00e1s la cuarta fecha de la Temporada 2025 del <strong>Campeonato Mundial de Resistencia<\/strong> <strong>(WEC).<\/strong><\/p>\n\n\n\n<p class=\"wp-block-paragraph\">\ud83d\udfe5&nbsp;<strong><em>\u00a1Todas las novedades te esperan en el canal de&nbsp;<\/em><\/strong><a href=\"https:\/\/www.youtube.com\/@GrandePremioES\"><em>YouTube<\/em><\/a><strong><em>&nbsp;de Grande Pr\u00eamio en Espa\u00f1ol!<\/em><\/strong>&nbsp;\ud83d\udfe8<\/p>\n\n\n\n<p class=\"wp-block-paragraph\">La edici\u00f3n 2024 de la m\u00edtica carrera francesa fue ganada por el <strong>Ferrari <\/strong>#50 operado por <strong>AF Corse<\/strong> y tripulado por <strong>Antonio Fuoco, Miguel Molina<\/strong> y <strong>Nicklas Nielsen<\/strong>, escoltados por el <strong>Toyota <\/strong>#7 de <strong>Kamui Kobayashi, Jos\u00e9 Mar\u00eda L\u00f3pez<\/strong> y <strong>Nyck de Vries<\/strong>, con el <strong>Ferrari <\/strong>#51 de <strong>James Calado, Antonio Giovinazzi<\/strong> y <strong>Alessandro Pier Guidi<\/strong> en tercera posici\u00f3n. <\/p>\n\n\n\n<p class=\"wp-block-paragraph\">En <strong>LMP2<\/strong> gan\u00f3 el prototipo #22 de United Autosports conducido por <strong>Bijoy Garg, Oliver Jarvis<\/strong> y <strong>Nolan Siegel<\/strong>, mientras que en <strong>LMGT3 <\/strong>venci\u00f3 el <strong>Porsche <\/strong>#91 de <strong>Manthey Racing<\/strong>, con <strong>Richard Lietz, Morris Schuring<\/strong> y <strong>Yasser Shahin<\/strong> como pilotos.<\/p>\n\n\n\n<p class=\"wp-block-paragraph\">\u23e9\u00a0<em><strong>\u00a1Seguinos en redes por\u00a0<\/strong><\/em><a href=\"https:\/\/twitter.com\/grandepremioES\"><em><u>Twitter\u00a0<\/u><\/em><\/a><em><strong>e\u00a0<\/strong><\/em><a href=\"https:\/\/www.instagram.com\/grandepremioes\/\"><em><u>Instagram!<br><\/u><\/em><\/a>\u23e9\u00a0<em><strong>Adem\u00e1s, tenemos nuestro\u00a0<\/strong><\/em><a href=\"https:\/\/whatsapp.com\/channel\/0029VaDZ5zb0gcfDxuwxBM05\"><em><u>canal de Whatsapp<\/u><\/em><\/a><em><strong>\u00a0con toda la informaci\u00f3n al instante<\/strong><\/em>\u00a0\ud83c\udfc1<\/p>\n\n\n\n<figure class=\"wp-block-image size-full\"><img decoding=\"async\" src=\"https:\/\/grandepremio.com\/es\/wp-content\/uploads\/..\/gp_br_uploads\/2025\/06\/DPPIPRODUCTION_00003442_0385-scaled.jpg\" alt=\"\" class=\"wp-image-343817\"\/><figcaption class=\"wp-element-caption\">Jos\u00e9 Mar\u00eda L\u00f3pez, ganador de las 24 Horas de Le Mans en 2021, correr\u00e1 con un Lexus en la clase LMGT3 (Foto: DPPI)<\/figcaption><\/figure>\n\n\n\n<p class=\"wp-block-paragraph\">La actividad en la edici\u00f3n 2025 comenz\u00f3 el domingo 8 de junio con los primeros test oficiales, continuando el mi\u00e9rcoles 11 con dos sesiones de entrenamientos libres y primera etapa de la clasificaci\u00f3n para todas las clases. El jueves se realizar\u00e1n la <strong>FP3 <\/strong>y <strong>FP4<\/strong>, adem\u00e1s de la <strong>Hyperpole<\/strong>. Finalmente, el s\u00e1bado 14 de junio se realizar\u00e1 el warm-up y el inicio de la competencia, que finalizar\u00e1 en la tarde del domingo, hora local.<\/p>\n\n\n\n<p class=\"wp-block-paragraph\"><strong>Estos ser\u00e1n los horarios de las 24 Horas de Le Mans de 2025 para Am\u00e9rica Latina y Espa\u00f1a<\/strong>:<\/p>\n\n\n\n<figure class=\"wp-block-table\"><table class=\"has-fixed-layout\"><tbody><tr><td>PA\u00cdS<\/td><td>FP1<\/td><td>QUALY<\/td><td>FP2<\/td><td>FP3<\/td><td>HYPERPOLE LMP2 y LMGT3<\/td><td>HYPERPOLE HYPERCAR<\/td><td>FP4<\/td><td>WARM-UP<\/td><td>CARRERA<\/td><td>TRANSMISI\u00d3N<\/td><\/tr><tr><td>CRC\/HON\/ESA\/MEX<\/td><td>06:00<\/td><td>10:45<\/td><td>14:00<\/td><td>06:45<\/td><td>10:00<\/td><td>11:05<\/td><td>15:00<\/td><td>7:48<\/td><td>6:00<\/td><td>DirecTV Sports\/Fox Sports<\/td><\/tr><tr><td>COL\/PER\/EC<\/td><td>07:00<\/td><td>11:45<\/td><td>15:00<\/td><td>07:45<\/td><td>11:00<\/td><td>12:05<\/td><td>16:00<\/td><td>8:48<\/td><td>7:00<\/td><td>DirecTV Sports<\/td><\/tr><tr><td>VEN\/BO\/CH<\/td><td>08:00<\/td><td>12:45<\/td><td>16:00<\/td><td>08:45<\/td><td>12:00<\/td><td>13:05<\/td><td>17:45<\/td><td>9:48<\/td><td>8:00<\/td><td>DirecTV Sports<\/td><\/tr><tr><td>ARG\/URU\/PAR<\/td><td>09:00<\/td><td>13:45<\/td><td>17:00<\/td><td>09:45<\/td><td>13:00<\/td><td>14:05<\/td><td>18:00<\/td><td>10:48<\/td><td>9:00<\/td><td>DirecTV Sports<\/td><\/tr><tr><td>ESP<\/td><td>14:00<\/td><td>18:45<\/td><td>22:00<\/td><td>14:45<\/td><td>20:00<\/td><td>21:00<\/td><td>23:00<\/td><td>12:00<\/td><td>16:00<\/td><td>Max\/Eurosport<\/td><\/tr><\/tbody><\/table><\/figure>\n\n\n\n<figure class=\"wp-block-embed is-type-video is-provider-youtube wp-block-embed-youtube wp-embed-aspect-16-9 wp-has-aspect-ratio\"><div class=\"wp-block-embed__wrapper\">\n<iframe loading=\"lazy\" title=\"CADILLAC SE APROXIMA A SU DEBUT EN F1 2026 Y EST\u00c1 CERCA DE DEFINIR A SUS PILOTOS\" width=\"500\" height=\"281\" src=\"https:\/\/www.youtube.com\/embed\/8KSF9FS_n0w?feature=oembed\" frameborder=\"0\" allow=\"accelerometer; autoplay; clipboard-write; encrypted-media; gyroscope; picture-in-picture; web-share\" referrerpolicy=\"strict-origin-when-cross-origin\" allowfullscreen><\/iframe>\n<\/div><\/figure>\n","protected":false},"excerpt":{"rendered":"<p>Horarios y Transmisiones de la edici\u00f3n 2025 de las 24 Horas de Le Mans, que tendr\u00e1n la participaci\u00f3n de los argentinos Jos\u00e9 Mar\u00eda L\u00f3pez y Nicol\u00e1s Varrone<\/p>\n","protected":false},"author":0,"featured_media":1010343832,"comment_status":"closed","ping_status":"closed","sticky":false,"template":"","format":"standard","meta":{"42wp_featured_image_caption":"","42wp_featured_image_credits":"","42wp_featured_video":"","42wp_featured_image_hidden":false,"42wp_authors_list":[],"footnotes":""},"categories":[19],"tags":[320,12480,10831,1488,1553,5561,5382,308,11668,10427,311,6906],"42wp_author":[14239],"class_list":["post-7008","post","type-post","status-publish","format-standard","has-post-thumbnail","hentry","category-resistencia","tag-24-horas-de-le-mans","tag-24-horas-de-le-mans-2025","tag-asp-team","tag-grande-premio","tag-jose-maria-lopez","tag-lexus","tag-nicolas-varrone","tag-porsche","tag-proton-competition","tag-temporada-2025-wec","tag-wec","tag-wec-2025","42wp_author-jp-otrosky"],"_links":{"self":[{"href":"https:\/\/grandepremio.com\/es\/wp-json\/wp\/v2\/posts\/7008","targetHints":{"allow":["GET"]}}],"collection":[{"href":"https:\/\/grandepremio.com\/es\/wp-json\/wp\/v2\/posts"}],"about":[{"href":"https:\/\/grandepremio.com\/es\/wp-json\/wp\/v2\/types\/post"}],"replies":[{"embeddable":true,"href":"https:\/\/grandepremio.com\/es\/wp-json\/wp\/v2\/comments?post=7008"}],"version-history":[{"count":0,"href":"https:\/\/grandepremio.com\/es\/wp-json\/wp\/v2\/posts\/7008\/revisions"}],"wp:featuredmedia":[{"embeddable":true,"href":"https:\/\/grandepremio.com\/es\/wp-json\/wp\/v2\/media\/1010343832"}],"wp:attachment":[{"href":"https:\/\/grandepremio.com\/es\/wp-json\/wp\/v2\/media?parent=7008"}],"wp:term":[{"taxonomy":"category","embeddable":true,"href":"https:\/\/grandepremio.com\/es\/wp-json\/wp\/v2\/categories?post=7008"},{"taxonomy":"post_tag","embeddable":true,"href":"https:\/\/grandepremio.com\/es\/wp-json\/wp\/v2\/tags?post=7008"},{"taxonomy":"42wp_author","embeddable":true,"href":"https:\/\/grandepremio.com\/es\/wp-json\/wp\/v2\/42wp_author?post=7008"}],"curies":[{"name":"wp","href":"https:\/\/api.w.org\/{rel}","templated":true}]}}