{"id":7030,"date":"2025-06-11T09:13:24","date_gmt":"2025-06-11T12:13:24","guid":{"rendered":"https:\/\/grandepremio.com\/es\/2025\/06\/11\/fom-rechazo-propuesta-evento-lanzamiento-f1-temporada-2026\/"},"modified":"2025-06-11T09:13:27","modified_gmt":"2025-06-11T12:13:27","slug":"fom-rechazo-propuesta-evento-lanzamiento-f1-temporada-2026","status":"publish","type":"post","link":"https:\/\/grandepremio.com\/es\/f1\/fom-rechazo-propuesta-evento-lanzamiento-f1-temporada-2026\/","title":{"rendered":"F1 descarta repetir la presentaci\u00f3n colectiva de los equipos en la temporada 2026"},"content":{"rendered":"\n<p class=\"wp-block-paragraph\">Para celebrar los 75 a\u00f1os de la categor\u00eda, la <strong>F\u00f3rmula 1<\/strong> organiz\u00f3 el <strong>F175 Live<\/strong>, un evento en <strong>Londres <\/strong>para que todos los equipos presentaran el coche de la temporada 2025. Y aunque fue un \u00e9xito, complaciendo a los aficionados y patrocinadores, una publicaci\u00f3n de la revista inglesa <em>Autosport <\/em>afirm\u00f3 que el evento no se repetir\u00e1 el a\u00f1o que viene. <\/p>\n\n\n\n<p class=\"wp-block-paragraph\">\ud83d\udfe5&nbsp;<strong><em>\u00a1Todas las novedades te esperan en el canal de&nbsp;<\/em><\/strong><a href=\"https:\/\/www.youtube.com\/@GrandePremioES\"><em>YouTube<\/em><\/a><strong><em>&nbsp;de Grande Pr\u00eamio en Espa\u00f1ol!<\/em><\/strong>&nbsp;\ud83d\udfe8<\/p>\n\n\n\n<p class=\"wp-block-paragraph\">Seg\u00fan la investigaci\u00f3n, la decisi\u00f3n parti\u00f3 de la propia <strong>FOM<\/strong>, titular de los derechos comerciales, que incluso pretende repetir el espect\u00e1culo en el futuro, pero en fechas especiales.<\/p>\n\n\n\n<p class=\"wp-block-paragraph\">Por primera vez en la historia, la <strong>F\u00f3rmula 1<\/strong> reuni\u00f3 a todos los equipos de la parrilla para realizar un lanzamiento colectivo y presentar el coche de la temporada 2025 en un solo evento. En a\u00f1os anteriores, cada equipo realizaba su propio lanzamiento de forma individual, de la manera que consideraba m\u00e1s conveniente.<\/p>\n\n\n\n<p class=\"wp-block-paragraph\">La ceremonia, que tambi\u00e9n cont\u00f3 con la presencia de varias personalidades del deporte, fue un \u00e9xito de visibilidad. La <strong>F\u00f3rmula 1<\/strong> registr\u00f3 un pico de audiencia de 1,1 millones de espectadores simult\u00e1neos en <strong>YouTube<\/strong>, con 7,5 millones de espectadores en total en varias plataformas. Y aunque esto fue positivo para todas las partes, la categor\u00eda no repetir\u00e1 la haza\u00f1a en 2026.<\/p>\n\n\n\n<p class=\"wp-block-paragraph\">\u23e9\u00a0<em><strong>\u00a1Seguinos en redes por\u00a0<\/strong><\/em><a href=\"https:\/\/twitter.com\/grandepremioES\"><em><u>Twitter\u00a0<\/u><\/em><\/a><em><strong>e\u00a0<\/strong><\/em><a href=\"https:\/\/www.instagram.com\/grandepremioes\/\"><em><u>Instagram!<br><\/u><\/em><\/a>\u23e9\u00a0<em><strong>Adem\u00e1s, tenemos nuestro\u00a0<\/strong><\/em><a href=\"https:\/\/whatsapp.com\/channel\/0029VaDZ5zb0gcfDxuwxBM05\"><em><u>canal de Whatsapp<\/u><\/em><\/a><em><strong>\u00a0con toda la informaci\u00f3n al instante<\/strong><\/em>\u00a0\ud83c\udfc1<\/p>\n\n\n\n<figure class=\"wp-block-image size-large\"><img decoding=\"async\" src=\"https:\/\/grandepremio.com\/es\/wp-content\/uploads\/2025\/06\/Grid-F175-1200x799-1-1024x682.jpeg\" alt=\"\" class=\"wp-image-343642\"\/><figcaption class=\"wp-element-caption\">La F1 present\u00f3 la temporada 2025 con un gran evento en Londres (Foto: F1)<\/figcaption><\/figure>\n\n\n\n<p class=\"wp-block-paragraph\">La <strong>F\u00f3rmula 1<\/strong> entiende que, dado que el evento se celebr\u00f3 para conmemorar el 75 aniversario, no hay motivo para celebrar una nueva ceremonia cada a\u00f1o. Sin embargo, el plan es hacer algo similar en el futuro, pero solo en fechas conmemorativas.<\/p>\n\n\n\n<p class=\"wp-block-paragraph\">Otro factor que ha alejado a la <strong>F\u00f3rmula 1<\/strong> de un nuevo lanzamiento colectivo es el reglamento t\u00e9cnico de 2026, que contar\u00e1 con coches y motores completamente nuevos. Con la novedad a la vuelta de la esquina, todos los equipos se est\u00e1n preparando para tres sesiones distintas de pretemporada de tres d\u00edas cada una en <strong>Barcelona<\/strong> y <strong>Bahrein<\/strong>, a diferencia de la \u00fanica prueba que se celebr\u00f3 en <strong>Sakhir <\/strong>este a\u00f1o.<\/p>\n\n\n\n<p class=\"wp-block-paragraph\">El lanzamiento colectivo en una fase de transici\u00f3n podr\u00eda ser una distracci\u00f3n y, tras consultar a todos los equipos, se ha decidido que el evento no se repetir\u00e1 en 2026.<\/p>\n\n\n\n<p class=\"wp-block-paragraph\">La&nbsp;<strong>F\u00f3rmula 1<\/strong>&nbsp;regresa del 13 al 15 de junio en&nbsp;<strong>Montreal&nbsp;<\/strong>para disputar el&nbsp;<strong>Gran Premio de Canad\u00e1<\/strong>, d\u00e9cima fecha de la&nbsp;<strong>temporada 2025<\/strong>.<\/p>\n\n\n\n<figure class=\"wp-block-embed is-type-video is-provider-youtube wp-block-embed-youtube wp-embed-aspect-16-9 wp-has-aspect-ratio\"><div class=\"wp-block-embed__wrapper\">\n<iframe loading=\"lazy\" title=\"CADILLAC SE APROXIMA A SU DEBUT EN F1 2026 Y EST\u00c1 CERCA DE DEFINIR A SUS PILOTOS\" width=\"500\" height=\"281\" src=\"https:\/\/www.youtube.com\/embed\/8KSF9FS_n0w?feature=oembed\" frameborder=\"0\" allow=\"accelerometer; autoplay; clipboard-write; encrypted-media; gyroscope; picture-in-picture; web-share\" referrerpolicy=\"strict-origin-when-cross-origin\" allowfullscreen><\/iframe>\n<\/div><\/figure>\n","protected":false},"excerpt":{"rendered":"<p>La F\u00f3rmula 1 decidi\u00f3 no celebrar un nuevo evento de lanzamiento colectivo en 2026, pero est\u00e1 estudiando la posibilidad de celebrar nuevas ceremonias en el futuro.<\/p>\n","protected":false},"author":0,"featured_media":1010343644,"comment_status":"closed","ping_status":"closed","sticky":false,"template":"","format":"standard","meta":{"42wp_featured_image_caption":"","42wp_featured_image_credits":"","42wp_featured_video":"","42wp_featured_image_hidden":false,"42wp_authors_list":[],"footnotes":""},"categories":[5],"tags":[181,1710,1680,7251,179,8059,2429,1488,624,9647,4010],"42wp_author":[14239],"class_list":["post-7030","post","type-post","status-publish","format-standard","has-post-thumbnail","hentry","category-f1","tag-f1","tag-f1-2025","tag-f1-2026","tag-fom","tag-formula-1","tag-formula-1-2025","tag-formula-1-2026","tag-grande-premio","tag-liberty-media","tag-temporada-2025-f1","tag-temporada-2026-f1","42wp_author-jp-otrosky"],"_links":{"self":[{"href":"https:\/\/grandepremio.com\/es\/wp-json\/wp\/v2\/posts\/7030","targetHints":{"allow":["GET"]}}],"collection":[{"href":"https:\/\/grandepremio.com\/es\/wp-json\/wp\/v2\/posts"}],"about":[{"href":"https:\/\/grandepremio.com\/es\/wp-json\/wp\/v2\/types\/post"}],"replies":[{"embeddable":true,"href":"https:\/\/grandepremio.com\/es\/wp-json\/wp\/v2\/comments?post=7030"}],"version-history":[{"count":0,"href":"https:\/\/grandepremio.com\/es\/wp-json\/wp\/v2\/posts\/7030\/revisions"}],"wp:featuredmedia":[{"embeddable":true,"href":"https:\/\/grandepremio.com\/es\/wp-json\/wp\/v2\/media\/1010343644"}],"wp:attachment":[{"href":"https:\/\/grandepremio.com\/es\/wp-json\/wp\/v2\/media?parent=7030"}],"wp:term":[{"taxonomy":"category","embeddable":true,"href":"https:\/\/grandepremio.com\/es\/wp-json\/wp\/v2\/categories?post=7030"},{"taxonomy":"post_tag","embeddable":true,"href":"https:\/\/grandepremio.com\/es\/wp-json\/wp\/v2\/tags?post=7030"},{"taxonomy":"42wp_author","embeddable":true,"href":"https:\/\/grandepremio.com\/es\/wp-json\/wp\/v2\/42wp_author?post=7030"}],"curies":[{"name":"wp","href":"https:\/\/api.w.org\/{rel}","templated":true}]}}