{"id":7044,"date":"2025-06-10T09:25:43","date_gmt":"2025-06-10T12:25:43","guid":{"rendered":"https:\/\/grandepremio.com\/es\/2025\/06\/10\/red-bull-pedido-superlicencia-arvid-lindblad-f1-2025\/"},"modified":"2025-06-10T10:53:27","modified_gmt":"2025-06-10T13:53:27","slug":"red-bull-pedido-superlicencia-arvid-lindblad-f1-2025","status":"publish","type":"post","link":"https:\/\/grandepremio.com\/es\/f1\/red-bull-pedido-superlicencia-arvid-lindblad-f1-2025\/","title":{"rendered":"FIA acepta la solicitud de Red Bull y concede la superlicencia a Lindblad a los 17 a\u00f1os"},"content":{"rendered":"\n<p class=\"wp-block-paragraph\">La <strong>Federaci\u00f3n Internacional del Automovilismo (FIA)<\/strong> acept\u00f3 la solicitud de <strong>Red Bull<\/strong> y concedi\u00f3 la superlicencia a <strong>Arvid Lindblad<\/strong> a los 17 a\u00f1os de edad. La decisi\u00f3n se tom\u00f3 tras un an\u00e1lisis durante la reuni\u00f3n del <strong>Consejo Mundial del Automovilismo<\/strong> celebrada este martes en <strong>Macao<\/strong>.<\/p>\n\n\n\n<p class=\"wp-block-paragraph\">\ud83d\udfe5&nbsp;<strong><em>\u00a1Todas las novedades te esperan en el canal de&nbsp;<\/em><\/strong><a href=\"https:\/\/www.youtube.com\/@GrandePremioES\"><em>YouTube<\/em><\/a><strong><em>&nbsp;de Grande Pr\u00eamio en Espa\u00f1ol!<\/em><\/strong>&nbsp;\ud83d\udfe8<\/p>\n\n\n\n<p class=\"wp-block-paragraph\">Se trata de una excepci\u00f3n, ya que el reglamento establece que el piloto debe tener al menos 18 a\u00f1os para recibir la licencia. En el caso de <strong>Lindblad<\/strong>, que ya cuenta con los 40 puntos requeridos, la mayor\u00eda de edad no llegar\u00e1 hasta el 8 de agosto, despu\u00e9s del <strong>Gran Premio de Hungr\u00eda<\/strong>.<\/p>\n\n\n\n<p class=\"wp-block-paragraph\">\u00abLa <strong>FIA <\/strong>recibi\u00f3 una solicitud para conceder la superlicencia a <strong>Arvid Lindblad<\/strong> antes de su 18.\u00ba cumplea\u00f1os. Tras considerar la informaci\u00f3n presentada en apoyo de dicha solicitud, el <strong>Consejo Mundial<\/strong> concluy\u00f3 que el piloto ha demostrado recientemente de forma consistente una capacidad y madurez excepcionales en competiciones de f\u00f3rmula en monoplazas y, por lo tanto, aprob\u00f3 la solicitud\u00bb, dice el texto emitido por la federaci\u00f3n.<\/p>\n\n\n\n<p class=\"wp-block-paragraph\">La solicitud de<strong> Red Bull <\/strong>se realiz\u00f3 a principios de a\u00f1o y fue confirmada por el asesor <strong>Helmut Marko<\/strong>. Sin embargo, no hab\u00eda prisa por analizarla, pero la situaci\u00f3n cambi\u00f3 debido al riesgo de suspensi\u00f3n de <strong>Max Verstappen,<\/strong> que lleg\u00f3 al <strong>Gran Premio de Espa\u00f1a<\/strong> con 11 puntos en su carnet, de un l\u00edmite de 12 que obligan al piloto a quedarse fuera de una carrera.<\/p>\n\n\n\n<p class=\"wp-block-paragraph\">El tetracampe\u00f3n tendr\u00e1 que pasar indemne por los GPs de <strong>Canad\u00e1 <\/strong>y <strong>Austria<\/strong> hasta que expiren los dos primeros puntos. Y si eso ocurre, tendr\u00e1 que comportarse hasta <strong>M\u00e9xico<\/strong>, en octubre, para no correr de nuevo el riesgo de ser suspendido.<\/p>\n\n\n\n<p class=\"wp-block-paragraph\">\u23e9&nbsp;<em><strong>\u00a1Seguinos en redes por&nbsp;<\/strong><\/em><a href=\"https:\/\/twitter.com\/grandepremioES\"><em><u>Twitter&nbsp;<\/u><\/em><\/a><em><strong>e&nbsp;<\/strong><\/em><a href=\"https:\/\/www.instagram.com\/grandepremioes\/\"><em><u>Instagram!<br><\/u><\/em><\/a>\u23e9&nbsp;<em><strong>Adem\u00e1s, tenemos nuestro&nbsp;<\/strong><\/em><a href=\"https:\/\/whatsapp.com\/channel\/0029VaDZ5zb0gcfDxuwxBM05\"><em><u>canal de Whatsapp<\/u><\/em><\/a><em><strong>&nbsp;con toda la informaci\u00f3n al instante<\/strong><\/em>&nbsp;\ud83c\udfc1<\/p>\n\n\n\n<figure class=\"wp-block-image size-large\"><img decoding=\"async\" src=\"https:\/\/grandepremio.com\/es\/wp-content\/uploads\/2025\/06\/Arvid-Lindblad-Espanha-F2-2025-1-1024x683.jpg\" alt=\"\" class=\"wp-image-343511\"\/><figcaption class=\"wp-element-caption\">Arvid Lindblad ya cuenta con dos victorias en su temporada debut en F2 (Foto: F2)<\/figcaption><\/figure>\n\n\n\n<p class=\"wp-block-paragraph\">Aunque cuenta con <strong>Ayumu Iwasa<\/strong> como reserva inmediato, los toros han decidido ampliar el abanico de opciones, en caso de que <strong>Verstappen <\/strong>sea realmente expulsado de un GP. Una de las opciones m\u00e1s viables ser\u00eda dar una oportunidad a <strong>Isack Hadjar<\/strong>, que est\u00e1 destacando en <strong>Racing Bulls<\/strong> tanto en las clasificaciones como en las carreras, en algunos fines de semana incluso mejor que <strong>Yuki Tsunoda.<\/strong><\/p>\n\n\n\n<p class=\"wp-block-paragraph\">Ascender a <strong>Hadjar <\/strong>dejar\u00eda un asiento libre en el equipo B, y ah\u00ed es donde <strong>Red Bull<\/strong> podr\u00eda acelerar la adaptaci\u00f3n de <strong>Lindblad<\/strong> a la <strong>F\u00f3rmula 1<\/strong>. Pero aunque no tenga que suplir la ausencia de <strong>Verstappen<\/strong>, el pase ya le libera para participar en los entrenamientos libres de las pr\u00f3ximas etapas.<\/p>\n\n\n\n<p class=\"wp-block-paragraph\">El a\u00f1o pasado se a\u00f1adi\u00f3 una cl\u00e1usula adicional al <strong>C\u00f3digo Deportivo Internacional<\/strong>, que permite a los pilotos de 17 a\u00f1os obtener la autorizaci\u00f3n si demuestran un talento excepcional. La medida, por cierto, pas\u00f3 a conocerse informalmente como la \u00abcl\u00e1usula <strong>Antonelli<\/strong>\u00bb, ya que se cre\u00f3 para facilitar la preparaci\u00f3n del prodigio de <strong>Mercedes<\/strong>, aunque su llegada a la <strong>F1 <\/strong>no se produjo hasta que cumpli\u00f3 los 18 a\u00f1os.<\/p>\n\n\n\n<p class=\"wp-block-paragraph\">La&nbsp;<strong>F\u00f3rmula 1<\/strong>&nbsp;regresa del 13 al 15 de junio en&nbsp;<strong>Montreal&nbsp;<\/strong>para disputar el&nbsp;<strong>Gran Premio de Canad\u00e1<\/strong>, d\u00e9cima fecha de la&nbsp;<strong>temporada 2025<\/strong>.<\/p>\n\n\n\n<figure class=\"wp-block-embed is-type-video is-provider-youtube wp-block-embed-youtube wp-embed-aspect-16-9 wp-has-aspect-ratio\"><div class=\"wp-block-embed__wrapper\">\n<iframe loading=\"lazy\" title=\"CADILLAC SE APROXIMA A SU DEBUT EN F1 2026 Y EST\u00c1 CERCA DE DEFINIR A SUS PILOTOS\" width=\"500\" height=\"281\" src=\"https:\/\/www.youtube.com\/embed\/8KSF9FS_n0w?feature=oembed\" frameborder=\"0\" allow=\"accelerometer; autoplay; clipboard-write; encrypted-media; gyroscope; picture-in-picture; web-share\" referrerpolicy=\"strict-origin-when-cross-origin\" allowfullscreen><\/iframe>\n<\/div><\/figure>\n","protected":false},"excerpt":{"rendered":"<p>La Federaci\u00f3n Internacional del Automovilismo confirm\u00f3 la superlicencia a Arvid Lindblad, piloto de la academia Red Bull que cumplir\u00e1 18 a\u00f1os el pr\u00f3ximo 8 de agosto.<\/p>\n","protected":false},"author":0,"featured_media":1010335240,"comment_status":"closed","ping_status":"closed","sticky":false,"template":"","format":"standard","meta":{"42wp_featured_image_caption":"","42wp_featured_image_credits":"","42wp_featured_video":"","42wp_featured_image_hidden":false,"42wp_authors_list":[],"footnotes":""},"categories":[5],"tags":[7053,281,181,1710,257,10319,179,8059,9487,1488,206,9647,10318],"42wp_author":[14239],"class_list":["post-7044","post","type-post","status-publish","format-standard","has-post-thumbnail","hentry","category-f1","tag-arvid-lindblad","tag-campos-racing","tag-f1","tag-f1-2025","tag-f2","tag-f2-2025","tag-formula-1","tag-formula-1-2025","tag-formula-2-2025","tag-grande-premio","tag-red-bull","tag-temporada-2025-f1","tag-temporada-2025-f2","42wp_author-jp-otrosky"],"_links":{"self":[{"href":"https:\/\/grandepremio.com\/es\/wp-json\/wp\/v2\/posts\/7044","targetHints":{"allow":["GET"]}}],"collection":[{"href":"https:\/\/grandepremio.com\/es\/wp-json\/wp\/v2\/posts"}],"about":[{"href":"https:\/\/grandepremio.com\/es\/wp-json\/wp\/v2\/types\/post"}],"replies":[{"embeddable":true,"href":"https:\/\/grandepremio.com\/es\/wp-json\/wp\/v2\/comments?post=7044"}],"version-history":[{"count":0,"href":"https:\/\/grandepremio.com\/es\/wp-json\/wp\/v2\/posts\/7044\/revisions"}],"wp:featuredmedia":[{"embeddable":true,"href":"https:\/\/grandepremio.com\/es\/wp-json\/wp\/v2\/media\/1010335240"}],"wp:attachment":[{"href":"https:\/\/grandepremio.com\/es\/wp-json\/wp\/v2\/media?parent=7044"}],"wp:term":[{"taxonomy":"category","embeddable":true,"href":"https:\/\/grandepremio.com\/es\/wp-json\/wp\/v2\/categories?post=7044"},{"taxonomy":"post_tag","embeddable":true,"href":"https:\/\/grandepremio.com\/es\/wp-json\/wp\/v2\/tags?post=7044"},{"taxonomy":"42wp_author","embeddable":true,"href":"https:\/\/grandepremio.com\/es\/wp-json\/wp\/v2\/42wp_author?post=7044"}],"curies":[{"name":"wp","href":"https:\/\/api.w.org\/{rel}","templated":true}]}}