{"id":7055,"date":"2025-06-09T14:14:23","date_gmt":"2025-06-09T17:14:23","guid":{"rendered":"https:\/\/grandepremio.com\/es\/2025\/06\/09\/gp-canada-aleja-posibilidad-lluvia-caos-2024\/"},"modified":"2025-06-09T14:14:28","modified_gmt":"2025-06-09T17:14:28","slug":"gp-canada-aleja-posibilidad-lluvia-caos-2024","status":"publish","type":"post","link":"https:\/\/grandepremio.com\/es\/f1\/gp-canada-aleja-posibilidad-lluvia-caos-2024\/","title":{"rendered":"El GP de Canad\u00e1 da un giro y aleja la posibilidad de que la lluvia cause caos como en 2024"},"content":{"rendered":"\n<p class=\"wp-block-paragraph\">La <strong>F\u00f3rmula 1<\/strong> tiene muy en cuenta cada paso y casa situaci\u00f3n que ocurre alrededor de una carrera, como es, en este caso particular, el <strong>GP de Canad\u00e1<\/strong>. La edici\u00f3n del a\u00f1o pasado no ser\u00e1 recordada como la mejor, sobre todo por fallos estructurales y log\u00edsticos, que comprometieron severamente a la organizaci\u00f3n.<\/p>\n\n\n\n<p class=\"wp-block-paragraph\">Ante esto, los organizadores quieren pasar p\u00e1gina de lo sucedido y han prometido una mejor experiencia para los fan\u00e1ticos, equipos y pilotos. Hay que recordar que las lluvias inundaron las zonas de hospitalities, boxes de la transmisi\u00f3n y parte del paddock, adem\u00e1s de barro en los accesos al <strong>Circuit Gilles Villeneuve<\/strong>. Por otro lado, la comunicaci\u00f3n entre los organizadores y la polic\u00eda local tambi\u00e9n fall\u00f3, y los aficionados y los miembros de los equipos sufrieron largos retrasos para acceder al aut\u00f3dromo.<br><strong><br>\u201cSe puede decir con seguridad que hemos dado un giro completo con respecto al a\u00f1o pasado\u201d<\/strong>, afirm\u00f3 <strong>Sandrine Garneau<\/strong>, directora de operaciones del GP de Canad\u00e1, en una entrevista con la cadena canadiense <em>CTV News<\/em>. La funcionaria dijo que se invirti\u00f3 en un renovado edificio de boxes para evitar goteras por las lluvias. <br><br><strong>\u201cEl parque ha invertido mucho tiempo y recursos para garantizar que el edificio sea ahora totalmente impermeable. Hemos realizado muchas pruebas en las \u00faltimas semanas\u201d<\/strong>, coment\u00f3. <\/p>\n\n\n\n<figure class=\"wp-block-embed is-type-video is-provider-youtube wp-block-embed-youtube wp-embed-aspect-16-9 wp-has-aspect-ratio\"><div class=\"wp-block-embed__wrapper\">\n<iframe loading=\"lazy\" title=\"LANCE STROLL, EN LA MIRA TRAS UN ESC\u00c1NDALO EN EL GP DE ESPA\u00d1A DE LA F1 2025\" width=\"500\" height=\"281\" src=\"https:\/\/www.youtube.com\/embed\/eaT5l0_jTTM?feature=oembed\" frameborder=\"0\" allow=\"accelerometer; autoplay; clipboard-write; encrypted-media; gyroscope; picture-in-picture; web-share\" referrerpolicy=\"strict-origin-when-cross-origin\" allowfullscreen><\/iframe>\n<\/div><\/figure>\n\n\n\n<p class=\"wp-block-paragraph\">De cara a la carrera de este a\u00f1o, se mejoraron las se\u00f1ales de localizaci\u00f3n de las tribunas y se aumentar\u00e1 la seguridad alrededor de la pista: <strong>\u201cAhora todo estar\u00e1 bajo control. No se transmitir\u00e1 ninguna orden durante el fin de semana sin estar sincronizada con la comunicaci\u00f3n oficial. Esto ya no volver\u00e1 a suceder\u201d,<\/strong> asegur\u00f3<strong> Veronique Doucet,<\/strong> directora general de la <em>Soci\u00e9t\u00e9 du parc Jean-Drapeau<\/em>, que administra el lugar.<br><br>Incluso la llamada <em>\u201dterrasse de Peel Street\u201d<\/em>, objeto de confusi\u00f3n en la edici\u00f3n anterior, fue revisada:<strong> &#8220;Al fin y al cabo, cualquier cosa que salga mal, dondequiera que ocurra, se asociar\u00e1 a nuestro evento<\/strong>&#8220;, se\u00f1al\u00f3 la funcionaria. Por \u00faltimo, cabe se\u00f1alar que los equipos no estacionar\u00e1n en el pasto y habr\u00e1 nuevas suites corporativas para recibir a los invitados de la <strong>F1 2025<\/strong>.<\/p>\n\n\n\n<p class=\"wp-block-paragraph\">\u23e9 <em><strong>\u00a1Seguinos en redes por <\/strong><\/em><a href=\"https:\/\/twitter.com\/grandepremioES\"><em><u>Twitter <\/u><\/em><\/a><em><strong>e <\/strong><\/em><a href=\"https:\/\/www.instagram.com\/grandepremioes\/\"><em><u>Instagram!<br><\/u><\/em><\/a>\u23e9 <em><strong>Adem\u00e1s, tenemos nuestro <\/strong><\/em><a href=\"https:\/\/whatsapp.com\/channel\/0029VaDZ5zb0gcfDxuwxBM05\"><em><u>canal de Whatsapp<\/u><\/em><\/a><em><strong> con toda la informaci\u00f3n al instante<\/strong><\/em> \ud83c\udfc1<\/p>\n\n\n\n<p class=\"wp-block-paragraph\">La F\u00f3rmula 1 vuelve del 13 al 15 de junio con el GP de Canad\u00e1, d\u00e9cima etapa de la temporada 2025, que tendr\u00e1 la cobertura de GRANDE PREMIO.<\/p>\n","protected":false},"excerpt":{"rendered":"<p>La organizaci\u00f3n canadiense afirma haber \u00abpasado p\u00e1gina\u00bb tras las duras cr\u00edticas sobre la<br \/>\nestructura del Gran Premio de F\u00f3rmula 1 de 2024. Fallos en la hospitalidad, inundaciones y acceso al circuito marcaron negativamente a los promotores del evento.<\/p>\n","protected":false},"author":0,"featured_media":1010343410,"comment_status":"closed","ping_status":"closed","sticky":false,"template":"","format":"standard","meta":{"42wp_featured_image_caption":"","42wp_featured_image_credits":"","42wp_featured_video":"","42wp_featured_image_hidden":false,"42wp_authors_list":[],"footnotes":""},"categories":[5],"tags":[10410,1710,179,1298,12469,12470],"42wp_author":[14237],"class_list":["post-7055","post","type-post","status-publish","format-standard","has-post-thumbnail","hentry","category-f1","tag-circuit-gilles-villeneuve","tag-f1-2025","tag-formula-1","tag-gp-de-canada","tag-sandrine-garneau","tag-veronique-doucet","42wp_author-gabriel-garcia"],"_links":{"self":[{"href":"https:\/\/grandepremio.com\/es\/wp-json\/wp\/v2\/posts\/7055","targetHints":{"allow":["GET"]}}],"collection":[{"href":"https:\/\/grandepremio.com\/es\/wp-json\/wp\/v2\/posts"}],"about":[{"href":"https:\/\/grandepremio.com\/es\/wp-json\/wp\/v2\/types\/post"}],"replies":[{"embeddable":true,"href":"https:\/\/grandepremio.com\/es\/wp-json\/wp\/v2\/comments?post=7055"}],"version-history":[{"count":0,"href":"https:\/\/grandepremio.com\/es\/wp-json\/wp\/v2\/posts\/7055\/revisions"}],"wp:featuredmedia":[{"embeddable":true,"href":"https:\/\/grandepremio.com\/es\/wp-json\/wp\/v2\/media\/1010343410"}],"wp:attachment":[{"href":"https:\/\/grandepremio.com\/es\/wp-json\/wp\/v2\/media?parent=7055"}],"wp:term":[{"taxonomy":"category","embeddable":true,"href":"https:\/\/grandepremio.com\/es\/wp-json\/wp\/v2\/categories?post=7055"},{"taxonomy":"post_tag","embeddable":true,"href":"https:\/\/grandepremio.com\/es\/wp-json\/wp\/v2\/tags?post=7055"},{"taxonomy":"42wp_author","embeddable":true,"href":"https:\/\/grandepremio.com\/es\/wp-json\/wp\/v2\/42wp_author?post=7055"}],"curies":[{"name":"wp","href":"https:\/\/api.w.org\/{rel}","templated":true}]}}