{"id":7065,"date":"2025-06-08T14:20:57","date_gmt":"2025-06-08T17:20:57","guid":{"rendered":"https:\/\/grandepremio.com\/es\/2025\/06\/08\/marc-marquez-celebra-perfecto-aragon-motogp-2025\/"},"modified":"2025-06-08T14:21:00","modified_gmt":"2025-06-08T17:21:00","slug":"marc-marquez-celebra-perfecto-aragon-motogp-2025","status":"publish","type":"post","link":"https:\/\/grandepremio.com\/es\/motogp\/marc-marquez-celebra-perfecto-aragon-motogp-2025\/","title":{"rendered":"Marc M\u00e1rquez celebra fin de semana perfecto en Arag\u00f3n: &#8220;No se pueden cometer errores&#8221;"},"content":{"rendered":"\n<p class=\"wp-block-paragraph\">Nadie pudo con<strong> Marc M\u00e1rquez<\/strong> en el fin de semana de <strong>MotoGP<\/strong> en el <strong>GP de Arag\u00f3n<\/strong>, al comandar cada sesi\u00f3n, algo que \u00e9l mismo hizo hace diez a\u00f1os en el GP de Alemania, cuando aun corr\u00eda con la <strong>Honda <\/strong>oficial. El piloto de <strong>Ducati <\/strong>celebr\u00f3 el triunfo, pero admiti\u00f3 que no se puede relajar en lo absoluto.<\/p>\n\n\n\n<p class=\"wp-block-paragraph\">\ud83d\udfe5&nbsp;<strong><em>\u00a1Todas las novedades te esperan en el canal de&nbsp;<\/em><\/strong><a href=\"https:\/\/www.youtube.com\/@GrandePremioES\"><em>YouTube<\/em><\/a><strong><em>&nbsp;de Grande Pr\u00eamio en Espa\u00f1ol!<\/em><\/strong>&nbsp;\ud83d\udfe8<\/p>\n\n\n\n<p class=\"wp-block-paragraph\">A diferencia de lo visto en la carrera sprint ayer, M\u00e1rquez no flaque\u00f3 ante sus rivales, tuvo una buena salida y lider\u00f3 la carrera de principio a fin. Tras la carrera, el l\u00edder del campeonato del <strong>Mundial de Motociclismo<\/strong> analiz\u00f3 su rendimiento en el <strong>Motorland<\/strong>.<br><br><strong>\u201cEstaba muy concentrado, intentamos tener un fin de semana perfecto y lo conseguimos. Aqu\u00ed no se pueden cometer errores y nosotros no cometimos ninguno. A seis vueltas del final, entr\u00e9 en un bucle. Mentalmente, ni siquiera sab\u00eda en qu\u00e9 curva estaba y, para concentrarme, decid\u00ed esforzarme un poco m\u00e1s\u201d,<\/strong> analiz\u00f3 M\u00e1rquez.<\/p>\n\n\n\n<figure class=\"wp-block-embed is-type-video is-provider-youtube wp-block-embed-youtube wp-embed-aspect-16-9 wp-has-aspect-ratio\"><div class=\"wp-block-embed__wrapper\">\n<iframe loading=\"lazy\" title=\"LANCE STROLL, EN LA MIRA TRAS UN ESC\u00c1NDALO EN EL GP DE ESPA\u00d1A DE LA F1 2025\" width=\"500\" height=\"281\" src=\"https:\/\/www.youtube.com\/embed\/eaT5l0_jTTM?feature=oembed\" frameborder=\"0\" allow=\"accelerometer; autoplay; clipboard-write; encrypted-media; gyroscope; picture-in-picture; web-share\" referrerpolicy=\"strict-origin-when-cross-origin\" allowfullscreen><\/iframe>\n<\/div><\/figure>\n\n\n\n<p class=\"wp-block-paragraph\"><strong>\u201cSi quiero ganar este Mundial, no puedo fallar en circuitos que me sean favorables. El a\u00f1o pasado fue un triunfo inesperado, que lleg\u00f3 despu\u00e9s de mucho tiempo. Hoy, sin embargo, ha sido diferente\u201d<\/strong>, celebr\u00f3.<\/p>\n\n\n\n<p class=\"wp-block-paragraph\">\u23e9 <em><strong>\u00a1Seguinos en redes por <\/strong><\/em><a href=\"https:\/\/twitter.com\/grandepremioES\"><em><u>Twitter <\/u><\/em><\/a><em><strong>e <\/strong><\/em><a href=\"https:\/\/www.instagram.com\/grandepremioes\/\"><em><u>Instagram!<br><\/u><\/em><\/a>\u23e9 <em><strong>Adem\u00e1s, tenemos nuestro <\/strong><\/em><a href=\"https:\/\/whatsapp.com\/channel\/0029VaDZ5zb0gcfDxuwxBM05\"><em><u>canal de Whatsapp<\/u><\/em><\/a><em><strong> con toda la informaci\u00f3n al instante<\/strong><\/em> \ud83c\udfc1<br><br>MotoGP vuelve a la acci\u00f3n entre el 20 y el 22 de junio con el GP de Italia en Mugello, la novena prueba de la temporada 2025. GRANDE PR\u00caMIO ofrece cobertura completa del evento.<\/p>\n","protected":false},"excerpt":{"rendered":"<p>La quinta victoria de la temporada de Marc M\u00e1rquez lleg\u00f3 sin sustos y el piloto espa\u00f1ol de Ducati celebr\u00f3 la haza\u00f1a y dijo que cree que, para ser campe\u00f3n de MotoGP, no puede flaquear en circuitos que le sean favorables.<\/p>\n","protected":false},"author":0,"featured_media":1010343298,"comment_status":"closed","ping_status":"closed","sticky":false,"template":"","format":"standard","meta":{"42wp_featured_image_caption":"","42wp_featured_image_credits":"","42wp_featured_video":"","42wp_featured_image_hidden":false,"42wp_authors_list":[],"footnotes":""},"categories":[8],"tags":[1340,1571,221,1392,1293,1596,1764],"42wp_author":[14237],"class_list":["post-7065","post","type-post","status-publish","format-standard","has-post-thumbnail","hentry","category-motogp","tag-ducati","tag-gp-de-aragon","tag-honda","tag-marc-marquez-2","tag-motogp","tag-motorland","tag-mundial-de-motociclismo","42wp_author-gabriel-garcia"],"_links":{"self":[{"href":"https:\/\/grandepremio.com\/es\/wp-json\/wp\/v2\/posts\/7065","targetHints":{"allow":["GET"]}}],"collection":[{"href":"https:\/\/grandepremio.com\/es\/wp-json\/wp\/v2\/posts"}],"about":[{"href":"https:\/\/grandepremio.com\/es\/wp-json\/wp\/v2\/types\/post"}],"replies":[{"embeddable":true,"href":"https:\/\/grandepremio.com\/es\/wp-json\/wp\/v2\/comments?post=7065"}],"version-history":[{"count":0,"href":"https:\/\/grandepremio.com\/es\/wp-json\/wp\/v2\/posts\/7065\/revisions"}],"wp:featuredmedia":[{"embeddable":true,"href":"https:\/\/grandepremio.com\/es\/wp-json\/wp\/v2\/media\/1010343298"}],"wp:attachment":[{"href":"https:\/\/grandepremio.com\/es\/wp-json\/wp\/v2\/media?parent=7065"}],"wp:term":[{"taxonomy":"category","embeddable":true,"href":"https:\/\/grandepremio.com\/es\/wp-json\/wp\/v2\/categories?post=7065"},{"taxonomy":"post_tag","embeddable":true,"href":"https:\/\/grandepremio.com\/es\/wp-json\/wp\/v2\/tags?post=7065"},{"taxonomy":"42wp_author","embeddable":true,"href":"https:\/\/grandepremio.com\/es\/wp-json\/wp\/v2\/42wp_author?post=7065"}],"curies":[{"name":"wp","href":"https:\/\/api.w.org\/{rel}","templated":true}]}}