{"id":7078,"date":"2025-06-07T12:49:42","date_gmt":"2025-06-07T15:49:42","guid":{"rendered":"https:\/\/grandepremio.com\/es\/2025\/06\/07\/alpine-inicia-conversaciones-steve-nielsen-director-f1-2025\/"},"modified":"2025-06-07T12:49:46","modified_gmt":"2025-06-07T15:49:46","slug":"alpine-inicia-conversaciones-steve-nielsen-director-f1-2025","status":"publish","type":"post","link":"https:\/\/grandepremio.com\/es\/f1\/alpine-inicia-conversaciones-steve-nielsen-director-f1-2025\/","title":{"rendered":"Alpine inicia conversaciones con Steve Nielsen para asumir el cargo de director de F1"},"content":{"rendered":"\n<p class=\"wp-block-paragraph\"><strong>Flavio Briatore<\/strong> volvi\u00f3 a la<strong> F\u00f3rmula 1<\/strong> por un llamado del CEO de Renault, <strong>Luca de Meo<\/strong>, y, desde entonces, ha sido asesor de <strong>Alpine<\/strong>&#8230;hasta la renuncia de <strong>Oliver Oakes<\/strong>, que lo hizo volver a su viejo cargo de las \u00e9pocas de <strong>Benetton<\/strong> y <strong>Renault<\/strong>. Sin embargo, el locuaz empresario no quiere mantenerse al frente del equipo.<\/p>\n\n\n\n<p class=\"wp-block-paragraph\">\ud83d\udfe5&nbsp;<strong><em>\u00a1Todas las novedades te esperan en el canal de&nbsp;<\/em><\/strong><a href=\"https:\/\/www.youtube.com\/@GrandePremioES\"><em>YouTube<\/em><\/a><strong><em>&nbsp;de Grande Pr\u00eamio en Espa\u00f1ol!<\/em><\/strong>&nbsp;\ud83d\udfe8<\/p>\n\n\n\n<p class=\"wp-block-paragraph\">Por esto, es que se buscan alternativas para el reemplazo de Oakes y, de acuerdo con <em>PlanetF1<\/em>, ya tendr\u00edan un nombre: el de <strong>Steve Nielsen<\/strong>, que es consultor en la <strong>F1 2025<\/strong> y ya trabaj\u00f3 con Briatore en la \u00e9poca de Benetton. El citado medio consign\u00f3 que ya tuvieron conversaciones en el GP de Espa\u00f1a y se espera que las mismas puedan avanzar de manera positiva.<\/p>\n\n\n\n<p class=\"wp-block-paragraph\">Nielsen no ser\u00eda el jefe como tal, sino un rol m\u00e1s directivo, similar al de <strong>Alessandro Alunni Bravi<\/strong> en <strong>Sauber<\/strong>, hasta que llegaron Mattia Binotto y Jonathan Wheatley para iniciar la transici\u00f3n hacia Audi en 2026. De 60 a\u00f1os, Steve ocupa su actual cargo desde principios del a\u00f1o pasado luego de haber sido durante 11 meses director deportivo en la <strong>Federaci\u00f3n Internacional del Autom\u00f3vil<\/strong> (FIA). Antes de eso, ocup\u00f3 el mismo puesto, pero en la F1, durante poco m\u00e1s de cinco a\u00f1os.<\/p>\n\n\n\n<figure class=\"wp-block-embed is-type-video is-provider-youtube wp-block-embed-youtube wp-embed-aspect-16-9 wp-has-aspect-ratio\"><div class=\"wp-block-embed__wrapper\">\n<iframe loading=\"lazy\" title=\"LANCE STROLL, EN LA MIRA TRAS UN ESC\u00c1NDALO EN EL GP DE ESPA\u00d1A DE LA F1 2025\" width=\"500\" height=\"281\" src=\"https:\/\/www.youtube.com\/embed\/eaT5l0_jTTM?feature=oembed\" frameborder=\"0\" allow=\"accelerometer; autoplay; clipboard-write; encrypted-media; gyroscope; picture-in-picture; web-share\" referrerpolicy=\"strict-origin-when-cross-origin\" allowfullscreen><\/iframe>\n<\/div><\/figure>\n\n\n\n<p class=\"wp-block-paragraph\">Briatore valora la experiencia de Nielsen en la categor\u00eda, y no es para menos, ya que empez\u00f3 en Lotus, en 1986, luego pas\u00f3 por Tyrrell como subdirector del equipo, y ya con el italiano en la sede de Enstone, con un paso en el medio por <strong>Honda <\/strong>y Arrows. Luego, sigui\u00f3 con Renault hasta 2012, cuando se incorpor\u00f3 a Caterham como director deportivo, en 2013 se incorpor\u00f3 a Toro Rosso y a <strong>Williams <\/strong>como director deportivo a finales de 2014.<\/p>\n\n\n\n<p class=\"wp-block-paragraph\">Para ser nombrado director de equipo, Alpine debe obtener la aprobaci\u00f3n de la FIA para el nombramiento de Nielsen. Los directores de los dem\u00e1s equipos, as\u00ed como los directores deportivos, los directores t\u00e9cnicos, los jefes de equipo y los ingenieros de carrera senior, necesitan la aprobaci\u00f3n del organismo rector del deporte.<\/p>\n\n\n\n<p class=\"wp-block-paragraph\">Durante el <strong>GP de Espa\u00f1a<\/strong>, Briatore habl\u00f3 sobre la b\u00fasqueda de un nombre para dirigir el equipo de Enstone: <strong>\u201cEstamos buscando. Por ahora, nada ha cambiado. Sinceramente, lo siento por Oliver, porque ten\u00eda una muy buena relaci\u00f3n con \u00e9l. Era un buen jefe de equipo. Todos saben que, por motivos personales, dej\u00f3 Alpine y renunci\u00f3. No queremos cometer errores. Estoy dispuesto a tomarme un descanso. Pero, cuando decidamos qui\u00e9n ser\u00e1 el nuevo jefe del equipo, lo haremos saber\u201d.<\/strong><\/p>\n\n\n\n<p class=\"wp-block-paragraph\">\u23e9 <em><strong>\u00a1Seguinos en redes por <\/strong><\/em><a href=\"https:\/\/twitter.com\/grandepremioES\"><em><u>Twitter <\/u><\/em><\/a><em><strong>e <\/strong><\/em><a href=\"https:\/\/www.instagram.com\/grandepremioes\/\"><em><u>Instagram!<br><\/u><\/em><\/a>\u23e9 <em><strong>Adem\u00e1s, tenemos nuestro <\/strong><\/em><a href=\"https:\/\/whatsapp.com\/channel\/0029VaDZ5zb0gcfDxuwxBM05\"><em><u>canal de Whatsapp<\/u><\/em><\/a><em><strong> con toda la informaci\u00f3n al instante<\/strong><\/em> \ud83c\udfc1<br><br>La F\u00f3rmula 1 vuelve del 13 al 15 de junio con el GP de Canad\u00e1, d\u00e9cima etapa de la temporada 2025, que tendr\u00e1 la cobertura de GRANDE PREMIO.<\/p>\n","protected":false},"excerpt":{"rendered":"<p>Alpine ha iniciado conversaciones con Steve Nielsen, actualmente consultor de F\u00f3rmula 1, para asumir el cargo de director de equipo, luego de haber sido empleado de la FIA y ya trabaj\u00f3 con Flavio Briatore en Benetton y Renault.<\/p>\n","protected":false},"author":0,"featured_media":1010343100,"comment_status":"closed","ping_status":"closed","sticky":false,"template":"","format":"standard","meta":{"42wp_featured_image_caption":"","42wp_featured_image_credits":"","42wp_featured_video":"","42wp_featured_image_hidden":false,"42wp_authors_list":[],"footnotes":""},"categories":[5],"tags":[5303,678,818,1710,2537,2326,179,588,221,683,10593,210,497,1860,204],"42wp_author":[14237],"class_list":["post-7078","post","type-post","status-publish","format-standard","has-post-thumbnail","hentry","category-f1","tag-alessandro-alunni-bravi","tag-alpine","tag-benetton","tag-f1-2025","tag-federacion-internacional-del-automovil","tag-flavio-briatore","tag-formula-1","tag-gp-de-espana","tag-honda","tag-luca-de-meo","tag-oliver-oakes","tag-renault","tag-sauber","tag-steve-nielsen","tag-williams","42wp_author-gabriel-garcia"],"_links":{"self":[{"href":"https:\/\/grandepremio.com\/es\/wp-json\/wp\/v2\/posts\/7078","targetHints":{"allow":["GET"]}}],"collection":[{"href":"https:\/\/grandepremio.com\/es\/wp-json\/wp\/v2\/posts"}],"about":[{"href":"https:\/\/grandepremio.com\/es\/wp-json\/wp\/v2\/types\/post"}],"replies":[{"embeddable":true,"href":"https:\/\/grandepremio.com\/es\/wp-json\/wp\/v2\/comments?post=7078"}],"version-history":[{"count":0,"href":"https:\/\/grandepremio.com\/es\/wp-json\/wp\/v2\/posts\/7078\/revisions"}],"wp:featuredmedia":[{"embeddable":true,"href":"https:\/\/grandepremio.com\/es\/wp-json\/wp\/v2\/media\/1010343100"}],"wp:attachment":[{"href":"https:\/\/grandepremio.com\/es\/wp-json\/wp\/v2\/media?parent=7078"}],"wp:term":[{"taxonomy":"category","embeddable":true,"href":"https:\/\/grandepremio.com\/es\/wp-json\/wp\/v2\/categories?post=7078"},{"taxonomy":"post_tag","embeddable":true,"href":"https:\/\/grandepremio.com\/es\/wp-json\/wp\/v2\/tags?post=7078"},{"taxonomy":"42wp_author","embeddable":true,"href":"https:\/\/grandepremio.com\/es\/wp-json\/wp\/v2\/42wp_author?post=7078"}],"curies":[{"name":"wp","href":"https:\/\/api.w.org\/{rel}","templated":true}]}}