{"id":7110,"date":"2025-06-05T11:16:41","date_gmt":"2025-06-05T14:16:41","guid":{"rendered":"https:\/\/grandepremio.com\/es\/2025\/06\/05\/palou-ve-momento-errado-vuelve-rechazar-a-f1\/"},"modified":"2025-06-05T11:16:44","modified_gmt":"2025-06-05T14:16:44","slug":"palou-ve-momento-errado-vuelve-rechazar-a-f1","status":"publish","type":"post","link":"https:\/\/grandepremio.com\/es\/indy\/palou-ve-momento-errado-vuelve-rechazar-a-f1\/","title":{"rendered":"Palou ve \u00abmomento errado\u00bb y vuelve a rechazar a la F1: \u00abQuiero luchar por t\u00edtulos\u00bb"},"content":{"rendered":"\n<p class=\"wp-block-paragraph\">Buscando el tetracampeonato de la Indy y ganador de las <strong>500 Millas de Indian\u00e1polis<\/strong>, <strong>\u00c1lex Palou<\/strong>, como se suele decir, ha \u00abreseteado el juego\u00bb en la categor\u00eda de monoplazas estadounidense. Por estas y otras razones, el espa\u00f1ol ha sido objeto de preguntas sobre un posible paso a la <strong>F\u00f3rmula 1<\/strong>, que el piloto de <strong>Ganassi<\/strong> ha rechazado. A sus 28 a\u00f1os, ha se\u00f1alado que no quiere pasarse \u00abtres o cuatro a\u00f1os\u00bb sin opciones de ganar.<\/p>\n\n\n\n<p class=\"wp-block-paragraph\">En una entrevista concedida a la revista alemana <em>Auto Motor und Sport<\/em>, el espa\u00f1ol elogi\u00f3 la competici\u00f3n de la Indy y planea seguir escribiendo historia en <strong>Estados Unidos<\/strong>. A pesar de abandonar el <strong>GP de Detroit<\/strong> del pasado domingo tras ser golpeado por <strong>David Malukas<\/strong> y lanzado contra la barrera de neum\u00e1ticos, el espa\u00f1ol tiene una amplia ventaja de 90 puntos sobre el segundo clasificado, <strong>Pato O&#8217;Ward<\/strong>, lo que allana el camino para que el piloto de Ganassi gane otro t\u00edtulo, el cuarto.<\/p>\n\n\n\n<p class=\"wp-block-paragraph\">\ud83d\udfe5&nbsp;<strong><em>\u00a1Todas las novedades te esperan en el canal de&nbsp;<\/em><\/strong><a href=\"https:\/\/www.youtube.com\/@GrandePremioES\"><em>YouTube<\/em><\/a><strong><em>&nbsp;de Grande Pr\u00eamio en Espa\u00f1ol!<\/em><\/strong>&nbsp;\ud83d\udfe8<\/p>\n\n\n\n<figure class=\"wp-block-embed is-type-video is-provider-youtube wp-block-embed-youtube wp-embed-aspect-16-9 wp-has-aspect-ratio\"><div class=\"wp-block-embed__wrapper\">\n<iframe loading=\"lazy\" title=\"LOS PORQU\u00c9S DE LA DIF\u00cdCIL ADAPTACI\u00d3N DE COLAPINTO EN ALPINE\" width=\"500\" height=\"281\" src=\"https:\/\/www.youtube.com\/embed\/jLo3dkuIFrQ?feature=oembed\" frameborder=\"0\" allow=\"accelerometer; autoplay; clipboard-write; encrypted-media; gyroscope; picture-in-picture; web-share\" referrerpolicy=\"strict-origin-when-cross-origin\" allowfullscreen><\/iframe>\n<\/div><\/figure>\n\n\n\n<p class=\"wp-block-paragraph\">\u00abEn realidad, ninguna [pregunta sobre ir a la F1] me preocupa. No hay ning\u00fan sitio en el que me gustar\u00eda estar m\u00e1s que aqu\u00ed. En Indy tengo un equipo excepcional y la oportunidad de construir algo grande. Hemos tenido un comienzo de temporada fant\u00e1stico, pero siempre hace falta el primer entrenamiento [de cada ronda] para saber d\u00f3nde estamos [en t\u00e9rminos de parrilla]. Me gusta esta incertidumbre, provocada por el gran equilibrio\u00bb, coment\u00f3.<\/p>\n\n\n\n<p class=\"wp-block-paragraph\">Palou se acord\u00f3 de dos declaraciones de los jefes de equipo de la F1. <strong>James Vowles<\/strong>, director de <strong>Williams<\/strong>, dijo que el espa\u00f1ol es \u00abmuy r\u00e1pido\u00bb, pero que necesitar\u00eda al menos un a\u00f1o de pruebas, mientras que <strong>Fr\u00e9d\u00e9ric Vasseur<\/strong>, jefe de <strong>Ferrari<\/strong>, afirm\u00f3 que el tricampe\u00f3n de la Indy se olvid\u00f3 de \u00e9l cuando fue a Estados Unidos. Preguntado por si podr\u00eda re\u00edrse de todo ello como ganador de las 500 Millas de Indian\u00e1polis, Palou dijo que s\u00ed, pero rechaz\u00f3 la posibilidad de cambiar de categor\u00eda.<\/p>\n\n\n\n<p class=\"wp-block-paragraph\">\u00ab\u00a1Claro que s\u00ed! Para ser claros: me encanta la F1 y siempre ha sido un sue\u00f1o. Pero en este momento, el momento no es el adecuado. \u00bfPor qu\u00e9 perder tres o cuatro a\u00f1os en un equipo que no puede ganar? Eso no es lo que yo entiendo por pilotar. Quiero luchar por victorias -especialmente en las 500 Millas de Indian\u00e1polis- y campeonatos. S\u00f3lo as\u00ed ser\u00e9 feliz\u00bb, coment\u00f3 Palou.<\/p>\n\n\n\n<figure class=\"wp-block-image size-large\"><img decoding=\"async\" src=\"https:\/\/grandepremio.com\/es\/wp-content\/uploads\/2025\/06\/Palou-1536x1536-1-1024x1024.jpeg\" alt=\"\" class=\"wp-image-342601\"\/><figcaption class=\"wp-element-caption\">\u00c1lex Palou fue piloto de pruebas de McLaren en 2022. (Foto: Reproducci\u00f3n)<\/figcaption><\/figure>\n\n\n\n<p class=\"wp-block-paragraph\">\u23e9\u00a0<strong><em>\u00a1Seguinos en redes por\u00a0<\/em><\/strong><a href=\"https:\/\/twitter.com\/grandepremioES\"><em>Twitter\u00a0<\/em><\/a><strong><em>e\u00a0<\/em><\/strong><a href=\"https:\/\/www.instagram.com\/grandepremioes\/\"><em>Instagram!<br><\/em><\/a>\u23e9\u00a0<strong><em>Adem\u00e1s, tenemos nuestro\u00a0<\/em><\/strong><a href=\"https:\/\/whatsapp.com\/channel\/0029VaDZ5zb0gcfDxuwxBM05\"><em>canal de Whatsapp<\/em><\/a><strong><em>\u00a0con toda la informaci\u00f3n al instante<\/em><\/strong>\u00a0\ud83c\udfc1<\/p>\n\n\n\n<p class=\"wp-block-paragraph\">Palou estuvo m\u00e1s cerca de la F1 en <strong>2022<\/strong>, cuando firm\u00f3 un contrato con <strong>McLaren<\/strong> a pesar de tener un acuerdo vigente con Ganassi. El espa\u00f1ol empez\u00f3 como reserva y ser\u00eda titular en el equipo de <strong>Woking<\/strong> en Indy. Tras llegar a un acuerdo entre las partes, el piloto permaneci\u00f3 con Ganassi y realiz\u00f3 algunas pruebas para McLaren, como la FP1 del <strong>Gran Premio de Estados Unidos<\/strong> de ese a\u00f1o. Su experiencia en la categor\u00eda m\u00e1s popular del planeta lleg\u00f3 a su fin en <strong>2023<\/strong>, cuando rechaz\u00f3 su contrato con <strong>Zak Brown<\/strong> y se uni\u00f3 al equipo de <strong>Chip Ganassi<\/strong>.<\/p>\n\n\n\n<p class=\"wp-block-paragraph\">\u00abLa vida sigue [despu\u00e9s de hacer una sola FP1 para McLaren]. La discusi\u00f3n viene de los aficionados. Yo lo sigo con mucha calma, como un espectador de F1\u00bb, concluy\u00f3.<\/p>\n\n\n\n<p class=\"wp-block-paragraph\">La <strong>Indy<\/strong> regresa en dos semanas con la ronda en el \u00f3valo de <strong>Gateway<\/strong>, situado en <strong>Madison<\/strong>, <strong>Illinois<\/strong>.<\/p>\n","protected":false},"excerpt":{"rendered":"<p>\u00c1lex Palou elogi\u00f3 a Indy y asegur\u00f3 que pasar\u00eda \u00abtres o cuatro a\u00f1os\u00bb en un equipo que no le dar\u00eda la oportunidad de competir por victorias en la F1.<\/p>\n","protected":false},"author":0,"featured_media":1010340191,"comment_status":"closed","ping_status":"closed","sticky":false,"template":"","format":"standard","meta":{"42wp_featured_image_caption":"","42wp_featured_image_credits":"","42wp_featured_video":"","42wp_featured_image_hidden":false,"42wp_authors_list":[],"footnotes":""},"categories":[7],"tags":[598,1667,1668,179,987,925,2295,619,269,328],"42wp_author":[14240],"class_list":["post-7110","post","type-post","status-publish","format-standard","has-post-thumbnail","hentry","category-indy","tag-500-millas-de-indianapolis","tag-alex-palou-2","tag-chip-ganassi","tag-formula-1","tag-ganassi","tag-indy","tag-indy-2024","tag-indy-500","tag-mclaren","tag-zak-brown","42wp_author-ignacio-bogado"],"_links":{"self":[{"href":"https:\/\/grandepremio.com\/es\/wp-json\/wp\/v2\/posts\/7110","targetHints":{"allow":["GET"]}}],"collection":[{"href":"https:\/\/grandepremio.com\/es\/wp-json\/wp\/v2\/posts"}],"about":[{"href":"https:\/\/grandepremio.com\/es\/wp-json\/wp\/v2\/types\/post"}],"replies":[{"embeddable":true,"href":"https:\/\/grandepremio.com\/es\/wp-json\/wp\/v2\/comments?post=7110"}],"version-history":[{"count":0,"href":"https:\/\/grandepremio.com\/es\/wp-json\/wp\/v2\/posts\/7110\/revisions"}],"wp:featuredmedia":[{"embeddable":true,"href":"https:\/\/grandepremio.com\/es\/wp-json\/wp\/v2\/media\/1010340191"}],"wp:attachment":[{"href":"https:\/\/grandepremio.com\/es\/wp-json\/wp\/v2\/media?parent=7110"}],"wp:term":[{"taxonomy":"category","embeddable":true,"href":"https:\/\/grandepremio.com\/es\/wp-json\/wp\/v2\/categories?post=7110"},{"taxonomy":"post_tag","embeddable":true,"href":"https:\/\/grandepremio.com\/es\/wp-json\/wp\/v2\/tags?post=7110"},{"taxonomy":"42wp_author","embeddable":true,"href":"https:\/\/grandepremio.com\/es\/wp-json\/wp\/v2\/42wp_author?post=7110"}],"curies":[{"name":"wp","href":"https:\/\/api.w.org\/{rel}","templated":true}]}}